{"id":221168,"date":"2019-10-28T22:03:14","date_gmt":"2019-10-28T19:03:14","guid":{"rendered":"http:\/\/www.tvturk.com\/index.php\/moldovanin-yeni-teknik-direktoru-engin-firat\/"},"modified":"2019-10-28T22:03:14","modified_gmt":"2019-10-28T19:03:14","slug":"moldovanin-yeni-teknik-direktoru-engin-firat","status":"publish","type":"post","link":"http:\/\/www.tvturk.com\/index.php\/moldovanin-yeni-teknik-direktoru-engin-firat\/","title":{"rendered":"Moldova\u2019n\u0131n yeni Teknik Direkt\u00f6r\u00fc Engin F\u0131rat"},"content":{"rendered":"<p>Teknik Direkt\u00f6r Engin F\u0131rat, Moldova Milli Tak\u0131m\u0131\u2019n\u0131n ba\u015f\u0131na ge\u00e7ti.<\/p>\n<p>Teknik Direkt\u00f6r Engin F\u0131rat, Moldova Milli Tak\u0131m\u0131\u2019n\u0131n ba\u015f\u0131na ge\u00e7ti. Engin F\u0131rat, bug\u00fcn yap\u0131lan g\u00f6r\u00fc\u015fmeler sonras\u0131nda Moldova Futbol Federasyonu Ba\u015fkan\u0131 Leonid Oleinicenco\u2019nin de kat\u0131ld\u0131\u011f\u0131 t\u00f6ren ile imzay\u0131 att\u0131. F\u0131rat, 2020 UEFA Avrupa Futbol \u015eampiyonas\u0131\u2019nda Moldava\u2019n\u0131n Fransa ve \u0130zlanda ile oynayaca\u011f\u0131 ma\u00e7larda tak\u0131m\u0131n ba\u015f\u0131nda olacak.<\/p>\n<p>Bu ma\u00e7lar\u0131n ard\u0131ndan Engin F\u0131rat ve Moldova Milli Tak\u0131m\u0131 y\u00f6netimi tekrar masaya oturacak.<\/p>\n","protected":false},"excerpt":{"rendered":"<p>TEKN\u0130K D\u0130REKT\u00d6R ENG\u0130N FIRAT, MOLDOVA M\u0130LL\u0130 TAKIMI&#8217;NIN BA\u015eINA GE\u00c7T\u0130.<\/p>\n","protected":false},"author":1,"featured_media":221169,"comment_status":"closed","ping_status":"open","sticky":false,"template":"","format":"standard","meta":{"jetpack_post_was_ever_published":false,"_jetpack_newsletter_access":"","_jetpack_dont_email_post_to_subs":false,"_jetpack_newsletter_tier_id":0,"_jetpack_memberships_contains_paywalled_content":false,"_jetpack_memberships_contains_paid_content":false,"footnotes":"","jetpack_publicize_message":"","jetpack_publicize_feature_enabled":true,"jetpack_social_post_already_shared":true,"jetpack_social_options":{"image_generator_settings":{"template":"highway","default_image_id":0,"font":"","enabled":false},"version":2}},"categories":[657],"tags":[10790,10231,2026,23802,2082,87],"class_list":["post-221168","post","type-post","status-publish","format-standard","has-post-thumbnail","hentry","category-spor","tag-direktoru","tag-engin","tag-firat","tag-moldovanin","tag-teknik","tag-yeni"],"jetpack_publicize_connections":[],"jetpack_featured_media_url":"https:\/\/i0.wp.com\/www.tvturk.com\/wp-content\/uploads\/2019\/10\/moldovanin-yeni-teknik-direktoru-engin-firat_d0e3bd5.jpg?fit=1000%2C849","jetpack_sharing_enabled":true,"jetpack_shortlink":"https:\/\/wp.me\/paKIfm-Vxe","_links":{"self":[{"href":"http:\/\/www.tvturk.com\/index.php\/wp-json\/wp\/v2\/posts\/221168","targetHints":{"allow":["GET"]}}],"collection":[{"href":"http:\/\/www.tvturk.com\/index.php\/wp-json\/wp\/v2\/posts"}],"about":[{"href":"http:\/\/www.tvturk.com\/index.php\/wp-json\/wp\/v2\/types\/post"}],"author":[{"embeddable":true,"href":"http:\/\/www.tvturk.com\/index.php\/wp-json\/wp\/v2\/users\/1"}],"replies":[{"embeddable":true,"href":"http:\/\/www.tvturk.com\/index.php\/wp-json\/wp\/v2\/comments?post=221168"}],"version-history":[{"count":0,"href":"http:\/\/www.tvturk.com\/index.php\/wp-json\/wp\/v2\/posts\/221168\/revisions"}],"wp:featuredmedia":[{"embeddable":true,"href":"http:\/\/www.tvturk.com\/index.php\/wp-json\/wp\/v2\/media\/221169"}],"wp:attachment":[{"href":"http:\/\/www.tvturk.com\/index.php\/wp-json\/wp\/v2\/media?parent=221168"}],"wp:term":[{"taxonomy":"category","embeddable":true,"href":"http:\/\/www.tvturk.com\/index.php\/wp-json\/wp\/v2\/categories?post=221168"},{"taxonomy":"post_tag","embeddable":true,"href":"http:\/\/www.tvturk.com\/index.php\/wp-json\/wp\/v2\/tags?post=221168"}],"curies":[{"name":"wp","href":"https:\/\/api.w.org\/{rel}","templated":true}]}}