{"id":221184,"date":"2019-10-28T22:46:54","date_gmt":"2019-10-28T19:46:54","guid":{"rendered":"http:\/\/www.tvturk.com\/index.php\/ilber-ortaylidan-izdiham-neden-olan-genclere-firca\/"},"modified":"2019-10-28T22:46:54","modified_gmt":"2019-10-28T19:46:54","slug":"ilber-ortaylidan-izdiham-neden-olan-genclere-firca","status":"publish","type":"post","link":"http:\/\/www.tvturk.com\/index.php\/ilber-ortaylidan-izdiham-neden-olan-genclere-firca\/","title":{"rendered":"\u0130lber Ortayl\u0131\u2019dan izdiham neden olan gen\u00e7lere f\u0131r\u00e7a"},"content":{"rendered":"<p>\u00dcsk\u00fcdar\u2019da \u00fcnl\u00fc tarih\u00e7i Prof. Dr. \u0130lber Ortayl\u0131\u2019n\u0131n konu\u015fmac\u0131 olarak kat\u0131ld\u0131\u011f\u0131 konferansta adeta izdiham ya\u015fand\u0131. \u0130\u00e7eri girmeye \u00e7al\u0131\u015fan gen\u00e7lere Ortayl\u0131, &#8220;\u00c7ocuklar hi\u00e7 fizik diye bir \u015fey okudunuz mu? Burada insanlar\u0131n \u00fcst \u00fcste mi oturmas\u0131n\u0131 istiyorsunuz&#8221; dedi.<\/p>\n<p>\u00dcnl\u00fc tarih\u00e7i Prof. Dr. \u0130lber Ortayl\u0131, 29 Cumhuriyet Bayram\u0131 etkinlikleri kapsam\u0131nda \u00dcsk\u00fcdar Belediyesinin d\u00fczenledi\u011fi \u201cD\u00fcnden Bug\u00fcne Cumhuriyet\u201d konulu konferansta konu\u015ftu. \u00dcsk\u00fcdar Nevmek\u00e2n Sahil\u2019de ger\u00e7ekle\u015fen konferansta izdiham ya\u015fand\u0131. Prof. Dr. \u0130lber Ortayl\u0131 izdihama neden olan gen\u00e7lere, &#8220;Ne oluyor orada problem nedir? Yo\u011funluk olmas\u0131 g\u00fcr\u00fclt\u00fc olmas\u0131n\u0131 gerektirmiyor ki&#8221; dedi.<\/p>\n<p>&#8220;Nereye alaca\u011f\u0131m, burada insanlar birbirini keser&#8221;<\/p>\n<p>&#8220;Ald\u0131r i\u00e7eri ald\u0131r i\u00e7eri&#8221; diye tezah\u00fcrat eden gen\u00e7lere Ortayl\u0131, &#8220;Nereye alaca\u011f\u0131m, burada insanlar birbirini keser. \u00c7ocuklar hi\u00e7 fizik diye bir \u015fey okudunuz mu? Burada insanlar\u0131n \u00fcst \u00fcste mi oturmas\u0131n\u0131 istiyorsunuz. \u0130stanbul\u2019da do\u011fru d\u00fczg\u00fcn konferans salonu, tiyatro, opera, klasik konser dinleyece\u011finiz bir tane anca var. \u015eimdi art\u0131k \u00e7ok rica ediyorum ya siz susun ya ben susay\u0131m&#8221; dedi.<\/p>\n<p>Prof. Dr. Ortayl\u0131, &#8220;\u0130stiklal Sava\u015f\u0131 bir hukuk sava\u015f\u0131d\u0131r. Bir organizasyondur\u201d diyerek sava\u015f ve Cumhuriyet\u2019in kurulu\u015fu hakk\u0131nda bilgi verdi.<\/p>\n","protected":false},"excerpt":{"rendered":"<p>\u00dcNL\u00dc TAR\u0130H\u00c7\u0130 PROF. DR. \u0130LBER ORTAYLI, 29 CUMHUR\u0130YET BAYRAMI ETK\u0130NL\u0130KLER\u0130 KAPSAMINDA \u00dcSK\u00dcDAR BELED\u0130YES\u0130N\u0130N D\u00dcZENLED\u0130\u011e\u0130 \u201cD\u00dcNDEN BUG\u00dcNE CUMHUR\u0130YET\u201d KONULU KONFERANSTA KONU\u015eTU.<\/p>\n","protected":false},"author":1,"featured_media":221185,"comment_status":"closed","ping_status":"open","sticky":false,"template":"","format":"standard","meta":{"jetpack_post_was_ever_published":false,"_jetpack_newsletter_access":"","_jetpack_dont_email_post_to_subs":false,"_jetpack_newsletter_tier_id":0,"_jetpack_memberships_contains_paywalled_content":false,"_jetpack_memberships_contains_paid_content":false,"footnotes":"","jetpack_publicize_message":"","jetpack_publicize_feature_enabled":true,"jetpack_social_post_already_shared":true,"jetpack_social_options":{"image_generator_settings":{"template":"highway","default_image_id":0,"font":"","enabled":false},"version":2}},"categories":[1],"tags":[20785,4624,21958,10308,1130,572,21959],"class_list":["post-221184","post","type-post","status-publish","format-standard","has-post-thumbnail","hentry","category-genel","tag-firca","tag-genclere","tag-ilber","tag-izdiham","tag-neden","tag-olan","tag-ortaylidan"],"jetpack_publicize_connections":[],"jetpack_featured_media_url":"https:\/\/i0.wp.com\/www.tvturk.com\/wp-content\/uploads\/2019\/10\/ilber-ortaylidan-izdiham-neden-olan-genclere-firca_8fc4880.jpg?fit=1000%2C666","jetpack_sharing_enabled":true,"jetpack_shortlink":"https:\/\/wp.me\/paKIfm-Vxu","_links":{"self":[{"href":"http:\/\/www.tvturk.com\/index.php\/wp-json\/wp\/v2\/posts\/221184","targetHints":{"allow":["GET"]}}],"collection":[{"href":"http:\/\/www.tvturk.com\/index.php\/wp-json\/wp\/v2\/posts"}],"about":[{"href":"http:\/\/www.tvturk.com\/index.php\/wp-json\/wp\/v2\/types\/post"}],"author":[{"embeddable":true,"href":"http:\/\/www.tvturk.com\/index.php\/wp-json\/wp\/v2\/users\/1"}],"replies":[{"embeddable":true,"href":"http:\/\/www.tvturk.com\/index.php\/wp-json\/wp\/v2\/comments?post=221184"}],"version-history":[{"count":0,"href":"http:\/\/www.tvturk.com\/index.php\/wp-json\/wp\/v2\/posts\/221184\/revisions"}],"wp:featuredmedia":[{"embeddable":true,"href":"http:\/\/www.tvturk.com\/index.php\/wp-json\/wp\/v2\/media\/221185"}],"wp:attachment":[{"href":"http:\/\/www.tvturk.com\/index.php\/wp-json\/wp\/v2\/media?parent=221184"}],"wp:term":[{"taxonomy":"category","embeddable":true,"href":"http:\/\/www.tvturk.com\/index.php\/wp-json\/wp\/v2\/categories?post=221184"},{"taxonomy":"post_tag","embeddable":true,"href":"http:\/\/www.tvturk.com\/index.php\/wp-json\/wp\/v2\/tags?post=221184"}],"curies":[{"name":"wp","href":"https:\/\/api.w.org\/{rel}","templated":true}]}}