{"id":221252,"date":"2019-10-29T11:16:42","date_gmt":"2019-10-29T08:16:42","guid":{"rendered":"http:\/\/www.tvturk.com\/index.php\/malatya-valiliginden-koylulerin-mera-kavgasi-ile-ilgili-aciklama\/"},"modified":"2019-10-29T11:16:42","modified_gmt":"2019-10-29T08:16:42","slug":"malatya-valiliginden-koylulerin-mera-kavgasi-ile-ilgili-aciklama","status":"publish","type":"post","link":"http:\/\/www.tvturk.com\/index.php\/malatya-valiliginden-koylulerin-mera-kavgasi-ile-ilgili-aciklama\/","title":{"rendered":"Malatya Valili\u011finden k\u00f6yl\u00fclerin mera kavgas\u0131 ile ilgili a\u00e7\u0131klama"},"content":{"rendered":"<p>Malatya ile Ad\u0131yaman s\u0131n\u0131r\u0131ndaki k\u00f6yl\u00fclerin mera kavgas\u0131 ile ilgili a\u00e7\u0131klama yapan Malaya Valili\u011fi, yap\u0131lan incelemede tart\u0131\u015fman\u0131n iki il aras\u0131nda s\u0131n\u0131r anla\u015fmazl\u0131\u011f\u0131 olu\u015fturacak mahiyette olmad\u0131\u011f\u0131n\u0131 belirtti. A\u00e7\u0131klamada ayr\u0131ca s\u00f6z konusu olay\u0131 bahane ederek vatanda\u015flar aras\u0131nda husumeti besleyen davran\u0131\u015f ve a\u00e7\u0131klamalarda bulunanlar hakk\u0131nda gerekli takibat\u0131n ba\u015flat\u0131laca\u011f\u0131n\u0131 ifade edildi.<\/p>\n<p>Malatya Valili\u011fi Bas\u0131n ve Halkla \u0130li\u015fkiler M\u00fcd\u00fcrl\u00fc\u011f\u00fcnden konuyla ilgili yap\u0131lan yaz\u0131l\u0131 a\u00e7\u0131klamada, 18 Ekim g\u00fcn\u00fc Malatya\u2019n\u0131n Ye\u015filyurt il\u00e7esine ba\u011fl\u0131 Kozluk Mahallesi\u2019nde Ye\u015filyurt Belediyesi ekipleri taraf\u0131ndan yap\u0131lan yol a\u00e7ma \u00e7al\u0131\u015fmalar\u0131 s\u0131ras\u0131nda Kozluk Mahallesi sakinleri ile Ad\u0131yaman\u2019\u0131n \u00c7elikhan il\u00e7esine ba\u011fl\u0131 \u00c7amp\u0131nar k\u00f6y\u00fc sakinleri aras\u0131nda yayla kullan\u0131m\u0131 anla\u015fmazl\u0131\u011f\u0131 nedeniyle tart\u0131\u015fma \u00e7\u0131kt\u0131\u011f\u0131 belirtildi. \u00c7\u0131kan tart\u0131\u015fma neticesinde 5 ki\u015finin darp sonucu yaraland\u0131\u011f\u0131 ve olayla ilgili 6 \u015f\u00fcpheli \u015fahs\u0131n g\u00f6zalt\u0131na al\u0131nd\u0131\u011f\u0131n\u0131n belirtildi\u011fi Valilik a\u00e7\u0131klamas\u0131nda, Malatya Cumhuriyet Ba\u015fsavc\u0131l\u0131\u011f\u0131 taraf\u0131ndan olayla ilgili soru\u015fturma ba\u015flat\u0131ld\u0131\u011f\u0131 ifade edildi. G\u00f6zalt\u0131na al\u0131nan \u015fah\u0131slar\u0131n serbest b\u0131rak\u0131ld\u0131\u011f\u0131 olayla ilgili jandarma ekiplerinin olay yeri ve \u00e7evresinde gerekli g\u00fcvenlik tedbirlerini almaya devam etti\u011fi belirtildi.<\/p>\n<p>A\u00e7\u0131klamada, Ye\u015filyurt Belediyesi taraf\u0131ndan yol \u00e7al\u0131\u015fmas\u0131 yap\u0131lan b\u00f6lgede Malatya Valili\u011fi teknik elemanlar\u0131nca yapt\u0131r\u0131lan \u00f6l\u00e7\u00fcm ve incelemeler sonucunda bahse konu alan\u0131n Ye\u015filyurt il\u00e7esi Kozluk Mahallesi s\u0131n\u0131rlar\u0131nda kald\u0131\u011f\u0131n\u0131n tespit edildi\u011fi belirtilerek, \u201cDolay\u0131s\u0131yla iki \u0130l aras\u0131nda s\u0131n\u0131r anla\u015fmazl\u0131\u011f\u0131 olu\u015fturacak mahiyette olmad\u0131\u011f\u0131 anla\u015f\u0131lm\u0131\u015ft\u0131r\u201d ifadelerine yer verildi.<\/p>\n<p>Malatya Valili\u011finden yap\u0131lan a\u00e7\u0131klama \u015f\u00f6yle devam etti:<\/p>\n<p>\u201cKozluk Mahallesi sakinleri ile \u00c7amp\u0131nar k\u00f6y\u00fc sakinleri aras\u0131nda meydana gelen ve sonras\u0131nda baz\u0131 \u015fah\u0131slar taraf\u0131ndan t\u0131rmand\u0131r\u0131lmak istenen gerginli\u011fin, \u00fclkemizin her zamandan fazla ihtiya\u00e7 duydu\u011fu huzur ve karde\u015flik ortam\u0131na zarar verdi\u011fi a\u00e7\u0131kt\u0131r. Bu nedenle, s\u00f6z konusu olay\u0131 bahane ederek vatanda\u015flar\u0131m\u0131z aras\u0131nda husumeti besleyen davran\u0131\u015f ve a\u00e7\u0131klamalarda bulunanlar hakk\u0131nda gerekli takibat yap\u0131lacakt\u0131r. Olay\u0131n s\u00fck\u00fbnet bulmas\u0131 i\u00e7in tart\u0131\u015fman\u0131n her iki taraf\u0131 ile g\u00f6r\u00fc\u015fmeler devam etmekte olup, konunun b\u00f6lgede ya\u015fayan vatanda\u015flar\u0131m\u0131z aras\u0131nda gerginli\u011fe neden olacak \u015fekilde kamuoyuna yans\u0131t\u0131lmas\u0131ndan uzak durulmas\u0131 gerekmektedir.\u201d<\/p>\n","protected":false},"excerpt":{"rendered":"<p>MALATYA-ADIYAMAN SINIRINDA K\u00d6YL\u00dcLER\u0130N MERA KAVGASI \u0130LE \u0130LG\u0130L\u0130 A\u00c7IKLAMA YAPAN MALAYA VAL\u0130L\u0130\u011e\u0130, YAPILAN \u0130NCELEMEDE TARTI\u015eMANIN \u0130K\u0130 \u0130L ARASINDA SINIR ANLA\u015eMAZLI\u011eI OLU\u015eTURACAK MAH\u0130YETTE OLMADI\u011eI BEL\u0130RT\u0130LD\u0130.<\/p>\n","protected":false},"author":1,"featured_media":221253,"comment_status":"closed","ping_status":"open","sticky":false,"template":"","format":"standard","meta":{"jetpack_post_was_ever_published":false,"_jetpack_newsletter_access":"","_jetpack_dont_email_post_to_subs":false,"_jetpack_newsletter_tier_id":0,"_jetpack_memberships_contains_paywalled_content":false,"_jetpack_memberships_contains_paid_content":false,"footnotes":"","jetpack_publicize_message":"","jetpack_publicize_feature_enabled":true,"jetpack_social_post_already_shared":true,"jetpack_social_options":{"image_generator_settings":{"template":"highway","default_image_id":0,"font":"","enabled":false},"version":2}},"categories":[1],"tags":[3349,192,3012,5401,5640,1751,8586,306],"class_list":["post-221252","post","type-post","status-publish","format-standard","has-post-thumbnail","hentry","category-genel","tag-aciklama","tag-ile","tag-ilgili","tag-kavgasi","tag-koylulerin","tag-malatya","tag-mera","tag-valiliginden"],"jetpack_publicize_connections":[],"jetpack_featured_media_url":"https:\/\/i0.wp.com\/www.tvturk.com\/wp-content\/uploads\/2019\/10\/malatya-valiliginden-koylulerin-mera-kavgasi-ile-ilgili-aciklama_e2054de.jpg?fit=1000%2C661","jetpack_sharing_enabled":true,"jetpack_shortlink":"https:\/\/wp.me\/paKIfm-VyA","_links":{"self":[{"href":"http:\/\/www.tvturk.com\/index.php\/wp-json\/wp\/v2\/posts\/221252","targetHints":{"allow":["GET"]}}],"collection":[{"href":"http:\/\/www.tvturk.com\/index.php\/wp-json\/wp\/v2\/posts"}],"about":[{"href":"http:\/\/www.tvturk.com\/index.php\/wp-json\/wp\/v2\/types\/post"}],"author":[{"embeddable":true,"href":"http:\/\/www.tvturk.com\/index.php\/wp-json\/wp\/v2\/users\/1"}],"replies":[{"embeddable":true,"href":"http:\/\/www.tvturk.com\/index.php\/wp-json\/wp\/v2\/comments?post=221252"}],"version-history":[{"count":0,"href":"http:\/\/www.tvturk.com\/index.php\/wp-json\/wp\/v2\/posts\/221252\/revisions"}],"wp:featuredmedia":[{"embeddable":true,"href":"http:\/\/www.tvturk.com\/index.php\/wp-json\/wp\/v2\/media\/221253"}],"wp:attachment":[{"href":"http:\/\/www.tvturk.com\/index.php\/wp-json\/wp\/v2\/media?parent=221252"}],"wp:term":[{"taxonomy":"category","embeddable":true,"href":"http:\/\/www.tvturk.com\/index.php\/wp-json\/wp\/v2\/categories?post=221252"},{"taxonomy":"post_tag","embeddable":true,"href":"http:\/\/www.tvturk.com\/index.php\/wp-json\/wp\/v2\/tags?post=221252"}],"curies":[{"name":"wp","href":"https:\/\/api.w.org\/{rel}","templated":true}]}}