{"id":221294,"date":"2019-10-29T12:47:38","date_gmt":"2019-10-29T09:47:38","guid":{"rendered":"http:\/\/www.tvturk.com\/index.php\/dogal-fotograf-platosu-safran-tarlalari\/"},"modified":"2019-10-29T12:47:38","modified_gmt":"2019-10-29T09:47:38","slug":"dogal-fotograf-platosu-safran-tarlalari","status":"publish","type":"post","link":"http:\/\/www.tvturk.com\/index.php\/dogal-fotograf-platosu-safran-tarlalari\/","title":{"rendered":"Do\u011fal foto\u011fraf platosu &#8220;safran tarlalar\u0131&#8221;"},"content":{"rendered":"<p>UNESCO D\u00fcnya Miras Listesi\u2019nde yer alan ve &#8220;en iyi korunan 20 kent&#8221; aras\u0131nda bulunan Karab\u00fck\u2019\u00fcn Safranbolu il\u00e7esiyle \u00f6zde\u015fle\u015fen safran bitkisi tarlalar\u0131, ziyaret\u00e7ilerin yan\u0131 s\u0131ra foto\u011fraf tutkunlar\u0131 i\u00e7in de plato g\u00f6revi g\u00f6r\u00fcyor.<\/p>\n<p>\u0130l\u00e7eye ba\u011fl\u0131 Yukar\u0131\u00e7iftlik k\u00f6y\u00fc Keten Mahallesi\u2019nde \u0130smail Y\u0131lmaz\u2019a ait 20 d\u00f6n\u00fcml\u00fck safran tarlalar\u0131 foto\u011fraf tutkunlar\u0131n\u0131n da vazge\u00e7ilmezi aras\u0131nda yer alarak, do\u011fal plato oldu. T\u00fcrkiye\u2019de son d\u00f6nemde foto\u011fraf tutkunlar\u0131 ile yerli ve yabanc\u0131 turistlerin u\u011frak yeri olan safran tarlalar\u0131, il\u00e7ede turizmin \u00f6nemli bir noktas\u0131 haline geldi.<\/p>\n<p>18 \u00e7ift\u00e7i taraf\u0131ndan 30 dekar alanda \u00fcretimi yap\u0131lan safran bitkisi, 30 bin lirada sat\u0131lmas\u0131 dolay\u0131s\u0131yla &#8220;d\u00fcnyan\u0131n en pahal\u0131 baharat\u0131&#8221; olarak adland\u0131r\u0131l\u0131yor. A\u011fustos ay\u0131nda ekimi yap\u0131lan ve ekim-kas\u0131m aylar\u0131nda hasad\u0131 yap\u0131lan, mor renkli ve ho\u015f kokulu \u00e7i\u00e7ekler a\u00e7arak 15-30 santimetre uzunlu\u011funa ula\u015fan safran; Osmanl\u0131 d\u00f6neminden kalma han, hamam, cami, \u00e7e\u015fme, konak ve k\u00f6pr\u00fc gibi tescilli yap\u0131lar\u0131yla k\u00fclt\u00fcr turizminin \u00f6nemli noktalar\u0131ndan olan Safranbolu turizme yeni bir destinasyon kazand\u0131rd\u0131.<\/p>\n<p>Safran tarlalar\u0131na ak\u0131n eden ziyaret\u00e7iler, bol bol foto\u011fraf \u00e7ektirirken, foto\u011fraf\u00e7\u0131lar da baz\u0131 materyaller kullanarak foto\u011fraf \u00e7ekimi yap\u0131yor.<\/p>\n<p>\u00c7ift\u00e7i \u0130smail Y\u0131lmaz, \u0130hlas Haber Ajans\u0131 muhabirine yapt\u0131\u011f\u0131 a\u00e7\u0131klamada, yo\u011fun bir ziyaret\u00e7i ilgisi oldu\u011funu s\u00f6yledi. Bir\u00e7ok insan\u0131n sadece foto\u011fraf \u00e7ektirmek i\u00e7in bile safran tarlas\u0131na geldi\u011fini ifade eden Y\u0131lmaz, &#8220;\u0130nsanlar safran tarlas\u0131n\u0131 g\u00f6r\u00fcp duyduk\u00e7a turlarla buraya geliyor. Hasat d\u00f6neminin ba\u015flamas\u0131n\u0131n ard\u0131nda T\u00fcrkiye ve d\u00fcnyan\u0131n bir\u00e7ok yerinden insan safran bitkisini g\u00f6rmeye geliyor. Burada \u00e7i\u00e7ek topluyorlar, al\u0131\u015fveri\u015f yap\u0131yorlar ve bol bol foto\u011fraf \u00e7ektiriyorlar. Foto\u011fraf sanat\u00e7\u0131lar\u0131 ve amat\u00f6r olarak foto\u011frafla u\u011fra\u015fan insanlar da kendileri buraya gelerek foto\u011fraf \u00e7ekiyor. \u0130lgiden memnunuz, il\u00e7emizin de turizmine \u00f6nemli bir katk\u0131 sunuyor&#8221; dedi.<\/p>\n","protected":false},"excerpt":{"rendered":"<p>UNESCO D\u00dcNYA M\u0130RAS L\u0130STES\u0130&#8217;NDE YER ALAN VE &#8220;EN \u0130Y\u0130 KORUNAN 20 KENT&#8221; ARASINDA BULUNAN KARAB\u00dcK&#8217;\u00dcN SAFRANBOLU \u0130L\u00c7ES\u0130YLE \u00d6ZDE\u015eLE\u015eEN SAFRAN B\u0130TK\u0130S\u0130 TARLALARI, FOTO\u011eRAF TUTKUNLARI \u0130\u00c7\u0130N PLATO G\u00d6REV\u0130 G\u00d6R\u00dcYOR.<\/p>\n","protected":false},"author":1,"featured_media":221295,"comment_status":"closed","ping_status":"open","sticky":false,"template":"","format":"standard","meta":{"jetpack_post_was_ever_published":false,"_jetpack_newsletter_access":"","_jetpack_dont_email_post_to_subs":false,"_jetpack_newsletter_tier_id":0,"_jetpack_memberships_contains_paywalled_content":false,"_jetpack_memberships_contains_paid_content":false,"footnotes":"","jetpack_publicize_message":"","jetpack_publicize_feature_enabled":true,"jetpack_social_post_already_shared":true,"jetpack_social_options":{"image_generator_settings":{"template":"highway","default_image_id":0,"font":"","enabled":false},"version":2}},"categories":[656],"tags":[1084,5874,21906,42552,25892],"class_list":["post-221294","post","type-post","status-publish","format-standard","has-post-thumbnail","hentry","category-kultur-sanat","tag-dogal","tag-fotograf","tag-platosu","tag-safran","tag-tarlalari"],"jetpack_publicize_connections":[],"jetpack_featured_media_url":"https:\/\/i0.wp.com\/www.tvturk.com\/wp-content\/uploads\/2019\/10\/dogal-fotograf-platosu-safran-tarlalari_f38ef75.jpg?fit=1000%2C666","jetpack_sharing_enabled":true,"jetpack_shortlink":"https:\/\/wp.me\/paKIfm-Vzg","_links":{"self":[{"href":"http:\/\/www.tvturk.com\/index.php\/wp-json\/wp\/v2\/posts\/221294","targetHints":{"allow":["GET"]}}],"collection":[{"href":"http:\/\/www.tvturk.com\/index.php\/wp-json\/wp\/v2\/posts"}],"about":[{"href":"http:\/\/www.tvturk.com\/index.php\/wp-json\/wp\/v2\/types\/post"}],"author":[{"embeddable":true,"href":"http:\/\/www.tvturk.com\/index.php\/wp-json\/wp\/v2\/users\/1"}],"replies":[{"embeddable":true,"href":"http:\/\/www.tvturk.com\/index.php\/wp-json\/wp\/v2\/comments?post=221294"}],"version-history":[{"count":0,"href":"http:\/\/www.tvturk.com\/index.php\/wp-json\/wp\/v2\/posts\/221294\/revisions"}],"wp:featuredmedia":[{"embeddable":true,"href":"http:\/\/www.tvturk.com\/index.php\/wp-json\/wp\/v2\/media\/221295"}],"wp:attachment":[{"href":"http:\/\/www.tvturk.com\/index.php\/wp-json\/wp\/v2\/media?parent=221294"}],"wp:term":[{"taxonomy":"category","embeddable":true,"href":"http:\/\/www.tvturk.com\/index.php\/wp-json\/wp\/v2\/categories?post=221294"},{"taxonomy":"post_tag","embeddable":true,"href":"http:\/\/www.tvturk.com\/index.php\/wp-json\/wp\/v2\/tags?post=221294"}],"curies":[{"name":"wp","href":"https:\/\/api.w.org\/{rel}","templated":true}]}}