{"id":221304,"date":"2019-10-29T13:02:36","date_gmt":"2019-10-29T10:02:36","guid":{"rendered":"http:\/\/www.tvturk.com\/index.php\/ataturkun-anisini-yasatmak-icin-yeniden-uretildi\/"},"modified":"2019-10-29T13:02:36","modified_gmt":"2019-10-29T10:02:36","slug":"ataturkun-anisini-yasatmak-icin-yeniden-uretildi","status":"publish","type":"post","link":"http:\/\/www.tvturk.com\/index.php\/ataturkun-anisini-yasatmak-icin-yeniden-uretildi\/","title":{"rendered":"Atat\u00fcrk\u2019\u00fcn an\u0131s\u0131n\u0131 ya\u015fatmak i\u00e7in yeniden \u00fcretildi"},"content":{"rendered":"<p>Mustafa Kemal Atat\u00fcrk\u2019\u00fcn yakla\u015f\u0131k 85 y\u0131l \u00f6nce giydi\u011fi s\u00fcveter, \u00c7ift Geyik Karaca taraf\u0131ndan yeniden \u00fcretildi. 29 Ekim Cumhuriyet Bayram\u0131 itibariyle sat\u0131\u015fa sunulan \u00f6zel s\u00fcveterler Mehmet\u00e7ik Vakf\u0131 yarar\u0131na sosyal sorumluluk projesinde de\u011ferlendirecek.<\/p>\n<p>T\u00fcrkiye\u2019nin en eski tekstil giyim markalar\u0131ndan \u00c7ift Geyik Karaca, Cumhuriyet\u2019in kurucusu Mustafa Kemal Atat\u00fcrk\u2019\u00fcn s\u00fcveterini yeniden \u00fcretti. 29 Ekim itibariyle \u00c7ift Geyik Karaca ma\u011fazalar\u0131nda sat\u0131\u015fa sunulan \u00f6zel s\u00fcveterler Mehmet\u00e7ik Vakf\u0131 yarar\u0131na sosyal sorumluluk projesinde de\u011ferlendirilecek.<\/p>\n<p>&#8220;Logomuzu koymad\u0131k&#8221;<\/p>\n<p>\u00c7ift Geyik Karaca Genel M\u00fcd\u00fcr\u00fc Cihat \u00d6zbekli, konu ile ilgili de\u011ferlendirmesinde, &#8220;Kurulu\u015funun hen\u00fcz ba\u015f\u0131na denk gelen kurtulu\u015f m\u00fccadelesi d\u00f6neminde askerimize \u00e7orap \u00fcreten \u00c7ift Geyik Karaca markas\u0131, Cumhuriyet\u2019in ilk y\u0131llar\u0131ndaki kalk\u0131nma d\u00f6neminde de b\u00fcy\u00fck g\u00f6revler \u00fcstlenmi\u015fti. 60\u2019l\u0131 y\u0131llarda 5 k\u0131taya ihra\u00e7 edilen ilk yerli sanayi mamullerini \u00fcreten markam\u0131z \u00c7ift Geyik Karaca, bug\u00fcn 102 y\u0131l\u0131 geride b\u0131rak\u0131yor. Bug\u00fcn bu noktaya ula\u015fmam\u0131zda ise Cumhuriyetimizin kurucusu Gazi Mustafa Kemal Atat\u00fcrk\u2019e vefa borcumuz oldu\u011funu d\u00fc\u015f\u00fcn\u00fcyoruz. Bizler kurum ve markalar\u0131n da t\u0131pk\u0131 insanlar gibi belirli bir kimlik ve duru\u015fa sahip oldu\u011funa inan\u0131yoruz. \u00c7ift Geyik Karaca olarak biz de ba\u015fta m\u00fc\u015fterilerimiz olmak \u00fczere t\u00fcm payda\u015flar\u0131m\u0131zla olan ili\u015fkilerimizi bu kimlik \u00fczerine in\u015fa ediyoruz. Ve yine t\u0131pk\u0131 insanlar gibi kurumlar\u0131n da markalar\u0131n da bu kimlik \u00e7er\u00e7evesinde sosyal sorumluluklar\u0131 oldu\u011funu d\u00fc\u015f\u00fcn\u00fcyoruz.<\/p>\n<p>Cumhuriyetimizin kurulu\u015f d\u00f6nemine tan\u0131kl\u0131k etmi\u015f \u00c7ift Geyik Karaca markas\u0131n\u0131n bug\u00fcnk\u00fc temsilcileri olarak bizler de Mustafa Kemal Atat\u00fcrk\u2019\u00fcn giydi\u011fi s\u00fcveteri yeniden \u00fcreterek kendi uzmanl\u0131k ve yetkinlik alan\u0131m\u0131zda bir fark\u0131ndal\u0131k olu\u015fturmay\u0131 ama\u00e7l\u0131yoruz. 29 Ekim Cumhuriyet Bayram\u0131 itibariyle sat\u0131\u015fa sundu\u011fumuz ve Mehmet\u00e7ik Vakf\u0131 yarar\u0131na sosyal sorumluluk projesinde de\u011ferlendirece\u011fimiz bu \u00f6zel s\u00fcveterlerimizde \u00f6nemli bir hususa da dikkat ettik. Ortak de\u011ferlerle b\u00fcy\u00fcd\u00fc\u011f\u00fcm\u00fcz bu topraklarda; hepimizin ortak miras\u0131na olan sayg\u0131m\u0131zdan \u00f6t\u00fcr\u00fc, t\u00fcm \u00fcr\u00fcnlerimizde yer alan ve markam\u0131z\u0131n kimli\u011fini i\u015faret eden logomuzu bu \u00fcr\u00fcnlerde kullanmad\u0131k. Mesaj\u0131m\u0131z\u0131 da \u2019Her \u015feyin \u00fczerinde\u2019 olarak belirledik&#8221; dedi.<\/p>\n","protected":false},"excerpt":{"rendered":"<p>MUSTAFA KEMAL ATAT\u00dcRK\u2019\u00dcN YAKLA\u015eIK 85 YIL \u00d6NCE G\u0130YD\u0130\u011e\u0130 S\u00dcVETER, \u00c7\u0130FT GEY\u0130K KARACA TARAFINDAN YEN\u0130DEN \u00dcRET\u0130LD\u0130<\/p>\n","protected":false},"author":1,"featured_media":221305,"comment_status":"closed","ping_status":"open","sticky":false,"template":"","format":"standard","meta":{"jetpack_post_was_ever_published":false,"_jetpack_newsletter_access":"","_jetpack_dont_email_post_to_subs":false,"_jetpack_newsletter_tier_id":0,"_jetpack_memberships_contains_paywalled_content":false,"_jetpack_memberships_contains_paid_content":false,"footnotes":"","jetpack_publicize_message":"","jetpack_publicize_feature_enabled":true,"jetpack_social_post_already_shared":true,"jetpack_social_options":{"image_generator_settings":{"template":"highway","default_image_id":0,"font":"","enabled":false},"version":2}},"categories":[1],"tags":[55992,2818,44,18977,4903,720],"class_list":["post-221304","post","type-post","status-publish","format-standard","has-post-thumbnail","hentry","category-genel","tag-anisini","tag-ataturkun","tag-icin","tag-uretildi","tag-yasatmak","tag-yeniden"],"jetpack_publicize_connections":[],"jetpack_featured_media_url":"https:\/\/i0.wp.com\/www.tvturk.com\/wp-content\/uploads\/2019\/10\/ataturkun-anisini-yasatmak-icin-yeniden-uretildi_1335487.jpg?fit=608%2C640","jetpack_sharing_enabled":true,"jetpack_shortlink":"https:\/\/wp.me\/paKIfm-Vzq","_links":{"self":[{"href":"http:\/\/www.tvturk.com\/index.php\/wp-json\/wp\/v2\/posts\/221304","targetHints":{"allow":["GET"]}}],"collection":[{"href":"http:\/\/www.tvturk.com\/index.php\/wp-json\/wp\/v2\/posts"}],"about":[{"href":"http:\/\/www.tvturk.com\/index.php\/wp-json\/wp\/v2\/types\/post"}],"author":[{"embeddable":true,"href":"http:\/\/www.tvturk.com\/index.php\/wp-json\/wp\/v2\/users\/1"}],"replies":[{"embeddable":true,"href":"http:\/\/www.tvturk.com\/index.php\/wp-json\/wp\/v2\/comments?post=221304"}],"version-history":[{"count":0,"href":"http:\/\/www.tvturk.com\/index.php\/wp-json\/wp\/v2\/posts\/221304\/revisions"}],"wp:featuredmedia":[{"embeddable":true,"href":"http:\/\/www.tvturk.com\/index.php\/wp-json\/wp\/v2\/media\/221305"}],"wp:attachment":[{"href":"http:\/\/www.tvturk.com\/index.php\/wp-json\/wp\/v2\/media?parent=221304"}],"wp:term":[{"taxonomy":"category","embeddable":true,"href":"http:\/\/www.tvturk.com\/index.php\/wp-json\/wp\/v2\/categories?post=221304"},{"taxonomy":"post_tag","embeddable":true,"href":"http:\/\/www.tvturk.com\/index.php\/wp-json\/wp\/v2\/tags?post=221304"}],"curies":[{"name":"wp","href":"https:\/\/api.w.org\/{rel}","templated":true}]}}