{"id":22139,"date":"2019-02-11T15:46:02","date_gmt":"2019-02-11T12:46:02","guid":{"rendered":"http:\/\/www.tvturk.com\/index.php\/maltepe-belediyesi-mevsimsel-mikroplara-savas-acti\/"},"modified":"2019-02-11T15:46:05","modified_gmt":"2019-02-11T12:46:05","slug":"maltepe-belediyesi-mevsimsel-mikroplara-savas-acti","status":"publish","type":"post","link":"http:\/\/www.tvturk.com\/index.php\/maltepe-belediyesi-mevsimsel-mikroplara-savas-acti\/","title":{"rendered":"Maltepe Belediyesi mevsimsel mikroplara sava\u015f a\u00e7t\u0131"},"content":{"rendered":"<p>Maltepe Belediyesi mevsim \u015fartlar\u0131 nedeniyle artan viral ve mikrobial enfeksiyona kar\u015f\u0131 il\u00e7e genelindeki okullar ve ibadethaneler ba\u015fta olmak \u00fczere vatanda\u015flar\u0131n toplu halde bulundu\u011fu t\u00fcm mekanlarda dezenfeksiyon \u00e7al\u0131\u015fmas\u0131 yap\u0131yor.<\/p>\n<p>Maltepe Belediyesi Veteriner \u0130\u015fleri M\u00fcd\u00fcrl\u00fc\u011f\u00fc\u2019ne ba\u011fl\u0131 ekipler il\u00e7e genelinde kent zararl\u0131lar\u0131yla m\u00fccadele ediyor. Mevsim \u015fartlar\u0131 nedeniyle artan viral ve mikrobial enfeksiyona kar\u015f\u0131 Maltpe\u2019deki 66 ilk ve orta\u00f6\u011fretim okulunda ila\u00e7lama yapan ekipler, il\u00e7e s\u0131n\u0131rlar\u0131 i\u00e7erisindeki 82 cami, 28 mescit, 1 Cemevi ve 1 kilise olmak \u00fczere toplamda 112 ibadethaneyi ila\u00e7layarak dezenfekte etti. Sa\u011fl\u0131k Bakanl\u0131\u011f\u0131nca halk sa\u011fl\u0131\u011f\u0131 alan\u0131nda kullan\u0131lmak \u00fczere ruhsatland\u0131r\u0131lm\u0131\u015f veya Sa\u011fl\u0131k Bakanl\u0131\u011f\u0131 taraf\u0131ndan ithal izni verilmi\u015f biyosidal ila\u00e7lar kullan\u0131ld\u0131\u011f\u0131n\u0131 belirten ekipler, talepler do\u011frultusunda Maltepe\u2019deki t\u00fcm kamu idarelerine ila\u00e7lama deste\u011fi vereceklerini ifade ediyor.<\/p>\n<p>Halk sa\u011fl\u0131\u011f\u0131n\u0131 \u00f6nemsiyoruz<\/p>\n<p>Halk sa\u011fl\u0131\u011f\u0131n\u0131n korunmas\u0131 konusunda 5 y\u0131ld\u0131r s\u0131k\u0131 bir \u00e7al\u0131\u015fma y\u00fcr\u00fctt\u00fcklerini ifade eden Maltepe Belediye Ba\u015fkan\u0131 Ali K\u0131l\u0131\u00e7; \u201cDaha sa\u011fl\u0131kl\u0131 daha mutlu bir Maltepe i\u00e7in \u00e7al\u0131\u015f\u0131yoruz. Bu noktada halk sa\u011fl\u0131\u011f\u0131n\u0131 \u00f6nemsiyoruz. \u0130l\u00e7e genelindeki t\u00fcm esnaflar\u0131m\u0131z\u0131 s\u0131k\u0131 bir g\u0131da ve hijyen denetimine tabi tutuyoruz. Mevsim \u015fartlar\u0131ndan kaynakl\u0131 ortaya \u00e7\u0131kan mikroplara kar\u015f\u0131 ve o nedenle meydana gelen hastal\u0131klara kar\u015f\u0131 ciddi bir dezenfeksiyon \u00e7al\u0131\u015fmas\u0131 yap\u0131yoruz\u201d diye konu\u015ftu<div class=\"tiled-gallery type-rectangular tiled-gallery-unresized\" data-original-width=\"500\" data-carousel-extra='null' itemscope itemtype=\"http:\/\/schema.org\/ImageGallery\" > <div class=\"gallery-row\" style=\"width: 500px; height: 195px;\" data-original-width=\"500\" data-original-height=\"195\" > <div class=\"gallery-group images-1\" style=\"width: 147px; height: 195px;\" data-original-width=\"147\" data-original-height=\"195\" > <div class=\"tiled-gallery-item tiled-gallery-item-small\" itemprop=\"associatedMedia\" itemscope itemtype=\"http:\/\/schema.org\/ImageObject\"> <a href=\"http:\/\/www.tvturk.com\/index.php\/maltepe-belediyesi-mevsimsel-mikroplara-savas-acti\/maltepe-belediyesi-mevsimsel-mikroplara-savas-acti-3\/\" border=\"0\" itemprop=\"url\"> <meta itemprop=\"width\" content=\"143\"> <meta itemprop=\"height\" content=\"191\"> <img decoding=\"async\" class=\"\" data-attachment-id=\"22141\" data-orig-file=\"http:\/\/www.tvturk.com\/wp-content\/uploads\/2019\/02\/maltepe-belediyesi-mevsimsel-mikroplara-savas-acti_de77400.jpg\" data-orig-size=\"749,1000\" data-comments-opened=\"\" data-image-meta=\"{&quot;aperture&quot;:&quot;0&quot;,&quot;credit&quot;:&quot;IHA&quot;,&quot;camera&quot;:&quot;&quot;,&quot;caption&quot;:&quot;MALTEPE BELED\\u0130YES\\u0130 MEVS\\u0130M \\u015eARTLARI NEDEN\\u0130YLE ARTAN V\\u0130RAL VE M\\u0130KROB\\u0130AL ENFEKS\\u0130YONA KAR\\u015eI \\u0130L\\u00c7E GENEL\\u0130NDEK\\u0130 OKULLAR VE \\u0130BADETHANELER BA\\u015eTA OLMAK \\u00dcZERE VATANDA\\u015eLARIN TOPLU HALDE BULUNDU\\u011eU T\\u00dcM MEKANLARDA DEZENFEKS\\u0130YON \\u00c7ALI\\u015eMASI YAPIYOR. (\\u0130HA\\\/\\u0130STANBUL-\\u0130HA)&quot;,&quot;created_timestamp&quot;:&quot;0&quot;,&quot;copyright&quot;:&quot;\\u0130HLAS HABER AJANSI, www.iha.com.tr&quot;,&quot;focal_length&quot;:&quot;0&quot;,&quot;iso&quot;:&quot;0&quot;,&quot;shutter_speed&quot;:&quot;0&quot;,&quot;title&quot;:&quot;MALTEPE BELED\\u0130YES\\u0130 MEVS\\u0130MSEL M\\u0130KROPLARA SAVA\\u015e A\\u00c7TI&quot;,&quot;orientation&quot;:&quot;0&quot;}\" data-image-title=\"Maltepe Belediyesi mevsimsel mikroplara sava\u015f a\u00e7t\u0131\" data-image-description=\"&lt;p&gt;Maltepe Belediyesi mevsimsel mikroplara sava\u015f a\u00e7t\u0131&lt;\/p&gt; \" data-medium-file=\"https:\/\/i0.wp.com\/www.tvturk.com\/wp-content\/uploads\/2019\/02\/maltepe-belediyesi-mevsimsel-mikroplara-savas-acti_de77400.jpg?fit=225%2C300\" data-large-file=\"https:\/\/i0.wp.com\/www.tvturk.com\/wp-content\/uploads\/2019\/02\/maltepe-belediyesi-mevsimsel-mikroplara-savas-acti_de77400.jpg?fit=749%2C1000\" src=\"https:\/\/i0.wp.com\/www.tvturk.com\/wp-content\/uploads\/2019\/02\/maltepe-belediyesi-mevsimsel-mikroplara-savas-acti_de77400.jpg?w=143&#038;h=191\" srcset=\"https:\/\/i0.wp.com\/www.tvturk.com\/wp-content\/uploads\/2019\/02\/maltepe-belediyesi-mevsimsel-mikroplara-savas-acti_de77400.jpg?w=749 749w, https:\/\/i0.wp.com\/www.tvturk.com\/wp-content\/uploads\/2019\/02\/maltepe-belediyesi-mevsimsel-mikroplara-savas-acti_de77400.jpg?resize=112%2C150 112w, https:\/\/i0.wp.com\/www.tvturk.com\/wp-content\/uploads\/2019\/02\/maltepe-belediyesi-mevsimsel-mikroplara-savas-acti_de77400.jpg?resize=225%2C300 225w\" width=\"143\" height=\"191\" loading=\"lazy\" data-original-width=\"143\" data-original-height=\"191\" itemprop=\"http:\/\/schema.org\/image\" title=\"Maltepe Belediyesi mevsimsel mikroplara sava\u015f a\u00e7t\u0131\" alt=\"Maltepe Belediyesi mevsimsel mikroplara sava\u015f a\u00e7t\u0131\" style=\"width: 143px; height: 191px;\" \/> <\/a> <\/div> <\/div> <!-- close group --> <div class=\"gallery-group images-1\" style=\"width: 122px; height: 195px;\" data-original-width=\"122\" data-original-height=\"195\" > <div class=\"tiled-gallery-item tiled-gallery-item-small\" itemprop=\"associatedMedia\" itemscope itemtype=\"http:\/\/schema.org\/ImageObject\"> <a href=\"http:\/\/www.tvturk.com\/index.php\/maltepe-belediyesi-mevsimsel-mikroplara-savas-acti\/maltepe-belediyesi-mevsimsel-mikroplara-savas-acti-4\/\" border=\"0\" itemprop=\"url\"> <meta itemprop=\"width\" content=\"118\"> <meta itemprop=\"height\" content=\"191\"> <img decoding=\"async\" class=\"\" data-attachment-id=\"22142\" data-orig-file=\"http:\/\/www.tvturk.com\/wp-content\/uploads\/2019\/02\/maltepe-belediyesi-mevsimsel-mikroplara-savas-acti_fdd1f79.jpg\" data-orig-size=\"621,1000\" data-comments-opened=\"\" data-image-meta=\"{&quot;aperture&quot;:&quot;0&quot;,&quot;credit&quot;:&quot;IHA&quot;,&quot;camera&quot;:&quot;&quot;,&quot;caption&quot;:&quot;MALTEPE BELED\\u0130YES\\u0130 MEVS\\u0130M \\u015eARTLARI NEDEN\\u0130YLE ARTAN V\\u0130RAL VE M\\u0130KROB\\u0130AL ENFEKS\\u0130YONA KAR\\u015eI \\u0130L\\u00c7E GENEL\\u0130NDEK\\u0130 OKULLAR VE \\u0130BADETHANELER BA\\u015eTA OLMAK \\u00dcZERE VATANDA\\u015eLARIN TOPLU HALDE BULUNDU\\u011eU T\\u00dcM MEKANLARDA DEZENFEKS\\u0130YON \\u00c7ALI\\u015eMASI YAPIYOR. (\\u0130HA\\\/\\u0130STANBUL-\\u0130HA)&quot;,&quot;created_timestamp&quot;:&quot;0&quot;,&quot;copyright&quot;:&quot;\\u0130HLAS HABER AJANSI, www.iha.com.tr&quot;,&quot;focal_length&quot;:&quot;0&quot;,&quot;iso&quot;:&quot;0&quot;,&quot;shutter_speed&quot;:&quot;0&quot;,&quot;title&quot;:&quot;MALTEPE BELED\\u0130YES\\u0130 MEVS\\u0130MSEL M\\u0130KROPLARA SAVA\\u015e A\\u00c7TI&quot;,&quot;orientation&quot;:&quot;0&quot;}\" data-image-title=\"Maltepe Belediyesi mevsimsel mikroplara sava\u015f a\u00e7t\u0131\" data-image-description=\"&lt;p&gt;Maltepe Belediyesi mevsimsel mikroplara sava\u015f a\u00e7t\u0131&lt;\/p&gt; \" data-medium-file=\"https:\/\/i0.wp.com\/www.tvturk.com\/wp-content\/uploads\/2019\/02\/maltepe-belediyesi-mevsimsel-mikroplara-savas-acti_fdd1f79.jpg?fit=186%2C300\" data-large-file=\"https:\/\/i0.wp.com\/www.tvturk.com\/wp-content\/uploads\/2019\/02\/maltepe-belediyesi-mevsimsel-mikroplara-savas-acti_fdd1f79.jpg?fit=621%2C1000\" src=\"https:\/\/i0.wp.com\/www.tvturk.com\/wp-content\/uploads\/2019\/02\/maltepe-belediyesi-mevsimsel-mikroplara-savas-acti_fdd1f79.jpg?w=118&#038;h=191\" srcset=\"https:\/\/i0.wp.com\/www.tvturk.com\/wp-content\/uploads\/2019\/02\/maltepe-belediyesi-mevsimsel-mikroplara-savas-acti_fdd1f79.jpg?w=621 621w, https:\/\/i0.wp.com\/www.tvturk.com\/wp-content\/uploads\/2019\/02\/maltepe-belediyesi-mevsimsel-mikroplara-savas-acti_fdd1f79.jpg?resize=93%2C150 93w, https:\/\/i0.wp.com\/www.tvturk.com\/wp-content\/uploads\/2019\/02\/maltepe-belediyesi-mevsimsel-mikroplara-savas-acti_fdd1f79.jpg?resize=186%2C300 186w\" width=\"118\" height=\"191\" loading=\"lazy\" data-original-width=\"118\" data-original-height=\"191\" itemprop=\"http:\/\/schema.org\/image\" title=\"Maltepe Belediyesi mevsimsel mikroplara sava\u015f a\u00e7t\u0131\" alt=\"Maltepe Belediyesi mevsimsel mikroplara sava\u015f a\u00e7t\u0131\" style=\"width: 118px; height: 191px;\" \/> <\/a> <\/div> <\/div> <!-- close group --> <div class=\"gallery-group images-1\" style=\"width: 111px; height: 195px;\" data-original-width=\"111\" data-original-height=\"195\" > <div class=\"tiled-gallery-item tiled-gallery-item-small\" itemprop=\"associatedMedia\" itemscope itemtype=\"http:\/\/schema.org\/ImageObject\"> <a href=\"http:\/\/www.tvturk.com\/index.php\/maltepe-belediyesi-mevsimsel-mikroplara-savas-acti\/maltepe-belediyesi-mevsimsel-mikroplara-savas-acti-5\/\" border=\"0\" itemprop=\"url\"> <meta itemprop=\"width\" content=\"107\"> <meta itemprop=\"height\" content=\"191\"> <img decoding=\"async\" class=\"\" data-attachment-id=\"22143\" data-orig-file=\"http:\/\/www.tvturk.com\/wp-content\/uploads\/2019\/02\/maltepe-belediyesi-mevsimsel-mikroplara-savas-acti_15416f7.jpg\" data-orig-size=\"562,1000\" data-comments-opened=\"\" data-image-meta=\"{&quot;aperture&quot;:&quot;0&quot;,&quot;credit&quot;:&quot;IHA&quot;,&quot;camera&quot;:&quot;&quot;,&quot;caption&quot;:&quot;MALTEPE BELED\\u0130YES\\u0130 MEVS\\u0130M \\u015eARTLARI NEDEN\\u0130YLE ARTAN V\\u0130RAL VE M\\u0130KROB\\u0130AL ENFEKS\\u0130YONA KAR\\u015eI \\u0130L\\u00c7E GENEL\\u0130NDEK\\u0130 OKULLAR VE \\u0130BADETHANELER BA\\u015eTA OLMAK \\u00dcZERE VATANDA\\u015eLARIN TOPLU HALDE BULUNDU\\u011eU T\\u00dcM MEKANLARDA DEZENFEKS\\u0130YON \\u00c7ALI\\u015eMASI YAPIYOR. (\\u0130HA\\\/\\u0130STANBUL-\\u0130HA)&quot;,&quot;created_timestamp&quot;:&quot;0&quot;,&quot;copyright&quot;:&quot;\\u0130HLAS HABER AJANSI, www.iha.com.tr&quot;,&quot;focal_length&quot;:&quot;0&quot;,&quot;iso&quot;:&quot;0&quot;,&quot;shutter_speed&quot;:&quot;0&quot;,&quot;title&quot;:&quot;MALTEPE BELED\\u0130YES\\u0130 MEVS\\u0130MSEL M\\u0130KROPLARA SAVA\\u015e A\\u00c7TI&quot;,&quot;orientation&quot;:&quot;0&quot;}\" data-image-title=\"Maltepe Belediyesi mevsimsel mikroplara sava\u015f a\u00e7t\u0131\" data-image-description=\"&lt;p&gt;Maltepe Belediyesi mevsimsel mikroplara sava\u015f a\u00e7t\u0131&lt;\/p&gt; \" data-medium-file=\"https:\/\/i0.wp.com\/www.tvturk.com\/wp-content\/uploads\/2019\/02\/maltepe-belediyesi-mevsimsel-mikroplara-savas-acti_15416f7.jpg?fit=169%2C300\" data-large-file=\"https:\/\/i0.wp.com\/www.tvturk.com\/wp-content\/uploads\/2019\/02\/maltepe-belediyesi-mevsimsel-mikroplara-savas-acti_15416f7.jpg?fit=562%2C1000\" src=\"https:\/\/i0.wp.com\/www.tvturk.com\/wp-content\/uploads\/2019\/02\/maltepe-belediyesi-mevsimsel-mikroplara-savas-acti_15416f7.jpg?w=107&#038;h=191\" srcset=\"https:\/\/i0.wp.com\/www.tvturk.com\/wp-content\/uploads\/2019\/02\/maltepe-belediyesi-mevsimsel-mikroplara-savas-acti_15416f7.jpg?w=562 562w, https:\/\/i0.wp.com\/www.tvturk.com\/wp-content\/uploads\/2019\/02\/maltepe-belediyesi-mevsimsel-mikroplara-savas-acti_15416f7.jpg?resize=84%2C150 84w, https:\/\/i0.wp.com\/www.tvturk.com\/wp-content\/uploads\/2019\/02\/maltepe-belediyesi-mevsimsel-mikroplara-savas-acti_15416f7.jpg?resize=169%2C300 169w\" width=\"107\" height=\"191\" loading=\"lazy\" data-original-width=\"107\" data-original-height=\"191\" itemprop=\"http:\/\/schema.org\/image\" title=\"Maltepe Belediyesi mevsimsel mikroplara sava\u015f a\u00e7t\u0131\" alt=\"Maltepe Belediyesi mevsimsel mikroplara sava\u015f a\u00e7t\u0131\" style=\"width: 107px; height: 191px;\" \/> <\/a> <\/div> <\/div> <!-- close group --> <div class=\"gallery-group images-1\" style=\"width: 120px; height: 195px;\" data-original-width=\"120\" data-original-height=\"195\" > <div class=\"tiled-gallery-item tiled-gallery-item-small\" itemprop=\"associatedMedia\" itemscope itemtype=\"http:\/\/schema.org\/ImageObject\"> <a href=\"http:\/\/www.tvturk.com\/index.php\/maltepe-belediyesi-mevsimsel-mikroplara-savas-acti\/maltepe-belediyesi-mevsimsel-mikroplara-savas-acti-6\/\" border=\"0\" itemprop=\"url\"> <meta itemprop=\"width\" content=\"116\"> <meta itemprop=\"height\" content=\"191\"> <img decoding=\"async\" class=\"\" data-attachment-id=\"22144\" data-orig-file=\"http:\/\/www.tvturk.com\/wp-content\/uploads\/2019\/02\/maltepe-belediyesi-mevsimsel-mikroplara-savas-acti_c0ff022.jpg\" data-orig-size=\"608,1000\" data-comments-opened=\"\" data-image-meta=\"{&quot;aperture&quot;:&quot;0&quot;,&quot;credit&quot;:&quot;IHA&quot;,&quot;camera&quot;:&quot;&quot;,&quot;caption&quot;:&quot;MALTEPE BELED\\u0130YES\\u0130 MEVS\\u0130M \\u015eARTLARI NEDEN\\u0130YLE ARTAN V\\u0130RAL VE M\\u0130KROB\\u0130AL ENFEKS\\u0130YONA KAR\\u015eI \\u0130L\\u00c7E GENEL\\u0130NDEK\\u0130 OKULLAR VE \\u0130BADETHANELER BA\\u015eTA OLMAK \\u00dcZERE VATANDA\\u015eLARIN TOPLU HALDE BULUNDU\\u011eU T\\u00dcM MEKANLARDA DEZENFEKS\\u0130YON \\u00c7ALI\\u015eMASI YAPIYOR. (\\u0130HA\\\/\\u0130STANBUL-\\u0130HA)&quot;,&quot;created_timestamp&quot;:&quot;0&quot;,&quot;copyright&quot;:&quot;\\u0130HLAS HABER AJANSI, www.iha.com.tr&quot;,&quot;focal_length&quot;:&quot;0&quot;,&quot;iso&quot;:&quot;0&quot;,&quot;shutter_speed&quot;:&quot;0&quot;,&quot;title&quot;:&quot;MALTEPE BELED\\u0130YES\\u0130 MEVS\\u0130MSEL M\\u0130KROPLARA SAVA\\u015e A\\u00c7TI&quot;,&quot;orientation&quot;:&quot;0&quot;}\" data-image-title=\"Maltepe Belediyesi mevsimsel mikroplara sava\u015f a\u00e7t\u0131\" data-image-description=\"&lt;p&gt;Maltepe Belediyesi mevsimsel mikroplara sava\u015f a\u00e7t\u0131&lt;\/p&gt; \" data-medium-file=\"https:\/\/i0.wp.com\/www.tvturk.com\/wp-content\/uploads\/2019\/02\/maltepe-belediyesi-mevsimsel-mikroplara-savas-acti_c0ff022.jpg?fit=182%2C300\" data-large-file=\"https:\/\/i0.wp.com\/www.tvturk.com\/wp-content\/uploads\/2019\/02\/maltepe-belediyesi-mevsimsel-mikroplara-savas-acti_c0ff022.jpg?fit=608%2C1000\" src=\"https:\/\/i0.wp.com\/www.tvturk.com\/wp-content\/uploads\/2019\/02\/maltepe-belediyesi-mevsimsel-mikroplara-savas-acti_c0ff022.jpg?w=116&#038;h=191\" srcset=\"https:\/\/i0.wp.com\/www.tvturk.com\/wp-content\/uploads\/2019\/02\/maltepe-belediyesi-mevsimsel-mikroplara-savas-acti_c0ff022.jpg?w=608 608w, https:\/\/i0.wp.com\/www.tvturk.com\/wp-content\/uploads\/2019\/02\/maltepe-belediyesi-mevsimsel-mikroplara-savas-acti_c0ff022.jpg?resize=91%2C150 91w, https:\/\/i0.wp.com\/www.tvturk.com\/wp-content\/uploads\/2019\/02\/maltepe-belediyesi-mevsimsel-mikroplara-savas-acti_c0ff022.jpg?resize=182%2C300 182w\" width=\"116\" height=\"191\" loading=\"lazy\" data-original-width=\"116\" data-original-height=\"191\" itemprop=\"http:\/\/schema.org\/image\" title=\"Maltepe Belediyesi mevsimsel mikroplara sava\u015f a\u00e7t\u0131\" alt=\"Maltepe Belediyesi mevsimsel mikroplara sava\u015f a\u00e7t\u0131\" style=\"width: 116px; height: 191px;\" \/> <\/a> <\/div> <\/div> <!-- close group --> <\/div> <!-- close row --> <\/div><\/p>\n","protected":false},"excerpt":{"rendered":"<p>MALTEPE BELED\u0130YES\u0130 MEVS\u0130M \u015eARTLARI NEDEN\u0130YLE ARTAN V\u0130RAL VE M\u0130KROB\u0130AL ENFEKS\u0130YONA KAR\u015eI \u0130L\u00c7E GENEL\u0130NDEK\u0130 OKULLAR VE \u0130BADETHANELER BA\u015eTA OLMAK \u00dcZERE VATANDA\u015eLARIN TOPLU HALDE BULUNDU\u011eU T\u00dcM MEKANLARDA DEZENFEKS\u0130YON \u00c7ALI\u015eMASI YAPIYOR.<\/p>\n","protected":false},"author":1,"featured_media":22140,"comment_status":"closed","ping_status":"open","sticky":false,"template":"","format":"standard","meta":{"jetpack_post_was_ever_published":false,"_jetpack_newsletter_access":"","_jetpack_dont_email_post_to_subs":false,"_jetpack_newsletter_tier_id":0,"_jetpack_memberships_contains_paywalled_content":false,"_jetpack_memberships_contains_paid_content":false,"footnotes":"","jetpack_publicize_message":"","jetpack_publicize_feature_enabled":true,"jetpack_social_post_already_shared":false,"jetpack_social_options":{"image_generator_settings":{"template":"highway","default_image_id":0,"font":"","enabled":false},"version":2}},"categories":[655],"tags":[1494,383,9513,9514,9515,160],"class_list":["post-22139","post","type-post","status-publish","format-standard","has-post-thumbnail","hentry","category-son-dakika","tag-acti","tag-belediyesi","tag-maltepe","tag-mevsimsel","tag-mikroplara","tag-savas"],"jetpack_publicize_connections":[],"jetpack_featured_media_url":"https:\/\/i0.wp.com\/www.tvturk.com\/wp-content\/uploads\/2019\/02\/maltepe-belediyesi-mevsimsel-mikroplara-savas-acti_70712a2.jpg?fit=1000%2C750","jetpack_sharing_enabled":true,"jetpack_shortlink":"https:\/\/wp.me\/paKIfm-5L5","_links":{"self":[{"href":"http:\/\/www.tvturk.com\/index.php\/wp-json\/wp\/v2\/posts\/22139","targetHints":{"allow":["GET"]}}],"collection":[{"href":"http:\/\/www.tvturk.com\/index.php\/wp-json\/wp\/v2\/posts"}],"about":[{"href":"http:\/\/www.tvturk.com\/index.php\/wp-json\/wp\/v2\/types\/post"}],"author":[{"embeddable":true,"href":"http:\/\/www.tvturk.com\/index.php\/wp-json\/wp\/v2\/users\/1"}],"replies":[{"embeddable":true,"href":"http:\/\/www.tvturk.com\/index.php\/wp-json\/wp\/v2\/comments?post=22139"}],"version-history":[{"count":1,"href":"http:\/\/www.tvturk.com\/index.php\/wp-json\/wp\/v2\/posts\/22139\/revisions"}],"predecessor-version":[{"id":22145,"href":"http:\/\/www.tvturk.com\/index.php\/wp-json\/wp\/v2\/posts\/22139\/revisions\/22145"}],"wp:featuredmedia":[{"embeddable":true,"href":"http:\/\/www.tvturk.com\/index.php\/wp-json\/wp\/v2\/media\/22140"}],"wp:attachment":[{"href":"http:\/\/www.tvturk.com\/index.php\/wp-json\/wp\/v2\/media?parent=22139"}],"wp:term":[{"taxonomy":"category","embeddable":true,"href":"http:\/\/www.tvturk.com\/index.php\/wp-json\/wp\/v2\/categories?post=22139"},{"taxonomy":"post_tag","embeddable":true,"href":"http:\/\/www.tvturk.com\/index.php\/wp-json\/wp\/v2\/tags?post=22139"}],"curies":[{"name":"wp","href":"https:\/\/api.w.org\/{rel}","templated":true}]}}