{"id":221470,"date":"2019-10-29T18:17:26","date_gmt":"2019-10-29T15:17:26","guid":{"rendered":"http:\/\/www.tvturk.com\/index.php\/bulent-bolukbasi-elimizden-gelenin-en-iyisini-yapip-takimi-bu-durumdan-cikartacagiz\/"},"modified":"2019-10-29T18:17:26","modified_gmt":"2019-10-29T15:17:26","slug":"bulent-bolukbasi-elimizden-gelenin-en-iyisini-yapip-takimi-bu-durumdan-cikartacagiz","status":"publish","type":"post","link":"http:\/\/www.tvturk.com\/index.php\/bulent-bolukbasi-elimizden-gelenin-en-iyisini-yapip-takimi-bu-durumdan-cikartacagiz\/","title":{"rendered":"B\u00fclent B\u00f6l\u00fckba\u015f\u0131: \u201cElimizden gelenin en iyisini yap\u0131p tak\u0131m\u0131 bu durumdan \u00e7\u0131kartaca\u011f\u0131z\u201d"},"content":{"rendered":"<p>\u0130stikbal Mobilya Kayserispor Sportif Direkt\u00f6r\u00fc B\u00fclent B\u00f6l\u00fckba\u015f\u0131, \u201cElimizden gelenin en iyisini yap\u0131p tak\u0131m\u0131 bu durumdan \u00e7\u0131kartaca\u011f\u0131z\u201d dedi.<\/p>\n<p>S\u00fcper Lig ekiplerinden \u0130.M. Kayserispor, Ziraat T\u00fcrkiye Kupas\u0131\u2019nda per\u015fembe g\u00fcn\u00fc oynayaca\u011f\u0131 Bayrampa\u015fa ma\u00e7\u0131n\u0131n haz\u0131rl\u0131klar\u0131n\u0131 yapt\u0131\u011f\u0131 antrenman ile s\u00fcrd\u00fcrd\u00fc. Kul\u00fcp tesislerinde Sportif Direkt\u00f6r B\u00fclent B\u00f6l\u00fckba\u015f\u0131 y\u00f6netiminde antrenman yapan futbolcular, d\u00fcz ko\u015funun ard\u0131ndan \u0131s\u0131nma hareketleri yapt\u0131.<\/p>\n<p>Antrenman \u00f6ncesinde gazetecilerin sorular\u0131n\u0131 yan\u0131tlayan \u0130.M. Kayserispor Sportif Direkt\u00f6r\u00fc B\u00fclent B\u00f6l\u00fckba\u015f\u0131, tak\u0131m\u0131n son durumu hakk\u0131nda bilgiler vererek, \u201cBiz burada g\u00f6revimizin ba\u015f\u0131nday\u0131z. Kayserispor bu zorluklardan ge\u00e7mi\u015f d\u00f6nemde \u00e7\u0131km\u0131\u015f bir tak\u0131m. Bu zorluklar her kul\u00fcb\u00fcn ba\u015f\u0131nda var. Olan hay\u0131rl\u0131d\u0131r diye d\u00fc\u015f\u00fcn\u00fcyoruz, yolumuza devam ediyoruz. As\u0131l olan kul\u00fcpt\u00fcr. Hayat devam ediyor. Bizde, oyuncularda buraday\u0131z. Elimizden gelenin en iyisini yap\u0131p tak\u0131m\u0131 bu durumdan \u00e7\u0131kartaca\u011f\u0131z. Futbolda bunlar ola\u011fan \u015feyler. Samet hocam\u0131z k\u0131ymetli bir hoca. Ligde bir\u00e7ok kul\u00fcpte \u00e7al\u0131\u015fm\u0131\u015f. Tercih yapt\u0131, tercihine sayg\u0131 duyuyoruz ama o art\u0131k ge\u00e7mi\u015fte kald\u0131. \u0130leriye bakmak laz\u0131m. Oyuncularla da konu\u015fuyoruz. Onlarda i\u015flerini yapmak zorundalar. Bunun da bilincindeler. Ona g\u00f6re hareket edecekler. Y\u00f6netimimizde yeni teknik direkt\u00f6r\u00fcm\u00fcz i\u00e7in \u00e7al\u0131\u015f\u0131yor. Problemlerimiz var. Bizim kimseye \u2018Tak\u0131mda g\u00fcll\u00fck g\u00fclistanl\u0131k, her \u015fey yolunda\u2019 gibi vaadimiz olmuyor. Y\u00f6netimimiz bu konuda iyi niyetle \u00e7al\u0131\u015f\u0131yorlar. Umar\u0131m en k\u0131sa zamanda d\u00fczelir. Bu sorunlar bir tek Kayserispor\u2019un sorunlar\u0131 de\u011fil ama burada biraz fazla b\u00fcy\u00fct\u00fclm\u00fc\u015f. Bu da d\u0131\u015far\u0131ya b\u00f6yle yans\u0131t\u0131lm\u0131\u015f ama yak\u0131n zamanda \u00e7\u00f6z\u00fclece\u011fine inan\u0131yorum. Y\u00f6netimin bu konuda ciddi sorunlar\u0131 var\u201d ifadelerini kulland\u0131.<\/p>\n<p>\u00d6te yandan, Kayserispor\u2019lu futbolcular, 29 Ekim Cumhuriyet Bayram\u0131 dolay\u0131s\u0131yla antrenmanda T\u00fcrk bayra\u011f\u0131 a\u00e7t\u0131.<\/p>\n","protected":false},"excerpt":{"rendered":"<p>\u00d6TE YANDAN, KAYSER\u0130SPOR&#8217;LU FUTBOLCULAR, 29 EK\u0130M CUMHUR\u0130YET BAYRAMI DOLAYISIYLA ANTRENMANDA T\u00dcRK BAYRA\u011eI A\u00c7TI.<\/p>\n","protected":false},"author":1,"featured_media":221471,"comment_status":"closed","ping_status":"open","sticky":false,"template":"","format":"standard","meta":{"jetpack_post_was_ever_published":false,"_jetpack_newsletter_access":"","_jetpack_dont_email_post_to_subs":false,"_jetpack_newsletter_tier_id":0,"_jetpack_memberships_contains_paywalled_content":false,"_jetpack_memberships_contains_paid_content":false,"footnotes":"","jetpack_publicize_message":"","jetpack_publicize_feature_enabled":true,"jetpack_social_post_already_shared":true,"jetpack_social_options":{"image_generator_settings":{"template":"highway","default_image_id":0,"font":"","enabled":false},"version":2}},"categories":[657],"tags":[56022,2193,6611,12846,15058,36559,5927,1462,7757],"class_list":["post-221470","post","type-post","status-publish","format-standard","has-post-thumbnail","hentry","category-spor","tag-bolukbasi","tag-bulent","tag-cikartacagiz","tag-durumdan","tag-elimizden","tag-gelenin","tag-iyisini","tag-takimi","tag-yapip"],"jetpack_publicize_connections":[],"jetpack_featured_media_url":"https:\/\/i0.wp.com\/www.tvturk.com\/wp-content\/uploads\/2019\/10\/bulent-bolukbasi-elimizden-gelenin-en-iyisini-yapip-takimi-bu-durumdan-cikartacagiz_4df596d.jpg?fit=1000%2C666","jetpack_sharing_enabled":true,"jetpack_shortlink":"https:\/\/wp.me\/paKIfm-VC6","_links":{"self":[{"href":"http:\/\/www.tvturk.com\/index.php\/wp-json\/wp\/v2\/posts\/221470","targetHints":{"allow":["GET"]}}],"collection":[{"href":"http:\/\/www.tvturk.com\/index.php\/wp-json\/wp\/v2\/posts"}],"about":[{"href":"http:\/\/www.tvturk.com\/index.php\/wp-json\/wp\/v2\/types\/post"}],"author":[{"embeddable":true,"href":"http:\/\/www.tvturk.com\/index.php\/wp-json\/wp\/v2\/users\/1"}],"replies":[{"embeddable":true,"href":"http:\/\/www.tvturk.com\/index.php\/wp-json\/wp\/v2\/comments?post=221470"}],"version-history":[{"count":0,"href":"http:\/\/www.tvturk.com\/index.php\/wp-json\/wp\/v2\/posts\/221470\/revisions"}],"wp:featuredmedia":[{"embeddable":true,"href":"http:\/\/www.tvturk.com\/index.php\/wp-json\/wp\/v2\/media\/221471"}],"wp:attachment":[{"href":"http:\/\/www.tvturk.com\/index.php\/wp-json\/wp\/v2\/media?parent=221470"}],"wp:term":[{"taxonomy":"category","embeddable":true,"href":"http:\/\/www.tvturk.com\/index.php\/wp-json\/wp\/v2\/categories?post=221470"},{"taxonomy":"post_tag","embeddable":true,"href":"http:\/\/www.tvturk.com\/index.php\/wp-json\/wp\/v2\/tags?post=221470"}],"curies":[{"name":"wp","href":"https:\/\/api.w.org\/{rel}","templated":true}]}}