{"id":221532,"date":"2019-10-29T23:02:29","date_gmt":"2019-10-29T20:02:29","guid":{"rendered":"http:\/\/www.tvturk.com\/index.php\/ispartada-cumhuriyet-coskusu\/"},"modified":"2019-10-29T23:02:29","modified_gmt":"2019-10-29T20:02:29","slug":"ispartada-cumhuriyet-coskusu","status":"publish","type":"post","link":"http:\/\/www.tvturk.com\/index.php\/ispartada-cumhuriyet-coskusu\/","title":{"rendered":"Isparta\u2019da Cumhuriyet co\u015fkusu"},"content":{"rendered":"<p>Isparta\u2019da T\u00fcrkiye Cumhuriyeti\u2019nin 96. kurulu\u015f y\u0131ld\u00f6n\u00fcm\u00fc d\u00fczenlenen fener alay\u0131yla co\u015fkuyla kutland\u0131.<\/p>\n<p>Kentte, ellerinde ay y\u0131ld\u0131zl\u0131 T\u00fcrk bayraklar\u0131 ve me\u015falelerde belediye \u00f6n\u00fcnde toplanan protokol mensuplar\u0131 ile binlerce vatanda\u015fa, Isparta Belediyesi Mehteran Tak\u0131m\u0131 ile Erenler &#8211; UYUMDER Mehteran Tak\u0131mlar\u0131n\u0131n \u00f6nc\u00fcl\u00fck etti. Mehteran tak\u0131mlar\u0131 fener alay\u0131 s\u0131ras\u0131nda birbirinden g\u00fczel mar\u015flar \u00e7alarak, y\u00fcr\u00fcy\u00fc\u015f esnas\u0131nda vatanda\u015flara co\u015fkulu bir dinleti sundu. Isparta Belediyesi \u00f6n\u00fcnden Mimar Sinan Caddesi ve H\u00fck\u00fcmet Caddesi\u2019ni takiben devam eden fener alay\u0131 ge\u00e7i\u015fi, Isparta Valili\u011fi \u00f6n\u00fcndeki 15 Temmuz Demokrasi ve Cumhuriyet Meydan\u0131\u2019na kadar devam etti.<\/p>\n<p>Burada ellerindeki T\u00fcrk bayraklar\u0131 ve yanan me\u015faleleri y\u00fcksekte tutan vatanda\u015flar, kentte ak\u015fam saatlerinde e\u015fine az rastlanan ve izlemesine doyum olmayan t\u00fcrden ayd\u0131nl\u0131kla adeta renk c\u00fcmb\u00fc\u015f\u00fc olu\u015fturdu. Fener alay\u0131 etkinli\u011fi kapsam\u0131nda ayr\u0131ca, konvoy ge\u00e7i\u015fleri de ger\u00e7ekle\u015ftirildi.<\/p>\n<p>Etkinlik, 15 Temmuz Demokrasi ve Cumhuriyet Meydan\u0131\u2019ndaki mehteran konseri, konser ve yap\u0131lan di\u011fer g\u00f6sterilerle son buldu.<\/p>\n","protected":false},"excerpt":{"rendered":"<p>ISPARTA\u2019DA T\u00dcRK\u0130YE CUMHUR\u0130YET\u0130\u2019N\u0130N 96. KURULU\u015e YILD\u00d6N\u00dcM\u00dc D\u00dcZENLENEN FENER ALAYIYLA CO\u015eKUYLA KUTLANDI.<\/p>\n","protected":false},"author":1,"featured_media":221533,"comment_status":"closed","ping_status":"open","sticky":false,"template":"","format":"standard","meta":{"jetpack_post_was_ever_published":false,"_jetpack_newsletter_access":"","_jetpack_dont_email_post_to_subs":false,"_jetpack_newsletter_tier_id":0,"_jetpack_memberships_contains_paywalled_content":false,"_jetpack_memberships_contains_paid_content":false,"footnotes":"","jetpack_publicize_message":"","jetpack_publicize_feature_enabled":true,"jetpack_social_post_already_shared":true,"jetpack_social_options":{"image_generator_settings":{"template":"highway","default_image_id":0,"font":"","enabled":false},"version":2}},"categories":[1],"tags":[6596,3307,5679],"class_list":["post-221532","post","type-post","status-publish","format-standard","has-post-thumbnail","hentry","category-genel","tag-coskusu","tag-cumhuriyet","tag-ispartada"],"jetpack_publicize_connections":[],"jetpack_featured_media_url":"https:\/\/i0.wp.com\/www.tvturk.com\/wp-content\/uploads\/2019\/10\/ispartada-cumhuriyet-coskusu_ea65a4e.jpg?fit=1000%2C750","jetpack_sharing_enabled":true,"jetpack_shortlink":"https:\/\/wp.me\/paKIfm-VD6","_links":{"self":[{"href":"http:\/\/www.tvturk.com\/index.php\/wp-json\/wp\/v2\/posts\/221532","targetHints":{"allow":["GET"]}}],"collection":[{"href":"http:\/\/www.tvturk.com\/index.php\/wp-json\/wp\/v2\/posts"}],"about":[{"href":"http:\/\/www.tvturk.com\/index.php\/wp-json\/wp\/v2\/types\/post"}],"author":[{"embeddable":true,"href":"http:\/\/www.tvturk.com\/index.php\/wp-json\/wp\/v2\/users\/1"}],"replies":[{"embeddable":true,"href":"http:\/\/www.tvturk.com\/index.php\/wp-json\/wp\/v2\/comments?post=221532"}],"version-history":[{"count":0,"href":"http:\/\/www.tvturk.com\/index.php\/wp-json\/wp\/v2\/posts\/221532\/revisions"}],"wp:featuredmedia":[{"embeddable":true,"href":"http:\/\/www.tvturk.com\/index.php\/wp-json\/wp\/v2\/media\/221533"}],"wp:attachment":[{"href":"http:\/\/www.tvturk.com\/index.php\/wp-json\/wp\/v2\/media?parent=221532"}],"wp:term":[{"taxonomy":"category","embeddable":true,"href":"http:\/\/www.tvturk.com\/index.php\/wp-json\/wp\/v2\/categories?post=221532"},{"taxonomy":"post_tag","embeddable":true,"href":"http:\/\/www.tvturk.com\/index.php\/wp-json\/wp\/v2\/tags?post=221532"}],"curies":[{"name":"wp","href":"https:\/\/api.w.org\/{rel}","templated":true}]}}