{"id":22156,"date":"2019-02-11T15:46:12","date_gmt":"2019-02-11T12:46:12","guid":{"rendered":"http:\/\/www.tvturk.com\/index.php\/suleyman-caner-tesis-ve-stadyum-konusunda-bir-gelisme-yok\/"},"modified":"2019-02-11T15:46:13","modified_gmt":"2019-02-11T12:46:13","slug":"suleyman-caner-tesis-ve-stadyum-konusunda-bir-gelisme-yok","status":"publish","type":"post","link":"http:\/\/www.tvturk.com\/index.php\/suleyman-caner-tesis-ve-stadyum-konusunda-bir-gelisme-yok\/","title":{"rendered":"S\u00fcleyman Caner: \u2019\u2019Tesis ve stadyum konusunda bir geli\u015fme yok\u2019\u2019"},"content":{"rendered":"<p>Zonguldak K\u00f6m\u00fcrspor Kul\u00fcp Ba\u015fkan\u0131 S\u00fcleyman Caner, tesis ve stadyum konusunda herhangi bir olumlu geli\u015fmenin bulunmad\u0131\u011f\u0131n\u0131 s\u00f6yledi.<\/p>\n<p>Zonguldak K\u00f6m\u00fcrspor Kul\u00fcp Ba\u015fkan\u0131 S\u00fcleyman Caner, hafta sonu oynad\u0131klar\u0131 \u015eanl\u0131urfaspor ma\u00e7\u0131ndan, tesis ve stadyumun etraf\u0131n\u0131n kapanmas\u0131na kadar bir\u00e7ok konu hakk\u0131nda a\u00e7\u0131klamalarda bulundu. Sahan\u0131n etraf\u0131n\u0131n kapanmas\u0131 konusunun ekonomik nedenler nedeniyle faaliyet program\u0131na al\u0131nmad\u0131\u011f\u0131n\u0131 dile getiren Caner, &#8220;Tesis ve stadyumun d\u00f6rt bir taraf\u0131n\u0131n kapanmas\u0131 konusunda hi\u00e7 bir geli\u015fme yok. Tesis konusunda \u00e7al\u0131\u015fmam\u0131z devam ediyor. Saha konusunda art\u0131k s\u00f6yleyece\u011fim bir \u015fey yok. Milletvekillerimiz in\u015fallah g\u00fcndeme getirecektir. G\u00f6r\u00fc\u015fmeler benim a\u00e7\u0131mdan bitmi\u015ftir. \u00c7\u00fcnk\u00fc ben belirli bir noktaya getirdim. Saham\u0131z ekonomik nedenlerden dolay\u0131 plana al\u0131nmad\u0131. Buraya gelen her bakan s\u00f6z verdi ama netice hep ayn\u0131 uygulamaya ge\u00e7ilmedi. Milletvekillerimiz bunun \u00e7aresini d\u00fc\u015f\u00fcnecektir\u2019\u2019 diye konu\u015ftu.<\/p>\n<p>&#8220;Hakeme ra\u011fmen iyi bir galibiyet ald\u0131k&#8221;<\/p>\n<p>S\u00fcleyman Caner, \u015eanl\u0131urfaspor kar\u015f\u0131s\u0131nda hakeme ra\u011fmen iyi bir galibiyet ald\u0131klar\u0131n\u0131 s\u00f6yleyerek, \u2019\u2019Galibiyet bizim a\u00e7\u0131m\u0131zdan iyi oldu. Hem puan a\u00e7\u0131s\u0131ndan hem de alttaki tak\u0131mlar aras\u0131ndan puan fark\u0131 a\u00e7ma a\u00e7\u0131s\u0131ndan. \u00c7ok zor bir m\u00fcsabaka oldu. \u0130kinci yar\u0131n\u0131n ilk \u00fc\u00e7 ma\u00e7\u0131n\u0131 berabere bitirdik. Bunlar\u0131n 3\u2019\u00fcnden de galibiyetle ayr\u0131labilirdik. \u0130yi futbolu golle sonu\u00e7land\u0131ramay\u0131nca istedi\u011fimizi alamad\u0131k. Ama tak\u0131m\u0131m\u0131z bu ma\u00e7ta ger\u00e7ekten yine ayn\u0131 m\u00fccadelesini ortaya koydu. Hakeme ra\u011fmen b\u00fct\u00fcn T\u00fcrkiye g\u00f6rd\u00fc. Hakemin isabetli karar\u0131 olmamas\u0131na ra\u011fmen galibiyetle ayr\u0131ld\u0131k. \u0130n\u015fallah bu galibiyetlerin devam\u0131 gelir&#8221; dedi.<\/p>\n<p>&#8220;Eski co\u015fku kalmad\u0131&#8221;<\/p>\n<p>Taraftarlar\u0131n da eski co\u015fkusunun kalmad\u0131\u011f\u0131n\u0131 ifade eden Ba\u015fkan Caner, &#8220;Devam\u0131n\u0131n da gelmesi i\u00e7in kent olarak birlik beraberlik i\u00e7erisinde olmamam\u0131z gerek. Taraftar\u0131yla, \u015fehrin ileri gelenleriyle, y\u00f6netimiyle, esnaf\u0131m\u0131zla kenetlenece\u011fiz. Zonguldak\u2019ta tek profesyonel tak\u0131m var ama \u00f6yle bir hava var ki san ki hi\u00e7 profesyonel tak\u0131m yok. Bak\u0131yorum art\u0131k eski co\u015fku da yok. Asl\u0131nda eski ile yenisi aras\u0131nda fark yok. Biz zaten yokluk i\u00e7inde olmayan rakamlarla bu tak\u0131m\u0131 buraya getirdik. Yine yokluk var\u2019\u2019 \u015feklinde konu\u015ftu.<\/p>\n<p>&#8220;Onur Eri\u015f\u2019ten gelen para bor\u00e7lu oldu\u011fumuz oyunculara ve yeni transferlere gitti&#8221;<\/p>\n<p>Zonguldak K\u00f6m\u00fcrspor S\u00fcleyman Caner, Onur Eri\u015f transferiyle gelen paran\u0131n yeni transferlere ve bor\u00e7lu olduklara oyunculara gitti\u011fini s\u00f6yleyerek, &#8220;Futbolcu satt\u0131k diyorsunuz. Satt\u0131k ama transfer a\u00e7\u0131l\u0131rken yap\u0131lan masraflar var. Ayr\u0131ca bizi federasyona veren arkada\u015flar\u0131m\u0131z var. Yeni yap\u0131lan transferlere harcad\u0131\u011f\u0131m\u0131z paralarla elde etti\u011fimiz gelir kafa kafaya geldi. B\u00fct\u00fcn beklenti ba\u015fta Valimiz olmak \u00fczere milletvekillerimizle beraber b\u00fct\u00fcn zorluklar\u0131n \u00fcstesinden gelece\u011fiz. Zonguldakspor bu ligde kalmal\u0131 ve ligi en iyi \u015fekilde bitirmelidir. Hedefimiz bu. Bunun i\u00e7in u\u011fra\u015f\u0131yoruz&#8221; a\u00e7\u0131klamas\u0131nda bulundu.<\/p>\n<p>\u2019\u2019\u00d6nceli\u011fimiz oyuncular\u0131n al\u0131n terinin verilmesi\u2019\u2019<\/p>\n<p>\u00d6nceliklerinin futbolcular\u0131n al\u0131n terlerinin kar\u015f\u0131l\u0131\u011f\u0131n\u0131n verilmesi oldu\u011funu ifade eden Ba\u015fkan Caner, &#8220;Biz yukar\u0131 \u00e7\u0131kabiliriz, her \u015fey olabilir. Ama \u00f6nceli\u011fimiz \u00e7ocuklar\u0131n al\u0131n terlerini vermek. Bunun i\u00e7in u\u011fra\u015f\u0131yoruz. 5 milletvekili bir masaya oturabilirsek, Zonguldakspor\u2019a nas\u0131l k\u00f6kten \u00e7\u00f6z\u00fcm bulabiliriz, bunun u\u011fra\u015f\u0131n\u0131 vermemiz gerek. Bunlar\u0131 halletmedi\u011fimiz s\u00fcrece bor\u00e7 ve s\u0131k\u0131nt\u0131 devam edecek. Bir araya gelmemiz laz\u0131m. Herkesi hafta sonu oynanacak ma\u00e7a davet ediyorum. Herkes kenetlensin ve tak\u0131m\u0131na sahip \u00e7\u0131ks\u0131n.\u2019\u2019\u015feklinde konu\u015ftu.<div class=\"tiled-gallery type-rectangular tiled-gallery-unresized\" data-original-width=\"500\" data-carousel-extra='null' itemscope itemtype=\"http:\/\/schema.org\/ImageGallery\" > <div class=\"gallery-row\" style=\"width: 500px; height: 680px;\" data-original-width=\"500\" data-original-height=\"680\" > <div class=\"gallery-group images-1\" style=\"width: 500px; height: 680px;\" data-original-width=\"500\" data-original-height=\"680\" > <div class=\"tiled-gallery-item tiled-gallery-item-large\" itemprop=\"associatedMedia\" itemscope itemtype=\"http:\/\/schema.org\/ImageObject\"> <a href=\"http:\/\/www.tvturk.com\/index.php\/suleyman-caner-tesis-ve-stadyum-konusunda-bir-gelisme-yok\/suleyman-caner-tesis-ve-stadyum-konusunda-bir-gelisme-yok-3\/\" border=\"0\" itemprop=\"url\"> <meta itemprop=\"width\" content=\"496\"> <meta itemprop=\"height\" content=\"676\"> <img decoding=\"async\" class=\"\" data-attachment-id=\"22158\" data-orig-file=\"http:\/\/www.tvturk.com\/wp-content\/uploads\/2019\/02\/suleyman-caner-tesis-ve-stadyum-konusunda-bir-gelisme-yok_7dd3139.jpg\" data-orig-size=\"528,720\" data-comments-opened=\"\" data-image-meta=\"{&quot;aperture&quot;:&quot;0&quot;,&quot;credit&quot;:&quot;IHA&quot;,&quot;camera&quot;:&quot;&quot;,&quot;caption&quot;:&quot;ZONGULDAK K\\u00d6M\\u00dcRSPOR KUL\\u00dcP BA\\u015eKANI S\\u00dcLEYMAN CANER, HAFTA SONU DEPLASMANDA 1-0 MA\\u011eLUP ETT\\u0130KLER\\u0130 \\u015eANLIURFASPOR MA\\u00c7INA, TES\\u0130S VE STADYUMUN ETRAFININ KAPANMASI HAKKINDA A\\u00c7IKLAMALARDA BULUNDU. (\\u0130HA\\\/ZONGULDAK-\\u0130HA)&quot;,&quot;created_timestamp&quot;:&quot;1549928400&quot;,&quot;copyright&quot;:&quot;\\u0130HLAS HABER AJANSI, www.iha.com.tr&quot;,&quot;focal_length&quot;:&quot;0&quot;,&quot;iso&quot;:&quot;0&quot;,&quot;shutter_speed&quot;:&quot;0&quot;,&quot;title&quot;:&quot;S\\u00dcLEYMAN CANER: \\u0027\\u0027TES\\u0130S VE STADYUM KONUSUNDA B\\u0130R GEL\\u0130\\u015eME YOK\\u0027\\u0027&quot;,&quot;orientation&quot;:&quot;0&quot;}\" data-image-title=\"S\u00fcleyman Caner: \u2019\u2019Tesis ve stadyum konusunda bir geli\u015fme yok\u2019\u2019\" data-image-description=\"&lt;p&gt;S\u00fcleyman Caner: \u2019\u2019Tesis ve stadyum konusunda bir geli\u015fme yok\u2019\u2019&lt;\/p&gt; \" data-medium-file=\"https:\/\/i0.wp.com\/www.tvturk.com\/wp-content\/uploads\/2019\/02\/suleyman-caner-tesis-ve-stadyum-konusunda-bir-gelisme-yok_7dd3139.jpg?fit=220%2C300\" data-large-file=\"https:\/\/i0.wp.com\/www.tvturk.com\/wp-content\/uploads\/2019\/02\/suleyman-caner-tesis-ve-stadyum-konusunda-bir-gelisme-yok_7dd3139.jpg?fit=528%2C720\" src=\"https:\/\/i0.wp.com\/www.tvturk.com\/wp-content\/uploads\/2019\/02\/suleyman-caner-tesis-ve-stadyum-konusunda-bir-gelisme-yok_7dd3139.jpg?w=496&#038;h=676\" srcset=\"https:\/\/i0.wp.com\/www.tvturk.com\/wp-content\/uploads\/2019\/02\/suleyman-caner-tesis-ve-stadyum-konusunda-bir-gelisme-yok_7dd3139.jpg?w=528 528w, https:\/\/i0.wp.com\/www.tvturk.com\/wp-content\/uploads\/2019\/02\/suleyman-caner-tesis-ve-stadyum-konusunda-bir-gelisme-yok_7dd3139.jpg?resize=110%2C150 110w, https:\/\/i0.wp.com\/www.tvturk.com\/wp-content\/uploads\/2019\/02\/suleyman-caner-tesis-ve-stadyum-konusunda-bir-gelisme-yok_7dd3139.jpg?resize=220%2C300 220w\" width=\"496\" height=\"676\" loading=\"lazy\" data-original-width=\"496\" data-original-height=\"676\" itemprop=\"http:\/\/schema.org\/image\" title=\"S\u00fcleyman Caner: \u2019\u2019Tesis ve stadyum konusunda bir geli\u015fme yok\u2019\u2019\" alt=\"S\u00fcleyman Caner: \u2019\u2019Tesis ve stadyum konusunda bir geli\u015fme yok\u2019\u2019\" style=\"width: 496px; height: 676px;\" \/> <\/a> <\/div> <\/div> <!-- close group --> <\/div> <!-- close row --> <\/div><\/p>\n","protected":false},"excerpt":{"rendered":"<p>ZONGULDAK K\u00d6M\u00dcRSPOR KUL\u00dcP BA\u015eKANI S\u00dcLEYMAN CANER, HAFTA SONU DEPLASMANDA 1-0 MA\u011eLUP ETT\u0130KLER\u0130 \u015eANLIURFASPOR MA\u00c7INA, TES\u0130S VE STADYUMUN ETRAFININ KAPANMASI HAKKINDA A\u00c7IKLAMALARDA BULUNDU.<\/p>\n","protected":false},"author":1,"featured_media":22157,"comment_status":"closed","ping_status":"open","sticky":false,"template":"","format":"standard","meta":{"jetpack_post_was_ever_published":false,"_jetpack_newsletter_access":"","_jetpack_dont_email_post_to_subs":false,"_jetpack_newsletter_tier_id":0,"_jetpack_memberships_contains_paywalled_content":false,"_jetpack_memberships_contains_paid_content":false,"footnotes":"","jetpack_publicize_message":"","jetpack_publicize_feature_enabled":true,"jetpack_social_post_already_shared":false,"jetpack_social_options":{"image_generator_settings":{"template":"highway","default_image_id":0,"font":"","enabled":false},"version":2}},"categories":[657],"tags":[125,9520,5085,272,9521,9519,4057,664],"class_list":["post-22156","post","type-post","status-publish","format-standard","has-post-thumbnail","hentry","category-spor","tag-bir","tag-caner","tag-gelisme","tag-konusunda","tag-stadyum","tag-suleyman","tag-tesis","tag-yok"],"jetpack_publicize_connections":[],"jetpack_featured_media_url":"https:\/\/i0.wp.com\/www.tvturk.com\/wp-content\/uploads\/2019\/02\/suleyman-caner-tesis-ve-stadyum-konusunda-bir-gelisme-yok_e2b6d13.jpg?fit=720%2C540","jetpack_sharing_enabled":true,"jetpack_shortlink":"https:\/\/wp.me\/paKIfm-5Lm","_links":{"self":[{"href":"http:\/\/www.tvturk.com\/index.php\/wp-json\/wp\/v2\/posts\/22156","targetHints":{"allow":["GET"]}}],"collection":[{"href":"http:\/\/www.tvturk.com\/index.php\/wp-json\/wp\/v2\/posts"}],"about":[{"href":"http:\/\/www.tvturk.com\/index.php\/wp-json\/wp\/v2\/types\/post"}],"author":[{"embeddable":true,"href":"http:\/\/www.tvturk.com\/index.php\/wp-json\/wp\/v2\/users\/1"}],"replies":[{"embeddable":true,"href":"http:\/\/www.tvturk.com\/index.php\/wp-json\/wp\/v2\/comments?post=22156"}],"version-history":[{"count":1,"href":"http:\/\/www.tvturk.com\/index.php\/wp-json\/wp\/v2\/posts\/22156\/revisions"}],"predecessor-version":[{"id":22159,"href":"http:\/\/www.tvturk.com\/index.php\/wp-json\/wp\/v2\/posts\/22156\/revisions\/22159"}],"wp:featuredmedia":[{"embeddable":true,"href":"http:\/\/www.tvturk.com\/index.php\/wp-json\/wp\/v2\/media\/22157"}],"wp:attachment":[{"href":"http:\/\/www.tvturk.com\/index.php\/wp-json\/wp\/v2\/media?parent=22156"}],"wp:term":[{"taxonomy":"category","embeddable":true,"href":"http:\/\/www.tvturk.com\/index.php\/wp-json\/wp\/v2\/categories?post=22156"},{"taxonomy":"post_tag","embeddable":true,"href":"http:\/\/www.tvturk.com\/index.php\/wp-json\/wp\/v2\/tags?post=22156"}],"curies":[{"name":"wp","href":"https:\/\/api.w.org\/{rel}","templated":true}]}}