{"id":221590,"date":"2019-10-30T10:16:39","date_gmt":"2019-10-30T07:16:39","guid":{"rendered":"http:\/\/www.tvturk.com\/index.php\/sinirin-turkiye-tarafi-da-huzura-kavustu\/"},"modified":"2019-10-30T10:16:39","modified_gmt":"2019-10-30T07:16:39","slug":"sinirin-turkiye-tarafi-da-huzura-kavustu","status":"publish","type":"post","link":"http:\/\/www.tvturk.com\/index.php\/sinirin-turkiye-tarafi-da-huzura-kavustu\/","title":{"rendered":"S\u0131n\u0131r\u0131n T\u00fcrkiye taraf\u0131 da huzura kavu\u015ftu"},"content":{"rendered":"<p>\u015eanl\u0131urfa\u2019n\u0131n Ak\u00e7akale il\u00e7esinde s\u0131n\u0131r hatt\u0131na yak\u0131n mahallelerde oturan vatanda\u015flar ve Suriyeliler, Tel Abyad\u2019\u0131n ter\u00f6rden ar\u0131nd\u0131r\u0131lmas\u0131yla huzura kavu\u015ftuklar\u0131n\u0131 s\u00f6yledi.<\/p>\n<p>Ak\u00e7akale il\u00e7esinin kar\u0131\u015f\u0131\u015f\u0131nda bulunan Tel Abyad ile Ceylanp\u0131nar il\u00e7esinin kar\u015f\u0131s\u0131nda bulunan Resulayn, Bar\u0131\u015f P\u0131nar\u0131 Harekat\u0131 ile ter\u00f6r \u00f6rg\u00fctt\u00fc PYD\/YPG\u2019den al\u0131nd\u0131. Bu il\u00e7elerde kontrol\u00fcn T\u00fcrk Silahl\u0131 Kuvvetleri (TSK) ve Suriye Milli Ordusu\u2019na (SMO) ge\u00e7mesiyle hem T\u00fcrkiye hem de Suriye taraf\u0131nda s\u0131n\u0131ra yak\u0131n b\u00f6lgelerde ya\u015fayanlar huzura kavu\u015ftu. S\u0131n\u0131ra yak\u0131n mahallelerde oturan vatanda\u015flar, harekat\u0131n ard\u0131ndan huzur ortam\u0131n\u0131n sa\u011flanmas\u0131na vesile olan Cumhurba\u015fkan\u0131 Recep Tayyip Erdo\u011fan\u2019a te\u015fekk\u00fcr etti.<\/p>\n<p>Vatanda\u015flar rahat nefes ald\u0131<\/p>\n<p>S\u0131n\u0131r mahallerindeki evlerinden ka\u00e7arak g\u00fcvenli b\u00f6lgelere giden ve harekat\u0131n ard\u0131ndan tekrar evlerine d\u00f6nen vatanda\u015flar ve Suriyeliler parklara ak\u0131n etti. Aileleriyle birlikte parklara giden \u00e7ocuklar da g\u00fcvenli alanlarda g\u00f6n\u00fcllerince e\u011flendi.<\/p>\n<p>Cumhurba\u015fkan\u0131 Erdo\u011fan\u2019a te\u015fekk\u00fcr eden Suriyeli Harran El Ahmet, \u201cAllah raz\u0131 olsun. Tel Abyad\u2019da ya\u015fayanlar da bu memlekette ya\u015fayanlar da karde\u015ftir. Bizim i\u00e7in Tel Abyad\u2019\u0131n ve Ak\u00e7akale\u2019nin bir fark\u0131 yok. Allah raz\u0131 olsun Erdo\u011fan\u2019dan, harekat ile bu il\u00e7eleri ter\u00f6rden ar\u0131nd\u0131rd\u0131. \u00c7ok \u015f\u00fck\u00fcr \u015fimdi insanlar huzura kavu\u015ftu\u201d dedi.<\/p>\n<p>Harekat sonras\u0131 huzur i\u00e7inde ya\u015famaya ba\u015flad\u0131klar\u0131n\u0131 aktaran Re\u015fat Av\u015fin ise \u201cCumhurba\u015fkan\u0131 Erdo\u011fan olmasayd\u0131 belki de \u015fu an ya\u015fayamazd\u0131k. Allah\u2019a \u015f\u00fck\u00fcrler olsun onun sayesinde \u015fu an rahat i\u00e7indeyiz. Hem Tel Abyad taraf\u0131 hem de Ak\u00e7akale taraf\u0131 huzura kavu\u015ftu. G\u00f6r\u00fcld\u00fc\u011f\u00fc gibi insanlar huzur i\u00e7inde aileleriyle parklarda zaman ge\u00e7iriyorlar. Allah raz\u0131 olsun\u201d ifadelerini kuland\u0131.<\/p>\n","protected":false},"excerpt":{"rendered":"<p>\u015eANLIURFA\u2019NIN AK\u00c7AKALE \u0130L\u00c7ES\u0130NDE SINIR HATTINA YAKIN MAHALLELERDE OTURAN VATANDA\u015eLAR VE SUR\u0130YEL\u0130LER, TEL ABYAD\u2019IN TER\u00d6RDEN ARINDIRILMASIYLA HUZURA KAVU\u015eTUKLARINI S\u00d6YLED\u0130.<\/p>\n","protected":false},"author":1,"featured_media":221591,"comment_status":"closed","ping_status":"open","sticky":false,"template":"","format":"standard","meta":{"jetpack_post_was_ever_published":false,"_jetpack_newsletter_access":"","_jetpack_dont_email_post_to_subs":false,"_jetpack_newsletter_tier_id":0,"_jetpack_memberships_contains_paywalled_content":false,"_jetpack_memberships_contains_paid_content":false,"footnotes":"","jetpack_publicize_message":"","jetpack_publicize_feature_enabled":true,"jetpack_social_post_already_shared":true,"jetpack_social_options":{"image_generator_settings":{"template":"highway","default_image_id":0,"font":"","enabled":false},"version":2}},"categories":[1],"tags":[14104,1825,7263,18818,453],"class_list":["post-221590","post","type-post","status-publish","format-standard","has-post-thumbnail","hentry","category-genel","tag-huzura","tag-kavustu","tag-sinirin","tag-tarafi","tag-turkiye"],"jetpack_publicize_connections":[],"jetpack_featured_media_url":"https:\/\/i0.wp.com\/www.tvturk.com\/wp-content\/uploads\/2019\/10\/sinirin-turkiye-tarafi-da-huzura-kavustu_7f04a7d.jpg?fit=1000%2C644","jetpack_sharing_enabled":true,"jetpack_shortlink":"https:\/\/wp.me\/paKIfm-VE2","_links":{"self":[{"href":"http:\/\/www.tvturk.com\/index.php\/wp-json\/wp\/v2\/posts\/221590","targetHints":{"allow":["GET"]}}],"collection":[{"href":"http:\/\/www.tvturk.com\/index.php\/wp-json\/wp\/v2\/posts"}],"about":[{"href":"http:\/\/www.tvturk.com\/index.php\/wp-json\/wp\/v2\/types\/post"}],"author":[{"embeddable":true,"href":"http:\/\/www.tvturk.com\/index.php\/wp-json\/wp\/v2\/users\/1"}],"replies":[{"embeddable":true,"href":"http:\/\/www.tvturk.com\/index.php\/wp-json\/wp\/v2\/comments?post=221590"}],"version-history":[{"count":0,"href":"http:\/\/www.tvturk.com\/index.php\/wp-json\/wp\/v2\/posts\/221590\/revisions"}],"wp:featuredmedia":[{"embeddable":true,"href":"http:\/\/www.tvturk.com\/index.php\/wp-json\/wp\/v2\/media\/221591"}],"wp:attachment":[{"href":"http:\/\/www.tvturk.com\/index.php\/wp-json\/wp\/v2\/media?parent=221590"}],"wp:term":[{"taxonomy":"category","embeddable":true,"href":"http:\/\/www.tvturk.com\/index.php\/wp-json\/wp\/v2\/categories?post=221590"},{"taxonomy":"post_tag","embeddable":true,"href":"http:\/\/www.tvturk.com\/index.php\/wp-json\/wp\/v2\/tags?post=221590"}],"curies":[{"name":"wp","href":"https:\/\/api.w.org\/{rel}","templated":true}]}}