{"id":22166,"date":"2019-02-11T15:51:01","date_gmt":"2019-02-11T12:51:01","guid":{"rendered":"http:\/\/www.tvturk.com\/index.php\/yarali-orman-baykusu-koruma-altina-alindi\/"},"modified":"2019-02-11T15:51:01","modified_gmt":"2019-02-11T12:51:01","slug":"yarali-orman-baykusu-koruma-altina-alindi","status":"publish","type":"post","link":"http:\/\/www.tvturk.com\/index.php\/yarali-orman-baykusu-koruma-altina-alindi\/","title":{"rendered":"Yaral\u0131 orman bayku\u015fu koruma alt\u0131na al\u0131nd\u0131"},"content":{"rendered":"<p>Konya\u2019da, bir vatanda\u015f taraf\u0131ndan yaral\u0131 halde bulunan orman bayku\u015fu koruma alt\u0131na al\u0131nd\u0131.<\/p>\n<p>Edinilen bilgiye g\u00f6re, Bey\u015fehir Milli Parklar \u015eefli\u011fi g\u00f6revlileri, sorumluluk alan\u0131 olan Seydi\u015fehir il\u00e7esi Su\u011fla mevkisinde bir vatanda\u015f taraf\u0131ndan u\u00e7amaz vaziyette bulunan bir orman bayku\u015funun Belediye zab\u0131ta ekiplerince teslim al\u0131nd\u0131\u011f\u0131 bilgisi \u00fczerine harekete ge\u00e7ti. Seydi\u015fehir il\u00e7esine giden ekipler, zab\u0131ta g\u00f6revlilerinden teslim ald\u0131\u011f\u0131 ve yaral\u0131 oldu\u011fu tespit edilen kulakl\u0131 orman bayku\u015funu tedavisi yap\u0131lmak \u00fczere Karatay Hayvanat Bah\u00e7esi Veteriner Hekimli\u011fine g\u00f6t\u00fcrd\u00fc. Yaral\u0131 bayku\u015fun tedavisinin ard\u0131ndan tekrar do\u011faya b\u0131rak\u0131laca\u011f\u0131 \u00f6\u011frenildi.<\/p>\n","protected":false},"excerpt":{"rendered":"<p>KONYA&#8217;DA, B\u0130R VATANDA\u015e TARAFINDAN YARALI HALDE BULUNAN ORMAN BAYKU\u015eU KORUMA ALTINA ALINDI.<\/p>\n","protected":false},"author":1,"featured_media":22167,"comment_status":"closed","ping_status":"open","sticky":false,"template":"","format":"standard","meta":{"jetpack_post_was_ever_published":false,"_jetpack_newsletter_access":"","_jetpack_dont_email_post_to_subs":false,"_jetpack_newsletter_tier_id":0,"_jetpack_memberships_contains_paywalled_content":false,"_jetpack_memberships_contains_paid_content":false,"footnotes":"","jetpack_publicize_message":"","jetpack_publicize_feature_enabled":true,"jetpack_social_post_already_shared":false,"jetpack_social_options":{"image_generator_settings":{"template":"highway","default_image_id":0,"font":"","enabled":false},"version":2}},"categories":[655],"tags":[1014,1186,3140,1185,2404,774],"class_list":["post-22166","post","type-post","status-publish","format-standard","has-post-thumbnail","hentry","category-son-dakika","tag-alindi","tag-altina","tag-baykusu","tag-koruma","tag-orman","tag-yarali"],"jetpack_publicize_connections":[],"jetpack_featured_media_url":"https:\/\/i0.wp.com\/www.tvturk.com\/wp-content\/uploads\/2019\/02\/yarali-orman-baykusu-koruma-altina-alindi_7275be9.jpg?fit=540%2C960","jetpack_sharing_enabled":true,"jetpack_shortlink":"https:\/\/wp.me\/paKIfm-5Lw","_links":{"self":[{"href":"http:\/\/www.tvturk.com\/index.php\/wp-json\/wp\/v2\/posts\/22166","targetHints":{"allow":["GET"]}}],"collection":[{"href":"http:\/\/www.tvturk.com\/index.php\/wp-json\/wp\/v2\/posts"}],"about":[{"href":"http:\/\/www.tvturk.com\/index.php\/wp-json\/wp\/v2\/types\/post"}],"author":[{"embeddable":true,"href":"http:\/\/www.tvturk.com\/index.php\/wp-json\/wp\/v2\/users\/1"}],"replies":[{"embeddable":true,"href":"http:\/\/www.tvturk.com\/index.php\/wp-json\/wp\/v2\/comments?post=22166"}],"version-history":[{"count":0,"href":"http:\/\/www.tvturk.com\/index.php\/wp-json\/wp\/v2\/posts\/22166\/revisions"}],"wp:featuredmedia":[{"embeddable":true,"href":"http:\/\/www.tvturk.com\/index.php\/wp-json\/wp\/v2\/media\/22167"}],"wp:attachment":[{"href":"http:\/\/www.tvturk.com\/index.php\/wp-json\/wp\/v2\/media?parent=22166"}],"wp:term":[{"taxonomy":"category","embeddable":true,"href":"http:\/\/www.tvturk.com\/index.php\/wp-json\/wp\/v2\/categories?post=22166"},{"taxonomy":"post_tag","embeddable":true,"href":"http:\/\/www.tvturk.com\/index.php\/wp-json\/wp\/v2\/tags?post=22166"}],"curies":[{"name":"wp","href":"https:\/\/api.w.org\/{rel}","templated":true}]}}