{"id":221692,"date":"2019-10-30T12:46:54","date_gmt":"2019-10-30T09:46:54","guid":{"rendered":"http:\/\/www.tvturk.com\/index.php\/paylas-insani-yardim-dernegi-istanbulda-temsilcilik-acti\/"},"modified":"2019-10-30T12:46:54","modified_gmt":"2019-10-30T09:46:54","slug":"paylas-insani-yardim-dernegi-istanbulda-temsilcilik-acti","status":"publish","type":"post","link":"http:\/\/www.tvturk.com\/index.php\/paylas-insani-yardim-dernegi-istanbulda-temsilcilik-acti\/","title":{"rendered":"Payla\u015f \u0130nsani Yard\u0131m Derne\u011fi \u0130stanbul\u2019da temsilcilik a\u00e7t\u0131"},"content":{"rendered":"<p>Gaziantep merkezli Payla\u015f \u0130nsani Yard\u0131m Derne\u011fi, Ankara\u2019n\u0131n ard\u0131ndan \u0130stanbul\u2019da da temsilcilik a\u00e7t\u0131.<\/p>\n<p>Temsilcilik say\u0131s\u0131n\u0131 artt\u0131rmay\u0131 hedefleyen Gaziantep merkezli Payla\u015f \u0130nsani Yard\u0131m Derne\u011fi, \u0130stanbul Temsilcili\u011fi, Ey\u00fcpsultan il\u00e7esinde dualarla a\u00e7\u0131ld\u0131. A\u00e7\u0131l\u0131\u015fa dernek g\u00f6n\u00fcll\u00fcleri ve sivil toplum kurulu temsilcileri kat\u0131ld\u0131. Kurdele kesiminin ard\u0131ndan konu\u015fan Payla\u015f \u0130nsani Yard\u0131m Derne\u011fi \u0130stanbul Temsilcisi Ayhan Ayd\u0131n, dernek olarak din, dil, \u0131rk, mezhep ay\u0131rt etmeksizin d\u00fcnyan\u0131n her neresinde olursa olsun ihtiya\u00e7 sahibi insanlar\u0131n yard\u0131m\u0131na ko\u015ftuklar\u0131n\u0131 belirtti.<\/p>\n<p>Ayd\u0131n; g\u0131da, sa\u011fl\u0131k, giyim, e\u011fitim, yakacak, kira, bar\u0131nma, evlenme, yuva kurma ve benzer b\u00fct\u00fcn konularda nakdi, maddi ve manevi yard\u0131mlarda bulunmay\u0131 kendilerine g\u00f6rev edindiklerini, \u00e7al\u0131\u015fmalar\u0131na ayn\u0131 anlay\u0131\u015fla yeni a\u00e7\u0131lan temsilcilikte de devam edeceklerini s\u00f6yledi.<\/p>\n<p>&#8220;G\u00f6nl\u00fcm\u00fcz\u00fc ortaya koyduk&#8221;<\/p>\n<p>A\u00e7\u0131l\u0131\u015fta konu\u015fan Payla\u015f \u0130nsani Yard\u0131m Derne\u011fi Ba\u015fkan\u0131 Ali K\u0131rm\u0131z\u0131, &#8220;\u0130stanbul temsilcili\u011fimizi a\u00e7maktan dolay\u0131 \u00e7ok mutluyuz. Her ge\u00e7en g\u00fcn daha da b\u00fcy\u00fcyerek bir\u00e7ok \u015fehrimizde temsilcilik a\u00e7may\u0131 hedefliyoruz. Bizim i\u015fimiz nerede yard\u0131ma muhta\u00e7 insan varsa oraya ko\u015fmak ve hay\u0131r k\u00f6pr\u00fcs\u00fc g\u00f6reviyle ba\u011f\u0131\u015f\u00e7\u0131lar\u0131m\u0131zdan gelen ba\u011f\u0131\u015flar\u0131 sahiplerine ula\u015ft\u0131rmak. Bug\u00fcn bu ruhla \u0130stanbul\u2019da g\u00f6rev alan arkada\u015flar\u0131m\u0131z da g\u00f6revlerini yerine getireceklerdir. Bu i\u015f her \u015feyden \u00f6nce g\u00f6n\u00fcl i\u015fidir. Bizlerde g\u00f6nl\u00fcm\u00fcz\u00fc ortaya koyduk&#8221; dedi.<\/p>\n","protected":false},"excerpt":{"rendered":"<p>GAZ\u0130ANTEP MERKEZL\u0130 PAYLA\u015e \u0130NSAN\u0130 YARDIM DERNE\u011e\u0130, ANKARA\u2019NIN ARDINDAN \u0130STANBUL\u2019DA DA TEMS\u0130LC\u0130L\u0130K A\u00c7TI.<\/p>\n","protected":false},"author":1,"featured_media":221693,"comment_status":"closed","ping_status":"open","sticky":false,"template":"","format":"standard","meta":{"jetpack_post_was_ever_published":false,"_jetpack_newsletter_access":"","_jetpack_dont_email_post_to_subs":false,"_jetpack_newsletter_tier_id":0,"_jetpack_memberships_contains_paywalled_content":false,"_jetpack_memberships_contains_paid_content":false,"footnotes":"","jetpack_publicize_message":"","jetpack_publicize_feature_enabled":true,"jetpack_social_post_already_shared":true,"jetpack_social_options":{"image_generator_settings":{"template":"highway","default_image_id":0,"font":"","enabled":false},"version":2}},"categories":[1],"tags":[1494,6333,4009,1268,52398,18257,1736],"class_list":["post-221692","post","type-post","status-publish","format-standard","has-post-thumbnail","hentry","category-genel","tag-acti","tag-dernegi","tag-insani","tag-istanbulda","tag-paylas","tag-temsilcilik","tag-yardim"],"jetpack_publicize_connections":[],"jetpack_featured_media_url":"https:\/\/i0.wp.com\/www.tvturk.com\/wp-content\/uploads\/2019\/10\/paylas-insani-yardim-dernegi-istanbulda-temsilcilik-acti_ecca5ed.jpg?fit=1000%2C562","jetpack_sharing_enabled":true,"jetpack_shortlink":"https:\/\/wp.me\/paKIfm-VFG","_links":{"self":[{"href":"http:\/\/www.tvturk.com\/index.php\/wp-json\/wp\/v2\/posts\/221692","targetHints":{"allow":["GET"]}}],"collection":[{"href":"http:\/\/www.tvturk.com\/index.php\/wp-json\/wp\/v2\/posts"}],"about":[{"href":"http:\/\/www.tvturk.com\/index.php\/wp-json\/wp\/v2\/types\/post"}],"author":[{"embeddable":true,"href":"http:\/\/www.tvturk.com\/index.php\/wp-json\/wp\/v2\/users\/1"}],"replies":[{"embeddable":true,"href":"http:\/\/www.tvturk.com\/index.php\/wp-json\/wp\/v2\/comments?post=221692"}],"version-history":[{"count":0,"href":"http:\/\/www.tvturk.com\/index.php\/wp-json\/wp\/v2\/posts\/221692\/revisions"}],"wp:featuredmedia":[{"embeddable":true,"href":"http:\/\/www.tvturk.com\/index.php\/wp-json\/wp\/v2\/media\/221693"}],"wp:attachment":[{"href":"http:\/\/www.tvturk.com\/index.php\/wp-json\/wp\/v2\/media?parent=221692"}],"wp:term":[{"taxonomy":"category","embeddable":true,"href":"http:\/\/www.tvturk.com\/index.php\/wp-json\/wp\/v2\/categories?post=221692"},{"taxonomy":"post_tag","embeddable":true,"href":"http:\/\/www.tvturk.com\/index.php\/wp-json\/wp\/v2\/tags?post=221692"}],"curies":[{"name":"wp","href":"https:\/\/api.w.org\/{rel}","templated":true}]}}