{"id":221918,"date":"2019-10-30T17:32:12","date_gmt":"2019-10-30T14:32:12","guid":{"rendered":"http:\/\/www.tvturk.com\/index.php\/kizilaydan-miniklere-ucurtma-senligi\/"},"modified":"2019-10-30T17:32:12","modified_gmt":"2019-10-30T14:32:12","slug":"kizilaydan-miniklere-ucurtma-senligi","status":"publish","type":"post","link":"http:\/\/www.tvturk.com\/index.php\/kizilaydan-miniklere-ucurtma-senligi\/","title":{"rendered":"K\u0131z\u0131lay\u2019dan miniklere u\u00e7urtma \u015fenli\u011fi"},"content":{"rendered":"<p>Afyonkarahisar\u2019da 29 Ekim-4 Kas\u0131m K\u0131z\u0131lay Haftas\u0131 etkinlikleri kapsam\u0131nda Gen\u00e7 K\u0131z\u0131lay Toplulu\u011fu taraf\u0131ndan minik \u00e7ocuklara y\u00f6nelik u\u00e7urtma \u015fenli\u011fi d\u00fczenlendi.<\/p>\n<p>Gen\u00e7 K\u0131z\u0131lay Toplulu\u011fu taraf\u0131ndan, Afyonkarahisar\u2019\u0131n \u0130scehisar il\u00e7esine ba\u011fl\u0131 Karakaya K\u00f6y\u00fc\u2019nde bulunan ilkokul \u00f6\u011frencilerine y\u00f6nelik u\u00e7urtma \u015fenli\u011fi d\u00fczenlendi. Afyon Kocatepe \u00dcniversite (AK\u00dc) Bar\u0131\u015f Man\u00e7o etkinlik alan\u0131nda d\u00fczenlenen u\u00e7urtma \u015fenli\u011fine Afyon Kocatepe \u00dcniversitesi ve T\u00fcrk K\u0131z\u0131lay\u0131 Afyonkarahisar \u015eubesi de destek verdi. 30 \u00f6\u011frencinin kat\u0131ld\u0131\u011f\u0131 etkinlikte \u00e7ocuklar T\u00fcrk bayrakl\u0131 u\u00e7urtmalar\u0131n\u0131 u\u00e7urmaya \u00e7al\u0131\u015ft\u0131. G\u00fcn boyu s\u00fcren etkinlilerde minik \u00f6\u011frenciler g\u00f6n\u00fcllerince e\u011flendi.<\/p>\n<p>&#8220;\u00c7ocuklar\u0131n y\u00fczlerindeki mutluluk her \u015feye de\u011fer&#8221;<\/p>\n<p>T\u00fcrk K\u0131z\u0131lay\u0131 Afyonkarahisar \u015eube Ba\u015fkan\u0131 Fatih Okyar yapt\u0131\u011f\u0131 a\u00e7\u0131klamada, minik \u00e7ocuklara u\u00e7urtma \u015fenli\u011finde bulu\u015fturduklar\u0131n\u0131 s\u00f6yledi. Okyar \u201cK\u0131z\u0131lay Haftas\u0131nda fark\u0131ndal\u0131k olu\u015fturmak amac\u0131yla \u0130scehisar\u2019\u0131n Karakaya K\u00f6y\u00fc \u00f6\u011frencilerine y\u00f6nelik bir u\u00e7urtma \u015fenli\u011fi d\u00fczenledik. Program sadece u\u00e7urtma \u015fenli\u011finden ibaret de\u011fil. Bug\u00fcn biz 30 \u00f6\u011frencimizi Afyonkarahisar\u2019a getirdik. Bu \u00e7ocuklar\u0131n y\u00fczlerindeki mutluluk her \u015feye de\u011fer\u201d ifadelerini kulland\u0131.<\/p>\n<p>&#8220;Fark\u0131ndal\u0131k kazanm\u0131\u015f olacaklar&#8221;<\/p>\n<p>Karakaya \u0130lkokul \u00d6\u011fretmeni Olcay S\u00fcmer ise, \u0130scehisar\u2019\u0131n Karakaya K\u00f6y\u00fc\u2019nden \u00f6\u011frencilerle birlikte geldiklerini ifade ederek \u201cBa\u015fkan\u0131m\u0131z ve onunla birlikte g\u00f6revli olan \u00f6\u011frenci arkada\u015flar\u0131m\u0131z\u0131n sayesinde \u00e7ocuklar\u0131m\u0131z farkl\u0131 bir g\u00fcn ge\u00e7iriyorlar. Hem u\u00e7urtma u\u00e7urup e\u011fleniyorlar hem de \u00e7izgi film izleyerek g\u00fczel vakit ge\u00e7irmi\u015f olacaklar. K\u0131z\u0131lay\u2019\u0131n \u00fclkemiz i\u00e7in gerekli bir dernek oldu\u011funu \u00e7ocuklar\u0131m\u0131z g\u00f6n\u00fcll\u00fc \u00f6\u011frencimiz sayesinde \u00f6\u011frenecekler. \u0130lerleyen hayatlar\u0131nda da hem \u00fclkelerine hem de ya\u015fad\u0131klar\u0131 yerlere katk\u0131 sa\u011flamak amac\u0131yla fark\u0131ndal\u0131k kazanm\u0131\u015f olacaklar\u201d dedi.<\/p>\n<p>&#8220;U\u00e7urtma \u015fenli\u011finde bulu\u015ftuk&#8221;<\/p>\n<p>Gen\u00e7 K\u0131z\u0131lay Topluluk Ba\u015fkan\u0131 Murat Uysal da, 29 Ekim-4 Kas\u0131m K\u0131z\u0131lay Haftas\u0131 olmas\u0131 nedeniyle \u00e7ocuklarla birlikte u\u00e7urtma \u015fenli\u011finde bir araya geldiklerini dile getirerek \u015funlar\u0131 s\u00f6yledi:<\/p>\n<p>\u201cBu etkinli\u011fi yapamadan zaten b\u00f6yle g\u00fczel bir hava olaca\u011f\u0131n\u0131 biliyorduk. \u00c7ocuklar\u0131m\u0131z \u00e7ok sevin\u00e7liler. Ge\u00e7en y\u0131l okullar\u0131n\u0131 boyam\u0131\u015ft\u0131k bu y\u0131l yine onlarla birlikte olmak bizi mutlu etti. Etkinli\u011fimizde bize destek olan herkese te\u015fekk\u00fcr ediyoruz\u201d dedi.<\/p>\n","protected":false},"excerpt":{"rendered":"<p>KIZILAY HAFTASI ETK\u0130NL\u0130KLER\u0130 KAPSAMINDA GEN\u00c7 KIZILAY TOPLULU\u011eU TARAFINDAN, M\u0130N\u0130K \u00c7OCUKLARA Y\u00d6NEL\u0130K U\u00c7URTMA \u015eENL\u0130\u011e\u0130 YAPILDI.<\/p>\n","protected":false},"author":1,"featured_media":221919,"comment_status":"closed","ping_status":"open","sticky":false,"template":"","format":"standard","meta":{"jetpack_post_was_ever_published":false,"_jetpack_newsletter_access":"","_jetpack_dont_email_post_to_subs":false,"_jetpack_newsletter_tier_id":0,"_jetpack_memberships_contains_paywalled_content":false,"_jetpack_memberships_contains_paid_content":false,"footnotes":"","jetpack_publicize_message":"","jetpack_publicize_feature_enabled":true,"jetpack_social_post_already_shared":true,"jetpack_social_options":{"image_generator_settings":{"template":"highway","default_image_id":0,"font":"","enabled":false},"version":2}},"categories":[1],"tags":[13544,17042,3033,32946],"class_list":["post-221918","post","type-post","status-publish","format-standard","has-post-thumbnail","hentry","category-genel","tag-kizilaydan","tag-miniklere","tag-senligi","tag-ucurtma"],"jetpack_publicize_connections":[],"jetpack_featured_media_url":"https:\/\/i0.wp.com\/www.tvturk.com\/wp-content\/uploads\/2019\/10\/kizilaydan-miniklere-ucurtma-senligi_0e7bafa.jpg?fit=1000%2C664","jetpack_sharing_enabled":true,"jetpack_shortlink":"https:\/\/wp.me\/paKIfm-VJk","_links":{"self":[{"href":"http:\/\/www.tvturk.com\/index.php\/wp-json\/wp\/v2\/posts\/221918","targetHints":{"allow":["GET"]}}],"collection":[{"href":"http:\/\/www.tvturk.com\/index.php\/wp-json\/wp\/v2\/posts"}],"about":[{"href":"http:\/\/www.tvturk.com\/index.php\/wp-json\/wp\/v2\/types\/post"}],"author":[{"embeddable":true,"href":"http:\/\/www.tvturk.com\/index.php\/wp-json\/wp\/v2\/users\/1"}],"replies":[{"embeddable":true,"href":"http:\/\/www.tvturk.com\/index.php\/wp-json\/wp\/v2\/comments?post=221918"}],"version-history":[{"count":0,"href":"http:\/\/www.tvturk.com\/index.php\/wp-json\/wp\/v2\/posts\/221918\/revisions"}],"wp:featuredmedia":[{"embeddable":true,"href":"http:\/\/www.tvturk.com\/index.php\/wp-json\/wp\/v2\/media\/221919"}],"wp:attachment":[{"href":"http:\/\/www.tvturk.com\/index.php\/wp-json\/wp\/v2\/media?parent=221918"}],"wp:term":[{"taxonomy":"category","embeddable":true,"href":"http:\/\/www.tvturk.com\/index.php\/wp-json\/wp\/v2\/categories?post=221918"},{"taxonomy":"post_tag","embeddable":true,"href":"http:\/\/www.tvturk.com\/index.php\/wp-json\/wp\/v2\/tags?post=221918"}],"curies":[{"name":"wp","href":"https:\/\/api.w.org\/{rel}","templated":true}]}}