{"id":221942,"date":"2019-10-30T19:32:21","date_gmt":"2019-10-30T16:32:21","guid":{"rendered":"http:\/\/www.tvturk.com\/index.php\/kizilay-genel-baskan-vekili-yorulmaz-turk-kizilayi-151-yildir-iyilik-goturuyor\/"},"modified":"2019-10-30T19:32:21","modified_gmt":"2019-10-30T16:32:21","slug":"kizilay-genel-baskan-vekili-yorulmaz-turk-kizilayi-151-yildir-iyilik-goturuyor","status":"publish","type":"post","link":"http:\/\/www.tvturk.com\/index.php\/kizilay-genel-baskan-vekili-yorulmaz-turk-kizilayi-151-yildir-iyilik-goturuyor\/","title":{"rendered":"K\u0131z\u0131lay Genel Ba\u015fkan Vekili Yorulmaz: &#8220;T\u00fcrk K\u0131z\u0131lay\u2019\u0131 151 y\u0131ld\u0131r iyilik g\u00f6t\u00fcr\u00fcyor&#8221;"},"content":{"rendered":"<p>T\u00fcrk K\u0131z\u0131lay\u0131 Genel Ba\u015fkan Vekili Dr. Naci Yorulmaz, Herhangi bir  afet durumunda neler yap\u0131lmas\u0131 gerekti\u011fini \u00f6\u011frettikleri belirterek, &#8220;151 y\u0131ld\u0131r bu topra\u011f\u0131n insan\u0131na merhamet, vicdan eli olarak d\u00fcnyan\u0131n d\u00f6rt bir taraf\u0131na iyilik el\u00e7isi olarak iyilik g\u00f6t\u00fcr\u00fcyor&#8221; dedi.<\/p>\n<p>Elaz\u0131\u011f\u2019da 29 Ekim-4 Kas\u0131m K\u0131z\u0131lay Haftas\u0131 etkinlikleri kapsam\u0131nda \u00f6\u011fretmenevi \u00f6n\u00fcnde K\u0131z\u0131lay Soka\u011f\u0131 a\u00e7\u0131ld\u0131. A\u00e7\u0131lan sokakta K\u0131z\u0131lay\u2019a ait mobil mutfak, kan ba\u011f\u0131\u015f\u0131 arac\u0131, K\u0131z\u0131lay \u00e7ad\u0131r\u0131 ve afet kurtarma ara\u00e7lar\u0131 sergilendi. Vatanda\u015flar\u0131n yo\u011fun ilgi g\u00f6sterdi\u011fi soka\u011f\u0131n hafta boyunca a\u00e7\u0131k kalaca\u011f\u0131 bildirildi.<\/p>\n<p>T\u00fcrk K\u0131z\u0131lay\u2019\u0131n\u0131n 151 y\u0131ll\u0131k bir kurum oldu\u011funu belirten T\u00fcrk K\u0131z\u0131lay\u0131 Genel Ba\u015fkan Vekili Dr. Naci Yorulmaz, &#8220;151 y\u0131ld\u0131r bu topra\u011f\u0131n insan\u0131na merhamet, vicdan eli olarak d\u00fcnyan\u0131n d\u00f6rt bir taraf\u0131na iyilik el\u00e7isi olarak iyilik g\u00f6t\u00fcr\u00fcyor. Hem memleketimizde hem de d\u00fcnya da T\u00fcrkiye\u2019nin bayra\u011f\u0131n\u0131 merhamet \u00e7\u0131nar\u0131 olarak ta\u015f\u0131yor. Bu anlamda 29 Ekim ile ba\u015flayan haftam\u0131z K\u0131z\u0131lay Haftas\u0131 t\u00fcm \u00fclke genelinde kutlan\u0131yor. T\u00fcrkiye de herhangi bir  afet durumunda neler yap\u0131lmas\u0131 gerekti\u011fini \u00e7ocuklar\u0131m\u0131za \u00f6\u011fretiyoruz. Bu anlamda \u00fclkemizin gelece\u011fine yat\u0131r\u0131m yap\u0131l\u0131yor\u201d dedi.<\/p>\n<p>K\u0131z\u0131lay Haftas\u0131 nedeniyle topland\u0131klar\u0131n\u0131 dile getiren Elaz\u0131\u011f \u015eube Ba\u015fkan\u0131 Rahman K\u0131z\u0131lkaya, \u201cHep beraber K\u0131z\u0131lay Soka\u011f\u0131n\u0131 a\u00e7mak \u00fczere buraday\u0131z. K\u0131z\u0131lay\u2019\u0131 Elaz\u0131\u011f\u2019a, gen\u00e7lere ve gen\u00e7 nesillere tan\u0131tmak \u00fczere burada bulunmaktay\u0131z. T\u00fcrk K\u0131z\u0131lay\u2019\u0131 Elaz\u0131\u011f \u015eubesi olarak kan merkezi, b\u00f6lge afet ve lojistik merkezi,  gen\u00e7lik kollar\u0131, kad\u0131n kollar\u0131, \u015fehrimizi ve b\u00f6lge insanlar\u0131n\u0131 hizmetindedir\u201d diye konu\u015ftu.<\/p>\n<p>A\u00e7\u0131l\u0131\u015fa Yorulmaz ve K\u0131z\u0131lkaya\u2019n\u0131n yan\u0131 s\u0131ra, B\u00f6lge Afet M\u00fcd\u00fcr Vekili Ezgin Ciro\u011flu G\u00fcnd\u00fcz, Elaz\u0131\u011f K\u0131z\u0131lay Kan Ba\u011f\u0131\u015f M\u00fcd\u00fcr\u00fc Volkan Karaca ve \u00e7ok say\u0131da g\u00f6n\u00fcll\u00fc kat\u0131ld\u0131.<\/p>\n","protected":false},"excerpt":{"rendered":"<p>ELAZI\u011e\u2019DA 29 EK\u0130M-4 KASIM KIZILAY HAFTASI ETK\u0130NL\u0130KLER\u0130 KAPSAMINDA \u00d6\u011eRETMENEV\u0130 \u00d6N\u00dcNDE KIZILAY SOKA\u011eI A\u00c7ILDI.<\/p>\n","protected":false},"author":1,"featured_media":221943,"comment_status":"closed","ping_status":"open","sticky":false,"template":"","format":"standard","meta":{"jetpack_post_was_ever_published":false,"_jetpack_newsletter_access":"","_jetpack_dont_email_post_to_subs":false,"_jetpack_newsletter_tier_id":0,"_jetpack_memberships_contains_paywalled_content":false,"_jetpack_memberships_contains_paid_content":false,"footnotes":"","jetpack_publicize_message":"","jetpack_publicize_feature_enabled":true,"jetpack_social_post_already_shared":true,"jetpack_social_options":{"image_generator_settings":{"template":"highway","default_image_id":0,"font":"","enabled":false},"version":2}},"categories":[1],"tags":[56146,100,869,13945,8915,7730,7809,957,12050,1682,24423],"class_list":["post-221942","post","type-post","status-publish","format-standard","has-post-thumbnail","hentry","category-genel","tag-56146","tag-baskan","tag-genel","tag-goturuyor","tag-iyilik","tag-kizilay","tag-kizilayi","tag-turk","tag-vekili","tag-yildir","tag-yorulmaz"],"jetpack_publicize_connections":[],"jetpack_featured_media_url":"https:\/\/i0.wp.com\/www.tvturk.com\/wp-content\/uploads\/2019\/10\/kizilay-genel-baskan-vekili-yorulmaz-turk-kizilayi-151-yildir-iyilik-goturuyor_d5e558d.jpg?fit=1000%2C666","jetpack_sharing_enabled":true,"jetpack_shortlink":"https:\/\/wp.me\/paKIfm-VJI","_links":{"self":[{"href":"http:\/\/www.tvturk.com\/index.php\/wp-json\/wp\/v2\/posts\/221942","targetHints":{"allow":["GET"]}}],"collection":[{"href":"http:\/\/www.tvturk.com\/index.php\/wp-json\/wp\/v2\/posts"}],"about":[{"href":"http:\/\/www.tvturk.com\/index.php\/wp-json\/wp\/v2\/types\/post"}],"author":[{"embeddable":true,"href":"http:\/\/www.tvturk.com\/index.php\/wp-json\/wp\/v2\/users\/1"}],"replies":[{"embeddable":true,"href":"http:\/\/www.tvturk.com\/index.php\/wp-json\/wp\/v2\/comments?post=221942"}],"version-history":[{"count":0,"href":"http:\/\/www.tvturk.com\/index.php\/wp-json\/wp\/v2\/posts\/221942\/revisions"}],"wp:featuredmedia":[{"embeddable":true,"href":"http:\/\/www.tvturk.com\/index.php\/wp-json\/wp\/v2\/media\/221943"}],"wp:attachment":[{"href":"http:\/\/www.tvturk.com\/index.php\/wp-json\/wp\/v2\/media?parent=221942"}],"wp:term":[{"taxonomy":"category","embeddable":true,"href":"http:\/\/www.tvturk.com\/index.php\/wp-json\/wp\/v2\/categories?post=221942"},{"taxonomy":"post_tag","embeddable":true,"href":"http:\/\/www.tvturk.com\/index.php\/wp-json\/wp\/v2\/tags?post=221942"}],"curies":[{"name":"wp","href":"https:\/\/api.w.org\/{rel}","templated":true}]}}