{"id":222001,"date":"2019-10-31T10:02:19","date_gmt":"2019-10-31T07:02:19","guid":{"rendered":"http:\/\/www.tvturk.com\/index.php\/ergan-daginin-yuksek-kesimlerine-kar-yagdi\/"},"modified":"2019-10-31T10:02:19","modified_gmt":"2019-10-31T07:02:19","slug":"ergan-daginin-yuksek-kesimlerine-kar-yagdi","status":"publish","type":"post","link":"http:\/\/www.tvturk.com\/index.php\/ergan-daginin-yuksek-kesimlerine-kar-yagdi\/","title":{"rendered":"Ergan Da\u011f\u0131\u2019n\u0131n y\u00fcksek kesimlerine kar ya\u011fd\u0131"},"content":{"rendered":"<p>Erzincan\u2019da Ergan Da\u011f\u0131\u2019n\u0131n zirve noktalar\u0131na kar ya\u011fd\u0131.<\/p>\n<p>3 bin 256 metre y\u00fckseklikteki Ergan Da\u011f\u0131\u2019n\u0131n zirve noktalar\u0131 beyaza b\u00fcr\u00fcnd\u00fc. Kentte aral\u0131kl\u0131 etkili ya\u011fmur ya\u011f\u0131\u015f\u0131 y\u00fcksek kesimlerde kara d\u00f6n\u00fc\u015ft\u00fc. Y\u00fcksek kesimlere ya\u011fan karla birlikte hava s\u0131cakl\u0131\u011f\u0131nda d\u00fc\u015f\u00fc\u015f ya\u015fanmaya ba\u015fland\u0131. Vatanda\u015flar yava\u015f yava\u015f k\u0131\u015f\u0131n kendini hissettirmeye ba\u015flad\u0131\u011f\u0131n\u0131 s\u00f6yledi.<\/p>\n<p>\u00d6te yandan Meteoroloji 12. B\u00f6lge M\u00fcd\u00fcrl\u00fc\u011f\u00fcnden yap\u0131lan son de\u011ferlendirmelere g\u00f6re, Do\u011fu Anadolu B\u00f6lgesinde havan\u0131n az bulutlu, zamanla par\u00e7al\u0131 ve \u00e7ok bulutlu olarak ge\u00e7ece\u011fi, s\u0131cakl\u0131klar\u0131n mevsim normalleri civar\u0131nda seyredece\u011fi belirtildi.<\/p>\n<p>R\u00fczgar\u0131n bat\u0131l\u0131 y\u00f6nlerden hafif, zaman zaman orta kuvvette esece\u011fi b\u00f6lgede gece en d\u00fc\u015f\u00fck hava s\u0131cakl\u0131\u011f\u0131 Ardahan\u2019\u0131n G\u00f6le il\u00e7esinde eksi 8 derece olarak kaydedildi.<\/p>\n","protected":false},"excerpt":{"rendered":"<p>ERZ\u0130NCAN\u2019DA ERGAN DA\u011eI&#8217;NIN Z\u0130RVE NOKTALARINA KAR YA\u011eDI.<\/p>\n","protected":false},"author":1,"featured_media":222002,"comment_status":"closed","ping_status":"open","sticky":false,"template":"","format":"standard","meta":{"jetpack_post_was_ever_published":false,"_jetpack_newsletter_access":"","_jetpack_dont_email_post_to_subs":false,"_jetpack_newsletter_tier_id":0,"_jetpack_memberships_contains_paywalled_content":false,"_jetpack_memberships_contains_paid_content":false,"footnotes":"","jetpack_publicize_message":"","jetpack_publicize_feature_enabled":true,"jetpack_social_post_already_shared":true,"jetpack_social_options":{"image_generator_settings":{"template":"highway","default_image_id":0,"font":"","enabled":false},"version":2}},"categories":[1],"tags":[43334,56157,878,31922,6375,3448],"class_list":["post-222001","post","type-post","status-publish","format-standard","has-post-thumbnail","hentry","category-genel","tag-daginin","tag-ergan","tag-kar","tag-kesimlerine","tag-yagdi","tag-yuksek"],"jetpack_publicize_connections":[],"jetpack_featured_media_url":"https:\/\/i0.wp.com\/www.tvturk.com\/wp-content\/uploads\/2019\/10\/ergan-daginin-yuksek-kesimlerine-kar-yagdi_b76d325.jpg?fit=1000%2C666","jetpack_sharing_enabled":true,"jetpack_shortlink":"https:\/\/wp.me\/paKIfm-VKF","_links":{"self":[{"href":"http:\/\/www.tvturk.com\/index.php\/wp-json\/wp\/v2\/posts\/222001","targetHints":{"allow":["GET"]}}],"collection":[{"href":"http:\/\/www.tvturk.com\/index.php\/wp-json\/wp\/v2\/posts"}],"about":[{"href":"http:\/\/www.tvturk.com\/index.php\/wp-json\/wp\/v2\/types\/post"}],"author":[{"embeddable":true,"href":"http:\/\/www.tvturk.com\/index.php\/wp-json\/wp\/v2\/users\/1"}],"replies":[{"embeddable":true,"href":"http:\/\/www.tvturk.com\/index.php\/wp-json\/wp\/v2\/comments?post=222001"}],"version-history":[{"count":0,"href":"http:\/\/www.tvturk.com\/index.php\/wp-json\/wp\/v2\/posts\/222001\/revisions"}],"wp:featuredmedia":[{"embeddable":true,"href":"http:\/\/www.tvturk.com\/index.php\/wp-json\/wp\/v2\/media\/222002"}],"wp:attachment":[{"href":"http:\/\/www.tvturk.com\/index.php\/wp-json\/wp\/v2\/media?parent=222001"}],"wp:term":[{"taxonomy":"category","embeddable":true,"href":"http:\/\/www.tvturk.com\/index.php\/wp-json\/wp\/v2\/categories?post=222001"},{"taxonomy":"post_tag","embeddable":true,"href":"http:\/\/www.tvturk.com\/index.php\/wp-json\/wp\/v2\/tags?post=222001"}],"curies":[{"name":"wp","href":"https:\/\/api.w.org\/{rel}","templated":true}]}}