{"id":222051,"date":"2019-10-31T11:02:47","date_gmt":"2019-10-31T08:02:47","guid":{"rendered":"http:\/\/www.tvturk.com\/index.php\/mustafa-keser-10-yil-taksicilik-yaptigi-izmirde-nostalji-yasadi\/"},"modified":"2019-10-31T11:02:47","modified_gmt":"2019-10-31T08:02:47","slug":"mustafa-keser-10-yil-taksicilik-yaptigi-izmirde-nostalji-yasadi","status":"publish","type":"post","link":"http:\/\/www.tvturk.com\/index.php\/mustafa-keser-10-yil-taksicilik-yaptigi-izmirde-nostalji-yasadi\/","title":{"rendered":"Mustafa Keser 10 y\u0131l taksicilik yapt\u0131\u011f\u0131 \u0130zmir\u2019de nostalji ya\u015fad\u0131"},"content":{"rendered":"<p>\u00dcnl\u00fc sanat\u00e7\u0131 Mustafa Keser, 10 y\u0131l taksicilik yapt\u0131\u011f\u0131 \u0130zmir\u2019de eski meslekta\u015flar\u0131yla bulu\u015ftu.<\/p>\n<p>\u015e\u00f6hrete kavu\u015fmadan \u00f6nce 1973-1983 y\u0131llar\u0131 aras\u0131nda \u0130zmir\u2019de taksicilik yapan sevilen t\u00fcrk\u00fcc\u00fc Mustafa Keser, \u0130zmir\u2019e gelerek eski meslekta\u015flar\u0131yla bulu\u015ftu. \u0130zmir \u015eof\u00f6rler ve Otomobilciler Esnaf Odas\u0131 Ba\u015fkan\u0131 Celil An\u0131k, Keser\u2019e \u00fcyelik belgesi hediye etti. An\u0131lar\u0131n\u0131 hat\u0131rlayarak duygulanan Keser, \u201cFuar Taksi Dura\u011f\u0131\u2019nda taksicilik yapt\u0131\u011f\u0131m y\u0131llar\u0131 unutmam m\u00fcmk\u00fcn de\u011fil. O hat\u0131ralar\u0131m canland\u0131, duyguland\u0131m. Taksici karde\u015flerime bu g\u00fczel kar\u015f\u0131lama ve bana haz\u0131rlad\u0131klar\u0131 s\u00fcrpriz i\u00e7in te\u015fekk\u00fcr ediyorum\u201d dedi.<\/p>\n<p>\u0130zmir \u015eof\u00f6rler ve Otomobilciler Esnaf Odas\u0131 Ba\u015fkan\u0131 An\u0131k, eski taksici Mustafa Keser\u2019i tekrar aralar\u0131nda g\u00f6rmekten mutluluk duyduklar\u0131n\u0131 dile getirdi.<\/p>\n","protected":false},"excerpt":{"rendered":"<p>\u00dcNL\u00dc SANAT\u00c7I MUSTAFA KESER, 10 YIL TAKS\u0130C\u0130L\u0130K YAPTI\u011eI \u0130ZM\u0130R\u2019DE ESK\u0130 MESLEKTA\u015eLARIYLA BULU\u015eTU.<\/p>\n","protected":false},"author":1,"featured_media":222052,"comment_status":"closed","ping_status":"open","sticky":false,"template":"","format":"standard","meta":{"jetpack_post_was_ever_published":false,"_jetpack_newsletter_access":"","_jetpack_dont_email_post_to_subs":false,"_jetpack_newsletter_tier_id":0,"_jetpack_memberships_contains_paywalled_content":false,"_jetpack_memberships_contains_paid_content":false,"footnotes":"","jetpack_publicize_message":"","jetpack_publicize_feature_enabled":true,"jetpack_social_post_already_shared":true,"jetpack_social_options":{"image_generator_settings":{"template":"highway","default_image_id":0,"font":"","enabled":false},"version":2}},"categories":[1],"tags":[23422,1554,30643,159,56167,7822,8303,231],"class_list":["post-222051","post","type-post","status-publish","format-standard","has-post-thumbnail","hentry","category-genel","tag-nostalji","tag-izmirde","tag-keser","tag-mustafa","tag-taksicilik","tag-yaptigi","tag-yasadi","tag-yil"],"jetpack_publicize_connections":[],"jetpack_featured_media_url":"https:\/\/i0.wp.com\/www.tvturk.com\/wp-content\/uploads\/2019\/10\/mustafa-keser-10-yil-taksicilik-yaptigi-izmirde-nostalji-yasadi_59ad045.jpg?fit=576%2C384","jetpack_sharing_enabled":true,"jetpack_shortlink":"https:\/\/wp.me\/paKIfm-VLt","_links":{"self":[{"href":"http:\/\/www.tvturk.com\/index.php\/wp-json\/wp\/v2\/posts\/222051","targetHints":{"allow":["GET"]}}],"collection":[{"href":"http:\/\/www.tvturk.com\/index.php\/wp-json\/wp\/v2\/posts"}],"about":[{"href":"http:\/\/www.tvturk.com\/index.php\/wp-json\/wp\/v2\/types\/post"}],"author":[{"embeddable":true,"href":"http:\/\/www.tvturk.com\/index.php\/wp-json\/wp\/v2\/users\/1"}],"replies":[{"embeddable":true,"href":"http:\/\/www.tvturk.com\/index.php\/wp-json\/wp\/v2\/comments?post=222051"}],"version-history":[{"count":0,"href":"http:\/\/www.tvturk.com\/index.php\/wp-json\/wp\/v2\/posts\/222051\/revisions"}],"wp:featuredmedia":[{"embeddable":true,"href":"http:\/\/www.tvturk.com\/index.php\/wp-json\/wp\/v2\/media\/222052"}],"wp:attachment":[{"href":"http:\/\/www.tvturk.com\/index.php\/wp-json\/wp\/v2\/media?parent=222051"}],"wp:term":[{"taxonomy":"category","embeddable":true,"href":"http:\/\/www.tvturk.com\/index.php\/wp-json\/wp\/v2\/categories?post=222051"},{"taxonomy":"post_tag","embeddable":true,"href":"http:\/\/www.tvturk.com\/index.php\/wp-json\/wp\/v2\/tags?post=222051"}],"curies":[{"name":"wp","href":"https:\/\/api.w.org\/{rel}","templated":true}]}}