{"id":222142,"date":"2019-10-31T13:02:25","date_gmt":"2019-10-31T10:02:25","guid":{"rendered":"http:\/\/www.tvturk.com\/index.php\/istanbulda-bulutlar-gunduzu-geceye-cevirdi\/"},"modified":"2019-10-31T13:02:25","modified_gmt":"2019-10-31T10:02:25","slug":"istanbulda-bulutlar-gunduzu-geceye-cevirdi","status":"publish","type":"post","link":"http:\/\/www.tvturk.com\/index.php\/istanbulda-bulutlar-gunduzu-geceye-cevirdi\/","title":{"rendered":"\u0130stanbul\u2019da bulutlar g\u00fcnd\u00fcz\u00fc geceye \u00e7evirdi"},"content":{"rendered":"<p>Meteoroloji taraf\u0131ndan \u0130stanbul geneline yap\u0131lan ya\u011fmur uyar\u0131s\u0131n\u0131n ard\u0131ndan kentin kuzey kesimlerindeki bulutlanmalar g\u00f6r\u00fcnt\u00fclendi. Bulutlar nedeniyle adeta g\u00fcnd\u00fcz geceye d\u00f6nd\u00fc.<\/p>\n<p>Yetkililer taraf\u0131ndan il genelinde yer yer sa\u011fanak ya\u011f\u0131\u015f uyar\u0131s\u0131 yap\u0131lm\u0131\u015ft\u0131. Yap\u0131lan son uyar\u0131lar\u0131n ard\u0131ndan kuzey il\u00e7eler \u00fcst\u00fcndeki bulutlanmalar g\u00f6r\u00fcnt\u00fclendi. Kara  bulutlar\u0131n g\u00fcnd\u00fcz\u00fc geceye \u00e7evirdi\u011fi g\u00f6r\u00fcld\u00fc. Yetkililer, \u00f6zellikle gece saatlerinde poyraz f\u0131rt\u0131nas\u0131 ile birlikte metrekare ba\u015f\u0131na 21 ile yer yer 50 kilogram ya\u011f\u0131\u015f d\u00fc\u015febilece\u011fi bildirildi.<\/p>\n","protected":false},"excerpt":{"rendered":"<p>METEOROLOJ\u0130 TARAFINDAN \u0130STANBUL GENEL\u0130NE YAPILAN YA\u011eMUR UYARISININ ARDINDAN KENT\u0130N KUZEY KES\u0130MLER\u0130NDEK\u0130 BULUTLANMALAR G\u00d6R\u00dcNT\u00dcLEND\u0130. BULUTLAR NEDEN\u0130YLE ADETA G\u00dcND\u00dcZ GECEYE D\u00d6ND\u00dc.<\/p>\n","protected":false},"author":1,"featured_media":222143,"comment_status":"closed","ping_status":"open","sticky":false,"template":"","format":"standard","meta":{"jetpack_post_was_ever_published":false,"_jetpack_newsletter_access":"","_jetpack_dont_email_post_to_subs":false,"_jetpack_newsletter_tier_id":0,"_jetpack_memberships_contains_paywalled_content":false,"_jetpack_memberships_contains_paid_content":false,"footnotes":"","jetpack_publicize_message":"","jetpack_publicize_feature_enabled":true,"jetpack_social_post_already_shared":true,"jetpack_social_options":{"image_generator_settings":{"template":"highway","default_image_id":0,"font":"","enabled":false},"version":2}},"categories":[1],"tags":[10182,2979,56194,56193,1268],"class_list":["post-222142","post","type-post","status-publish","format-standard","has-post-thumbnail","hentry","category-genel","tag-bulutlar","tag-cevirdi","tag-geceye","tag-gunduzu","tag-istanbulda"],"jetpack_publicize_connections":[],"jetpack_featured_media_url":"https:\/\/i0.wp.com\/www.tvturk.com\/wp-content\/uploads\/2019\/10\/istanbulda-bulutlar-gunduzu-geceye-cevirdi_2172834.jpg?fit=1000%2C562","jetpack_sharing_enabled":true,"jetpack_shortlink":"https:\/\/wp.me\/paKIfm-VMW","_links":{"self":[{"href":"http:\/\/www.tvturk.com\/index.php\/wp-json\/wp\/v2\/posts\/222142","targetHints":{"allow":["GET"]}}],"collection":[{"href":"http:\/\/www.tvturk.com\/index.php\/wp-json\/wp\/v2\/posts"}],"about":[{"href":"http:\/\/www.tvturk.com\/index.php\/wp-json\/wp\/v2\/types\/post"}],"author":[{"embeddable":true,"href":"http:\/\/www.tvturk.com\/index.php\/wp-json\/wp\/v2\/users\/1"}],"replies":[{"embeddable":true,"href":"http:\/\/www.tvturk.com\/index.php\/wp-json\/wp\/v2\/comments?post=222142"}],"version-history":[{"count":0,"href":"http:\/\/www.tvturk.com\/index.php\/wp-json\/wp\/v2\/posts\/222142\/revisions"}],"wp:featuredmedia":[{"embeddable":true,"href":"http:\/\/www.tvturk.com\/index.php\/wp-json\/wp\/v2\/media\/222143"}],"wp:attachment":[{"href":"http:\/\/www.tvturk.com\/index.php\/wp-json\/wp\/v2\/media?parent=222142"}],"wp:term":[{"taxonomy":"category","embeddable":true,"href":"http:\/\/www.tvturk.com\/index.php\/wp-json\/wp\/v2\/categories?post=222142"},{"taxonomy":"post_tag","embeddable":true,"href":"http:\/\/www.tvturk.com\/index.php\/wp-json\/wp\/v2\/tags?post=222142"}],"curies":[{"name":"wp","href":"https:\/\/api.w.org\/{rel}","templated":true}]}}