{"id":222216,"date":"2019-10-31T14:02:30","date_gmt":"2019-10-31T11:02:30","guid":{"rendered":"http:\/\/www.tvturk.com\/index.php\/asker-selami-verdiler\/"},"modified":"2019-10-31T14:02:30","modified_gmt":"2019-10-31T11:02:30","slug":"asker-selami-verdiler","status":"publish","type":"post","link":"http:\/\/www.tvturk.com\/index.php\/asker-selami-verdiler\/","title":{"rendered":"Asker selam\u0131 verdiler"},"content":{"rendered":"<p>Ankara Sanayi Odas\u0131 (ASO) Ba\u015fkan\u0131 Nurettin \u00d6zdebir, \u201cKendi kendine yeten ve \u00fcreten ekonomiyle sa\u011flanacak tam ba\u011f\u0131ms\u0131z ekonomi d\u0131\u015f g\u00fc\u00e7lerin bask\u0131lar\u0131n\u0131, yapt\u0131r\u0131mlar\u0131n\u0131 bertaraf edecek, bu tehditler sadece laf\u00fcg\u00fczaf olacakt\u0131r\u201d dedi.<\/p>\n<p>ASO Oda Meclisi  Ekim ay\u0131 2\u2019inci ve 3\u2019\u00fcnc\u00fc OSB M\u00fcte\u015febbis Heyet M\u00fc\u015fterek Toplant\u0131s\u0131n\u0131 1\u2019inci   Meclis Binas\u0131\u2019nda d\u00fczenledi.<\/p>\n<p>Toplant\u0131da bir konu\u015fma yapan \u00d6zdebir \u015funlar\u0131 s\u00f6yledi:<\/p>\n<p>Bar\u0131\u015f P\u0131nar\u0131 Harekat\u0131 ile g\u00f6rd\u00fc\u011f\u00fcm\u00fcz, savunma sanayisindeki b\u00fcy\u00fck hamleler ve kendi \u00fcretmi\u015f oldu\u011fumuz savunma silahlar\u0131 ve gelen ba\u015far\u0131. Hep s\u00f6yledik, s\u00f6ylemeye de devam edece\u011fiz, yerlilik ve millilik. Bug\u00fcn Avrupa Birli\u011fi \u00fclkeleri harekattan dolay\u0131 silah ambargosuyla tehdit ediyorlar ama art\u0131k \u00f6nemli \u00f6l\u00e7\u00fcde kendi kendine yeten bir savunma sanayisi olan \u00fclkemizde bu ambargolar bizleri etkilemiyor. \u00c7\u00fcnk\u00fc biz art\u0131k kendimiz \u00fcretiyoruz. Asl\u0131nda ekonomi i\u00e7in de ayn\u0131 durum s\u00f6z konusu. Kendi kendine yeten ve \u00fcreten ekonomiyle sa\u011flanacak tam ba\u011f\u0131ms\u0131z ekonomi d\u0131\u015f g\u00fc\u00e7lerin bask\u0131lar\u0131n\u0131, yapt\u0131r\u0131mlar\u0131n\u0131 bertaraf edecek, bu tehditler sadece laf\u00fcg\u00fczaf olacakt\u0131r.\u201d<\/p>\n<p>Konu\u015fmas\u0131nda ekonominin \u00f6nemine vurgu yapan \u00d6zdebir \u015fu ifadeleri kulland\u0131:<\/p>\n<p>&#8220;Savunma ve havac\u0131l\u0131k sanayisinde yakalad\u0131\u011f\u0131m\u0131z y\u00fcksek teknoloji \u00fcretimiyle d\u00fcnyada s\u00f6z sahibi bir \u00fclke haline geldik. 1990\u2019lar\u0131n ba\u015f\u0131nda 1 milyar dolar olan savunma sanayisi cirosu bug\u00fcn 7 milyar dolar seviyelerine y\u00fckselmi\u015ftir. Bir \u00fclkenin ekonomik a\u00e7\u0131dan g\u00fc\u00e7l\u00fc olmas\u0131 demek, temel anlamda sanayisinin g\u00fc\u00e7l\u00fc olmas\u0131 demektir. Son d\u00f6nemde uygulamaya konulan, Sanayi Strateji Belgesi, \u0130VME Paketi ve Yeni Ekonomi Program\u0131\u2019n\u0131n uygulamaya konulmas\u0131yla b\u00fcy\u00fcme performans\u0131 ve sanayici a\u00e7\u0131s\u0131ndan olduk\u00e7a \u00f6nemli kazan\u0131mlar sa\u011flayaca\u011f\u0131n\u0131 umuyoruz.&#8221;<\/p>\n<p>\u00d6zdebir, T\u00fcrk Silahl\u0131 Kuvvetlerinin Suriye\u2019nin kuzeyinde bar\u0131\u015f koridoru olu\u015fturmak i\u00e7in bulundu\u011funu belirterek \u015funlar\u0131 kaydetti:<\/p>\n<p>&#8220;\u015euna emin olun ki hi\u00e7bir kuvvet, hi\u00e7bir devletin ordusu, 82 milyonu asker olan bir \u00fclkeyi yenemez. A\u011f\u0131r bir ekonomik s\u0131k\u0131nt\u0131dan ge\u00e7tik, ge\u00e7iyoruz. Hepimizin yeniden kendimize gelip yeni bir \u015fevkle ve heyecanla bu vatan i\u00e7in \u00e7al\u0131\u015fmam\u0131z laz\u0131m. Sizlerden bir kez daha oturdu\u011funuz s\u0131ralarda oturanlar\u0131n neler ya\u015fad\u0131klar\u0131n\u0131, nas\u0131l m\u00fccadele verdiklerini hat\u0131rlaman\u0131z\u0131 istiyorum.&#8221;<\/p>\n<p>Asker selam\u0131 verdiler<\/p>\n<p>ASO 2. ve 3. Organize Sanayi B\u00f6lgesi Ba\u015fkan\u0131 Seyit Ard\u0131\u00e7 da konu\u015fmas\u0131 s\u0131ras\u0131nda 1\u2019inci Mecliste toplanma f\u0131rsat\u0131 verilmesinden dolay\u0131 te\u015fekk\u00fcr ederek, Bar\u0131\u015f P\u0131nar\u0131 Harekat\u0131nda bulunan askerlere destek amac\u0131yla  asker selam\u0131 verdi. Meclis \u00fcyeleri de aya\u011fa kalkarak Ard\u0131\u00e7\u2019a e\u015flik etti ve asker selam\u0131na durdu.<\/p>\n<p>Daha sonras\u0131nda aile foto\u011fraf\u0131 \u00e7ekildi.<\/p>\n","protected":false},"excerpt":{"rendered":"<p>ANKARA SANAY\u0130 ODASI BA\u015eKANI NURETT\u0130N \u00d6ZDEB\u0130R, \u201cKEND\u0130 KEND\u0130NE YETEN VE \u00dcRETEN EKONOM\u0130YLE SA\u011eLANACAK TAM BA\u011eIMSIZ EKONOM\u0130 DI\u015e G\u00dc\u00c7LER\u0130N BASKILARINI, YAPTIRIMLARINI BERTARAF EDECEK, BU TEHD\u0130TLER SADECE LAF\u00dcG\u00dcZAF OLACAKTIR\u201d DED\u0130.<\/p>\n","protected":false},"author":1,"featured_media":222217,"comment_status":"closed","ping_status":"open","sticky":false,"template":"","format":"standard","meta":{"jetpack_post_was_ever_published":false,"_jetpack_newsletter_access":"","_jetpack_dont_email_post_to_subs":false,"_jetpack_newsletter_tier_id":0,"_jetpack_memberships_contains_paywalled_content":false,"_jetpack_memberships_contains_paid_content":false,"footnotes":"","jetpack_publicize_message":"","jetpack_publicize_feature_enabled":true,"jetpack_social_post_already_shared":true,"jetpack_social_options":{"image_generator_settings":{"template":"highway","default_image_id":0,"font":"","enabled":false},"version":2}},"categories":[1],"tags":[1598,23573,8634],"class_list":["post-222216","post","type-post","status-publish","format-standard","has-post-thumbnail","hentry","category-genel","tag-asker","tag-selami","tag-verdiler"],"jetpack_publicize_connections":[],"jetpack_featured_media_url":"https:\/\/i0.wp.com\/www.tvturk.com\/wp-content\/uploads\/2019\/10\/asker-selami-verdiler_e3d38a8.jpg?fit=1000%2C666","jetpack_sharing_enabled":true,"jetpack_shortlink":"https:\/\/wp.me\/paKIfm-VO8","_links":{"self":[{"href":"http:\/\/www.tvturk.com\/index.php\/wp-json\/wp\/v2\/posts\/222216","targetHints":{"allow":["GET"]}}],"collection":[{"href":"http:\/\/www.tvturk.com\/index.php\/wp-json\/wp\/v2\/posts"}],"about":[{"href":"http:\/\/www.tvturk.com\/index.php\/wp-json\/wp\/v2\/types\/post"}],"author":[{"embeddable":true,"href":"http:\/\/www.tvturk.com\/index.php\/wp-json\/wp\/v2\/users\/1"}],"replies":[{"embeddable":true,"href":"http:\/\/www.tvturk.com\/index.php\/wp-json\/wp\/v2\/comments?post=222216"}],"version-history":[{"count":0,"href":"http:\/\/www.tvturk.com\/index.php\/wp-json\/wp\/v2\/posts\/222216\/revisions"}],"wp:featuredmedia":[{"embeddable":true,"href":"http:\/\/www.tvturk.com\/index.php\/wp-json\/wp\/v2\/media\/222217"}],"wp:attachment":[{"href":"http:\/\/www.tvturk.com\/index.php\/wp-json\/wp\/v2\/media?parent=222216"}],"wp:term":[{"taxonomy":"category","embeddable":true,"href":"http:\/\/www.tvturk.com\/index.php\/wp-json\/wp\/v2\/categories?post=222216"},{"taxonomy":"post_tag","embeddable":true,"href":"http:\/\/www.tvturk.com\/index.php\/wp-json\/wp\/v2\/tags?post=222216"}],"curies":[{"name":"wp","href":"https:\/\/api.w.org\/{rel}","templated":true}]}}