{"id":222220,"date":"2019-10-31T14:02:41","date_gmt":"2019-10-31T11:02:41","guid":{"rendered":"http:\/\/www.tvturk.com\/index.php\/gecmisle-gelecek-arasinda-kopru-oldular\/"},"modified":"2019-10-31T14:02:41","modified_gmt":"2019-10-31T11:02:41","slug":"gecmisle-gelecek-arasinda-kopru-oldular","status":"publish","type":"post","link":"http:\/\/www.tvturk.com\/index.php\/gecmisle-gelecek-arasinda-kopru-oldular\/","title":{"rendered":"Ge\u00e7mi\u015fle gelecek aras\u0131nda k\u00f6pr\u00fc oldular"},"content":{"rendered":"<p>G\u00fcm\u00fc\u015fhane Yusuf \u00c7ift\u00e7io\u011flu \u0130lkokulu 4-F s\u0131n\u0131f\u0131nda okuyan 25 \u00f6\u011frenci evlerinden getirdikleri 65 par\u00e7a eski e\u015fya ile s\u0131n\u0131flar\u0131nda m\u00fcze olu\u015fturdu. Proje ile ge\u00e7mi\u015fle gelecek aras\u0131nda k\u00f6pr\u00fc kuruldu.<\/p>\n<p>S\u0131n\u0131f \u00f6\u011fretmeni Sevda Ayaz\u2019\u0131n Sosyal Bilgiler dersinin i\u00e7eri\u011fine ek olarak k\u00fclt\u00fcr\u00fc tan\u0131mak ve tan\u0131tmak amac\u0131yla hayata ge\u00e7irdi\u011fi proje velilerin deste\u011fiyle ger\u00e7ekle\u015fti.<\/p>\n<p>K\u00fclt\u00fcrel miras\u0131n\u0131 tan\u0131mayan ve tan\u0131tmayan milletlerin ba\u015fka milletlerin k\u00fclt\u00fcr\u00fcn\u00fcn etkisinde kalmaya mahkum oldu\u011fundan hareketle \u00f6\u011frencilerin eski \u00fcr\u00fcnlerle yeni nesil teknolojik \u00fcr\u00fcnlerin nas\u0131l \u00e7al\u0131\u015ft\u0131\u011f\u0131n\u0131 kar\u015f\u0131la\u015ft\u0131rabildi\u011fi etkinlik b\u00fcy\u00fck ilgi g\u00f6rd\u00fc.<\/p>\n<p>23 y\u0131ll\u0131k s\u0131n\u0131f \u00f6\u011fretmeni olan ve 9 y\u0131ld\u0131r da G\u00fcm\u00fc\u015fhane\u2019de g\u00f6rev yapan Sevda Ayaz, \u00e7ok faydas\u0131n\u0131 g\u00f6rd\u00fckleri uygulamada yer sofras\u0131nda \u00f6\u011fretmenlerle birlikte yemek yediklerini, velilerle birlikte T\u00fcrk kahvesi i\u00e7tiklerini ve her anlam\u0131yla eski g\u00fcnleri s\u0131n\u0131fta ya\u015fatt\u0131klar\u0131n\u0131 s\u00f6yledi.<\/p>\n<p>\u201c\u00c7ocuklar ge\u00e7mi\u015fi ya\u015fad\u0131lar\u201d<\/p>\n<p>S\u0131n\u0131fta bulunan 25 \u00f6\u011frencinin tamam\u0131n\u0131n evlerinden veya akrabalar\u0131ndan getirdi\u011fi eski e\u015fyalar\u0131n her birinin hat\u0131ralar\u0131n\u0131 da anlatt\u0131\u011f\u0131n\u0131, bazen anlat\u0131rken duyguland\u0131klar\u0131n\u0131 dile getiren Ayaz, \u201c\u00c7ocuklar ge\u00e7mi\u015fi ya\u015fad\u0131lar. Bu projeyle ge\u00e7mi\u015fle gelecek aras\u0131nda k\u00f6pr\u00fc kurduk. Ailelerin tepkileri de son derece olumlu oldu\u201d dedi.<\/p>\n<p>\u00d6\u011frencilerin getirdikleri e\u015fyalar\u0131n hikayelerini anlatarak sunum yapt\u0131klar\u0131n\u0131 ifade eden Ayaz, \u201cG\u00f6r\u00fcnt\u00fcden, foto\u011fraftan, resimden bu e\u015fyalar\u0131 g\u00f6stermek yerine bizzat ya\u015fayacaklar\u0131 e\u011fitim ortam\u0131 olu\u015fturduk \u00e7ocuklara. Daha kal\u0131c\u0131 oldu \u00e7ocuklar i\u00e7in. Tekrar yapma ihtiyac\u0131 duymad\u0131k. \u00c7\u00fcnk\u00fc \u00e7ocuklar yaparak ve ya\u015fayarak \u00f6\u011frendiler. Eski e\u015fyalara kar\u015f\u0131 alg\u0131lar\u0131 artt\u0131 ve de\u011ferlerimize sahip \u00e7\u0131kma gere\u011fi duydular. Gelenek ve g\u00f6reneklerimize sahip \u00e7\u0131kmal\u0131y\u0131z alg\u0131s\u0131 olu\u015ftu \u00e7ocuklarda. E\u011fitimdeki bu fark\u0131ndal\u0131k \u00e7al\u0131\u015fmalar\u0131 hem \u00e7ocuklar\u0131n ho\u015funa gidiyor hem de istedi\u011fimiz verimlili\u011fi elde ediyoruz\u201d diye konu\u015ftu.<\/p>\n<p>\u201cBug\u00fcn d\u00fcnden beslenir, yar\u0131na yol al\u0131r\u201d<\/p>\n<p>Okul M\u00fcd\u00fcr\u00fc Veli A\u011fa\u00e7 ise \u201cBug\u00fcn d\u00fcnden beslenir, yar\u0131na yol al\u0131r\u201d felsefesini prati\u011fe d\u00f6n\u00fc\u015ft\u00fcrmek ad\u0131na planlanan bir etkinlik oldu\u011funu belirterek, \u201cD\u00fcn\u00fc, bug\u00fcn\u00fc, yar\u0131n\u0131 bir araya getirmek, toparlama ve \u00e7ocuklarda fark\u0131ndal\u0131k olu\u015fturmak amac\u0131yla g\u00fczel bir etkinlik oldu. Tarihimizi, ge\u00e7mi\u015fimizi \u00e7ok g\u00f6z ard\u0131 ediyoruz. Bug\u00fcn\u00fc kurarken ge\u00e7mi\u015fin \u00fczerine bunlar\u0131 bina ederken daha sa\u011fl\u0131kl\u0131 bir nesil ve toplum yeti\u015ftirmeyi hedefliyor Milli E\u011fitim Bakanl\u0131\u011f\u0131m\u0131z. Bizim \u00e7abam\u0131z da bu. Toplumsal geli\u015fmenin s\u00fcrd\u00fcr\u00fclebilir halde olmas\u0131 d\u00fcn\u00fcn ne oldu\u011funu bilmeyle ilgili. M\u00fcze \u00e7al\u0131\u015fmas\u0131n\u0131n ba\u015fka bir versiyonu da yap\u0131lacak\u201d \u015feklinde konu\u015ftu.<\/p>\n<p>\u00d6\u011frencilerden Aliye Ok milli k\u00fclt\u00fcr \u00f6\u011felerini daha \u00e7abuk tan\u0131malar\u0131 i\u00e7in \u00f6\u011fretmenlerinin b\u00f6yle bir etkinlik yapt\u0131rd\u0131\u011f\u0131n\u0131, eski zamandan kalma e\u015fyalar getirdiklerini belirtirken, Asl\u0131 Nihal Atak ise \u201cBunlar\u0131 g\u00f6rd\u00fc\u011f\u00fcm zaman bende b\u00fcy\u00fclendim. Hepsinin hangi ama\u00e7la kullan\u0131ld\u0131\u011f\u0131na dair yaz\u0131lar var ve okuyup bende bilgilendim. Bu dersi b\u00f6ylelikle de \u00e7ok iyi anlad\u0131m. S\u0131n\u0131f\u0131m\u0131z\u0131 bir m\u00fcze haline getirdik ve ben bundan \u00e7ok mutluyum\u201d dedi.<\/p>\n<p>Semi \u015eim\u015fek adl\u0131 \u00f6\u011frenci ise etkinlik sayesinde ge\u00e7mi\u015f hakk\u0131nda bilgiler elde ettiklerini en \u00e7ok da delikli paralar\u0131n dikkatini \u00e7ekti\u011fini s\u00f6yledi.<\/p>\n","protected":false},"excerpt":{"rendered":"<p>G\u00dcM\u00dc\u015eHANE YUSUF \u00c7\u0130FT\u00c7\u0130O\u011eLU \u0130LKOKULU 4-F SINIFINDA OKUYAN 25 \u00d6\u011eRENC\u0130 EVLER\u0130NDEN GET\u0130RD\u0130KLER\u0130 65 PAR\u00c7A ESK\u0130 E\u015eYA \u0130LE SINIFLARINDA M\u00dcZE OLU\u015eTURDU. PROJE \u0130LE GE\u00c7M\u0130\u015eLE GELECEK ARASINDA K\u00d6PR\u00dc KURULDU.<\/p>\n","protected":false},"author":1,"featured_media":222221,"comment_status":"closed","ping_status":"open","sticky":false,"template":"","format":"standard","meta":{"jetpack_post_was_ever_published":false,"_jetpack_newsletter_access":"","_jetpack_dont_email_post_to_subs":false,"_jetpack_newsletter_tier_id":0,"_jetpack_memberships_contains_paywalled_content":false,"_jetpack_memberships_contains_paid_content":false,"footnotes":"","jetpack_publicize_message":"","jetpack_publicize_feature_enabled":true,"jetpack_social_post_already_shared":true,"jetpack_social_options":{"image_generator_settings":{"template":"highway","default_image_id":0,"font":"","enabled":false},"version":2}},"categories":[1],"tags":[1882,56213,81,10920,2025],"class_list":["post-222220","post","type-post","status-publish","format-standard","has-post-thumbnail","hentry","category-genel","tag-arasinda","tag-gecmisle","tag-gelecek","tag-kopru","tag-oldular"],"jetpack_publicize_connections":[],"jetpack_featured_media_url":"https:\/\/i0.wp.com\/www.tvturk.com\/wp-content\/uploads\/2019\/10\/gecmisle-gelecek-arasinda-kopru-oldular_e31dac8.jpg?fit=1000%2C666","jetpack_sharing_enabled":true,"jetpack_shortlink":"https:\/\/wp.me\/paKIfm-VOc","_links":{"self":[{"href":"http:\/\/www.tvturk.com\/index.php\/wp-json\/wp\/v2\/posts\/222220","targetHints":{"allow":["GET"]}}],"collection":[{"href":"http:\/\/www.tvturk.com\/index.php\/wp-json\/wp\/v2\/posts"}],"about":[{"href":"http:\/\/www.tvturk.com\/index.php\/wp-json\/wp\/v2\/types\/post"}],"author":[{"embeddable":true,"href":"http:\/\/www.tvturk.com\/index.php\/wp-json\/wp\/v2\/users\/1"}],"replies":[{"embeddable":true,"href":"http:\/\/www.tvturk.com\/index.php\/wp-json\/wp\/v2\/comments?post=222220"}],"version-history":[{"count":0,"href":"http:\/\/www.tvturk.com\/index.php\/wp-json\/wp\/v2\/posts\/222220\/revisions"}],"wp:featuredmedia":[{"embeddable":true,"href":"http:\/\/www.tvturk.com\/index.php\/wp-json\/wp\/v2\/media\/222221"}],"wp:attachment":[{"href":"http:\/\/www.tvturk.com\/index.php\/wp-json\/wp\/v2\/media?parent=222220"}],"wp:term":[{"taxonomy":"category","embeddable":true,"href":"http:\/\/www.tvturk.com\/index.php\/wp-json\/wp\/v2\/categories?post=222220"},{"taxonomy":"post_tag","embeddable":true,"href":"http:\/\/www.tvturk.com\/index.php\/wp-json\/wp\/v2\/tags?post=222220"}],"curies":[{"name":"wp","href":"https:\/\/api.w.org\/{rel}","templated":true}]}}