{"id":222290,"date":"2019-10-31T16:02:32","date_gmt":"2019-10-31T13:02:32","guid":{"rendered":"http:\/\/www.tvturk.com\/index.php\/siirtli-alim-taha-gultekin-son-yolculuguna-ugurlandi\/"},"modified":"2019-10-31T16:02:32","modified_gmt":"2019-10-31T13:02:32","slug":"siirtli-alim-taha-gultekin-son-yolculuguna-ugurlandi","status":"publish","type":"post","link":"http:\/\/www.tvturk.com\/index.php\/siirtli-alim-taha-gultekin-son-yolculuguna-ugurlandi\/","title":{"rendered":"Siirtli alim Taha G\u00fcltekin son yolculu\u011funa u\u011furland\u0131"},"content":{"rendered":"<p>Tedavi g\u00f6rd\u00fc\u011f\u00fc Diyarbak\u0131r\u2019da vefat eden alim, mutasavv\u0131f ve \u015fair haf\u0131z Taha G\u00fcltekin, Siirt\u2019in Tillo il\u00e7esinde defnedildi.<\/p>\n<p>\u0130l\u00e7edeki B\u00fcy\u00fck Cami\u2019de k\u0131l\u0131nan cenaze namaz\u0131n\u0131n ard\u0131ndan haf\u0131z Taha G\u00fcltekin\u2019in cenazesi binlerce ki\u015finin kat\u0131l\u0131m\u0131yla tekbirler ve salavatlar e\u015fli\u011finde \u0130brahim Hakk\u0131 Hazretlerinin t\u00fcrbesinin de bulundu\u011fu mezarl\u0131\u011fa getirildi. G\u00fcltekin\u2019in cenazesi, t\u00fcrbenin arkas\u0131nda defnedildi.<\/p>\n<p>Tillo\u2019da ve T\u00fcrkiye\u2019de \u2019Haf\u0131z Taha Hoca\u2019 olarak bilinen Taha G\u00fcltekin 1938 y\u0131l\u0131nda Tillo\u2019da do\u011fdu. K\u00fc\u00e7\u00fck ya\u015flarda Kur\u2019an-\u0131 Kerim okumay\u0131 \u00f6\u011frenerek 11 ya\u015flar\u0131nda haf\u0131z olan G\u00fcltekin, molla Muhammed hocan\u0131n yan\u0131nda Sarf ve Nahiv ilimlerini \u00f6\u011frendi. \u0130lmi tahsili 1961 y\u0131l\u0131na kadar devam eden G\u00fcltekin, bu d\u00f6nemde 2 sene askerlik vazifesini yapt\u0131ktan sonra Ulu Cami imam\u0131 molla Bedreddin Sancar\u2019\u0131n yan\u0131nda ilim tahsiline devam etti. \u0130lim tahsilini bitirip molla Bedrettin Sancar\u2019dan icazet alan G\u00fcltekin, uzun y\u0131llar talebelere ilim \u00f6\u011fretti. G\u00fcltekin, 1981\u2019den beri imam hatip olarak g\u00f6rev yapt\u0131.<\/p>\n<p>Tasavvufla da ilgilenen G\u00fcltekin, yazd\u0131\u011f\u0131 ve okudu\u011fu kasidelerle de biliniyordu.<\/p>\n","protected":false},"excerpt":{"rendered":"<p>TEDAV\u0130 G\u00d6RD\u00dc\u011e\u00dc D\u0130YARBAKIR\u2019DA VEFAT EDEN AL\u0130M, MUTASAVVIF VE \u015eA\u0130R HAFIZ TAHA G\u00dcLTEK\u0130N, S\u0130\u0130RT\u2019\u0130N T\u0130LLO \u0130L\u00c7ES\u0130NDE DEFNED\u0130LD\u0130.<\/p>\n","protected":false},"author":1,"featured_media":222291,"comment_status":"closed","ping_status":"open","sticky":false,"template":"","format":"standard","meta":{"jetpack_post_was_ever_published":false,"_jetpack_newsletter_access":"","_jetpack_dont_email_post_to_subs":false,"_jetpack_newsletter_tier_id":0,"_jetpack_memberships_contains_paywalled_content":false,"_jetpack_memberships_contains_paid_content":false,"footnotes":"","jetpack_publicize_message":"","jetpack_publicize_feature_enabled":true,"jetpack_social_post_already_shared":true,"jetpack_social_options":{"image_generator_settings":{"template":"highway","default_image_id":0,"font":"","enabled":false},"version":2}},"categories":[1],"tags":[7112,13004,4515,1240,8955,2516,2515],"class_list":["post-222290","post","type-post","status-publish","format-standard","has-post-thumbnail","hentry","category-genel","tag-alim","tag-gultekin","tag-siirtli","tag-son","tag-taha","tag-ugurlandi","tag-yolculuguna"],"jetpack_publicize_connections":[],"jetpack_featured_media_url":"https:\/\/i0.wp.com\/www.tvturk.com\/wp-content\/uploads\/2019\/10\/siirtli-alim-taha-gultekin-son-yolculuguna-ugurlandi_5f89a81.jpg?fit=1000%2C666","jetpack_sharing_enabled":true,"jetpack_shortlink":"https:\/\/wp.me\/paKIfm-VPk","_links":{"self":[{"href":"http:\/\/www.tvturk.com\/index.php\/wp-json\/wp\/v2\/posts\/222290","targetHints":{"allow":["GET"]}}],"collection":[{"href":"http:\/\/www.tvturk.com\/index.php\/wp-json\/wp\/v2\/posts"}],"about":[{"href":"http:\/\/www.tvturk.com\/index.php\/wp-json\/wp\/v2\/types\/post"}],"author":[{"embeddable":true,"href":"http:\/\/www.tvturk.com\/index.php\/wp-json\/wp\/v2\/users\/1"}],"replies":[{"embeddable":true,"href":"http:\/\/www.tvturk.com\/index.php\/wp-json\/wp\/v2\/comments?post=222290"}],"version-history":[{"count":0,"href":"http:\/\/www.tvturk.com\/index.php\/wp-json\/wp\/v2\/posts\/222290\/revisions"}],"wp:featuredmedia":[{"embeddable":true,"href":"http:\/\/www.tvturk.com\/index.php\/wp-json\/wp\/v2\/media\/222291"}],"wp:attachment":[{"href":"http:\/\/www.tvturk.com\/index.php\/wp-json\/wp\/v2\/media?parent=222290"}],"wp:term":[{"taxonomy":"category","embeddable":true,"href":"http:\/\/www.tvturk.com\/index.php\/wp-json\/wp\/v2\/categories?post=222290"},{"taxonomy":"post_tag","embeddable":true,"href":"http:\/\/www.tvturk.com\/index.php\/wp-json\/wp\/v2\/tags?post=222290"}],"curies":[{"name":"wp","href":"https:\/\/api.w.org\/{rel}","templated":true}]}}