{"id":222310,"date":"2019-10-31T16:17:15","date_gmt":"2019-10-31T13:17:15","guid":{"rendered":"http:\/\/www.tvturk.com\/index.php\/turkiyede-kisi-basi-149-litre-ambalajli-su-tuketiliyor\/"},"modified":"2019-10-31T16:17:15","modified_gmt":"2019-10-31T13:17:15","slug":"turkiyede-kisi-basi-149-litre-ambalajli-su-tuketiliyor","status":"publish","type":"post","link":"http:\/\/www.tvturk.com\/index.php\/turkiyede-kisi-basi-149-litre-ambalajli-su-tuketiliyor\/","title":{"rendered":"T\u00fcrkiye\u2019de ki\u015fi ba\u015f\u0131 149 litre ambalajl\u0131 su t\u00fcketiliyor"},"content":{"rendered":"<p>T\u00fcrkiye\u2019de y\u0131ll\u0131k ki\u015fi ba\u015f\u0131 68 litre pet ve cam, 81 litre damacana olmak \u00fczere toplam 149 litre ambalajl\u0131 su t\u00fcketiliyor. S\u00f6z konusu t\u00fcketim rakamlar\u0131 ise ki\u015fi ba\u015f\u0131 y\u0131lda 136 adet yar\u0131m litrelik pet ve d\u00f6rt adet de damacana suya denk geliyor.<\/p>\n<p>D\u00fcnya genelinde su kaynaklar\u0131 h\u0131zla azal\u0131yor. D\u00fcnya Sa\u011fl\u0131k \u00d6rg\u00fct\u00fc\u2019n\u00fcn (WHO) verilerine verilerini inceleyen B2Press\u2019e g\u00f6re 2030 y\u0131l\u0131nda her 10 ki\u015fiden 4\u2019\u00fcn\u00fcn suya eri\u015fiminin olmayaca\u011f\u0131 \u00f6ng\u00f6r\u00fcl\u00fcyor. G\u00fcney Afrika Cumhuriyeti\u2019nin ba\u015fkenti Cape Town, 2018 y\u0131l\u0131nda d\u00fcnyada i\u00e7me suyu t\u00fckenen ilk kent olarak tarihe ge\u00e7ti. Su kaynaklar\u0131n\u0131n bilin\u00e7siz kullan\u0131m\u0131 ve kurakl\u0131klar nedeniyle giderek t\u00fckenmesinin yan\u0131 s\u0131ra, su kirlili\u011fi de en \u00f6nemli problemlerden biri. \u00d6zellikle kimyasal at\u0131klar\u0131n \u00e7oklu\u011fu ve be\u015feri fakt\u00f6rlerin neden oldu\u011fu kirlilik nedeniyle su kalitesinin azalmas\u0131, d\u00fcnyan\u0131n pek \u00e7ok \u015fehrinde musluktan akan suyunun i\u00e7ilememesine neden oluyor.<\/p>\n<p>D\u00fcnyada 600 milyon hane ambalajl\u0131 su t\u00fcketti<\/p>\n<p>D\u00fcnya genelinde \u00e7e\u015fme suyu i\u00e7ilememesi bir\u00e7ok ara\u015ft\u0131rmaya konu oluyor. Tapp Water platformunun a\u00e7\u0131klam\u0131\u015f oldu\u011fu verileri derleyen B2Press, sadece 2018 y\u0131l\u0131nda d\u00fcnyada 600 milyon hanenin ambalajl\u0131 su t\u00fcketti\u011fini belirtiyor. Bu rakam y\u0131lda 391 milyar litre yani dakikada yakla\u015f\u0131k 1 milyon ambalajl\u0131 suyun t\u00fcketilmesi anlam\u0131na geliyor. Plastik su \u015fi\u015fesi kullan\u0131m\u0131n\u0131n ise 2022 y\u0131l\u0131nda 450 milyar litreye ula\u015fmas\u0131 bekleniyor.<\/p>\n<p>\u0130ngiltere, Kanada ve Yeni Zelanda gibi geli\u015fmi\u015f \u00fclkeler, i\u00e7ilebilir suyuyla \u00f6ne \u00e7\u0131k\u0131yor<\/p>\n<p>Musluktan akan i\u00e7me suyunun en k\u00f6t\u00fc oldu\u011fu \u00fclkelerin ba\u015f\u0131nda Banglade\u015f, Hindistan, \u00c7in ve Endonezya yer al\u0131yor. Musluk suyunun en temiz oldu\u011fu \u00fclkeler ise \u015f\u00f6yle s\u0131ralan\u0131yor: &#8220;\u0130ngiltere, Kanada, Avustralya, Yeni Zelanda ve Finlandiya&#8221;.<\/p>\n<p>D\u00fcnya Sa\u011fl\u0131k \u00d6rg\u00fct\u00fc\u2019n\u00fcn (WHO) verilerine g\u00f6re her y\u0131l yakla\u015f\u0131k 840 bin ki\u015fi, kulland\u0131\u011f\u0131 kirli su ve yol a\u00e7t\u0131\u011f\u0131 hastal\u0131klar nedeniyle hayat\u0131n\u0131 kaybediyor. D\u00fcnyada en \u00e7ok su kirlili\u011fine neden olan \u00fclkeler aras\u0131nda \u00c7in, ABD, Hindistan, Japonya ve Almanya bulunuyor.<\/p>\n","protected":false},"excerpt":{"rendered":"<p>T\u00dcRK\u0130YE\u2019DE YILLIK K\u0130\u015e\u0130 BA\u015eI 68 L\u0130TRE PET VE CAM, 81 L\u0130TRE DAMACANA OLMAK \u00dcZERE TOPLAM 149 L\u0130TRE AMBALAJLI SU T\u00dcKET\u0130L\u0130YOR.<\/p>\n","protected":false},"author":1,"featured_media":222311,"comment_status":"closed","ping_status":"open","sticky":false,"template":"","format":"standard","meta":{"jetpack_post_was_ever_published":false,"_jetpack_newsletter_access":"","_jetpack_dont_email_post_to_subs":false,"_jetpack_newsletter_tier_id":0,"_jetpack_memberships_contains_paywalled_content":false,"_jetpack_memberships_contains_paid_content":false,"footnotes":"","jetpack_publicize_message":"","jetpack_publicize_feature_enabled":true,"jetpack_social_post_already_shared":true,"jetpack_social_options":{"image_generator_settings":{"template":"highway","default_image_id":0,"font":"","enabled":false},"version":2}},"categories":[1],"tags":[24946,38641,12463,1012,2526,26376,2383],"class_list":["post-222310","post","type-post","status-publish","format-standard","has-post-thumbnail","hentry","category-genel","tag-24946","tag-ambalajli","tag-basi","tag-kisi","tag-litre","tag-tuketiliyor","tag-turkiyede"],"jetpack_publicize_connections":[],"jetpack_featured_media_url":"https:\/\/i0.wp.com\/www.tvturk.com\/wp-content\/uploads\/2019\/10\/turkiyede-kisi-basi-149-litre-ambalajli-su-tuketiliyor_9bf27a3.jpg?fit=626%2C417","jetpack_sharing_enabled":true,"jetpack_shortlink":"https:\/\/wp.me\/paKIfm-VPE","_links":{"self":[{"href":"http:\/\/www.tvturk.com\/index.php\/wp-json\/wp\/v2\/posts\/222310","targetHints":{"allow":["GET"]}}],"collection":[{"href":"http:\/\/www.tvturk.com\/index.php\/wp-json\/wp\/v2\/posts"}],"about":[{"href":"http:\/\/www.tvturk.com\/index.php\/wp-json\/wp\/v2\/types\/post"}],"author":[{"embeddable":true,"href":"http:\/\/www.tvturk.com\/index.php\/wp-json\/wp\/v2\/users\/1"}],"replies":[{"embeddable":true,"href":"http:\/\/www.tvturk.com\/index.php\/wp-json\/wp\/v2\/comments?post=222310"}],"version-history":[{"count":0,"href":"http:\/\/www.tvturk.com\/index.php\/wp-json\/wp\/v2\/posts\/222310\/revisions"}],"wp:featuredmedia":[{"embeddable":true,"href":"http:\/\/www.tvturk.com\/index.php\/wp-json\/wp\/v2\/media\/222311"}],"wp:attachment":[{"href":"http:\/\/www.tvturk.com\/index.php\/wp-json\/wp\/v2\/media?parent=222310"}],"wp:term":[{"taxonomy":"category","embeddable":true,"href":"http:\/\/www.tvturk.com\/index.php\/wp-json\/wp\/v2\/categories?post=222310"},{"taxonomy":"post_tag","embeddable":true,"href":"http:\/\/www.tvturk.com\/index.php\/wp-json\/wp\/v2\/tags?post=222310"}],"curies":[{"name":"wp","href":"https:\/\/api.w.org\/{rel}","templated":true}]}}