{"id":222423,"date":"2019-10-31T23:16:38","date_gmt":"2019-10-31T20:16:38","guid":{"rendered":"http:\/\/www.tvturk.com\/index.php\/ticaret-bakan-yardimcisi-turagay-turkiye-moda-ve-markasiyla-fransa-italya-olmali\/"},"modified":"2019-10-31T23:16:38","modified_gmt":"2019-10-31T20:16:38","slug":"ticaret-bakan-yardimcisi-turagay-turkiye-moda-ve-markasiyla-fransa-italya-olmali","status":"publish","type":"post","link":"http:\/\/www.tvturk.com\/index.php\/ticaret-bakan-yardimcisi-turagay-turkiye-moda-ve-markasiyla-fransa-italya-olmali\/","title":{"rendered":"Ticaret Bakan Yard\u0131mc\u0131s\u0131 Turagay: \u201cT\u00fcrkiye, moda ve markas\u0131yla Fransa, \u0130talya olmal\u0131\u201d"},"content":{"rendered":"<p>Ticaret Bakan Yard\u0131mc\u0131s\u0131 R\u0131za Tuna Turagay, \u20188. Dokuma Kuma\u015f Tasar\u0131m Yar\u0131\u015fmas\u0131\u2019n\u0131n \u00f6d\u00fcl t\u00f6reninde, \u201cBizim amac\u0131m\u0131z tasar\u0131mc\u0131 say\u0131m\u0131z\u0131 artt\u0131rmak. T\u00fcrkiye 5-10 sene sonra moda ve markas\u0131yla Fransa ile \u0130talya olmal\u0131\u201d dedi.<\/p>\n<p>Ticaret Bakanl\u0131\u011f\u0131 ve T\u00fcrkiye \u0130hracat\u00e7\u0131lar\u0131 Meclisinin (T\u0130M) deste\u011fiyle Akdeniz Tekstil ve Hammaddeleri \u0130hracat\u00e7\u0131lar\u0131 Birli\u011fi (ATH\u0130B) taraf\u0131ndan geleneksel olarak d\u00fczenlenen \u20188. Dokuma Kuma\u015f Tasar\u0131m Yar\u0131\u015fmas\u0131\u2019n\u0131n \u00f6d\u00fcl t\u00f6reni Adana M\u00fczesi\u2019nde d\u00fczenlendi.<\/p>\n<p>&#8220;Ki\u015fiye \u00f6zel tasar\u0131m&#8221;<\/p>\n<p>A\u00e7\u0131l\u0131\u015fta konu\u015fan Adana Sanayi Odas\u0131 Ba\u015fkan\u0131 Zeki K\u0131van\u00e7, tekstil sekt\u00f6r\u00fcn\u00fcn y\u0131llar i\u00e7erisinde de\u011fi\u015fti\u011fine dikkat \u00e7ekerek, \u201cArt\u0131k t\u00fcketiciler orijinal ve farkl\u0131 tasar\u0131m \u00fcr\u00fcnleri bekliyorlar ve bunlar\u0131, hemen istiyorlar. T\u00fcketici tercihleri h\u0131zl\u0131 de\u011fi\u015fiyor ve t\u00fcketiciler art\u0131k \u00e7ok aceleci.  1995 y\u0131l\u0131nda bir \u00fcr\u00fcn\u00fc almak i\u00e7in 9 g\u00fcn bekleyen t\u00fcketici bug\u00fcn ayn\u0131 \u00fcr\u00fcn\u00fc 24 saatte almak istiyor. \u00dcstelik de ki\u015fiselle\u015fmi\u015f bir \u00fcr\u00fcn talep ediyor. 2019 y\u0131l\u0131nda moda sekt\u00f6r\u00fcndeki en \u00f6nemli 12 trend aras\u0131nda, ki\u015fiye \u00f6zel tasar\u0131m, ikinci s\u0131rada yer al\u0131yor. Bu da tasar\u0131m\u0131n ne kadar \u00f6nemli oldu\u011funu bize hat\u0131rlat\u0131yor\u201d ifadelerini kulland\u0131.<\/p>\n<p>&#8220;Gece g\u00fcnd\u00fcz demeden \u00e7al\u0131\u015fmal\u0131&#8221;<\/p>\n<p>Adana Valisi Mahmut Demirta\u015f ise, \u201cTekstil ve hammaddeleri sekt\u00f6r\u00fc 2023 ihracat strateji haritas\u0131nda, tasar\u0131m ve koleksiyonlar\u0131 \u00e7e\u015fitlendirme, takip\u00e7ilikten trend belirleyici olmaya ge\u00e7me hedefleri belirlenmi\u015ftir. \u00d6n\u00fcne b\u00f6ylesine \u00f6nemli bir hedef koyan tekstil sekt\u00f6r\u00fcn\u00fcn bu hedefe ula\u015fmas\u0131 noktas\u0131nda t\u00fcm kesimler elini ta\u015f\u0131n alt\u0131na koymal\u0131, bu istikamette gece g\u00fcnd\u00fcz demeden \u00e7al\u0131\u015fmal\u0131d\u0131r\u201d diye konu\u015ftu.<\/p>\n<p>&#8220;Amac\u0131m\u0131z tasar\u0131mc\u0131 say\u0131m\u0131z\u0131 artt\u0131rmak&#8221;<\/p>\n<p>Ticaret Bakan Yard\u0131mc\u0131s\u0131 R\u0131za Tuna Turagay da tasar\u0131m, inovasyon ve \u00fcr\u00fcn geli\u015ftirmeye \u00f6nem verilmesinin gerekti\u011fini belirterek, \u201cBiz Ticaret Bakanl\u0131\u011f\u0131 olarak 2008 y\u0131l\u0131nda tebli\u011f yay\u0131nlayarak tasar\u0131m ofislerini, yurt d\u0131\u015f\u0131na ihracat\u0131 destekleyece\u011fiz dedik. Desteklerimizi i\u015fleme koyduk. Bu desteklerimiz aras\u0131nda bug\u00fcn ki yar\u0131\u015fmada var. Bizim amac\u0131m\u0131z tasar\u0131mc\u0131 say\u0131m\u0131z\u0131 artt\u0131rmak. Hayaller kurmal\u0131y\u0131z, o hayallerimizin pe\u015finden ko\u015fturmal\u0131y\u0131z ve hayallerimizi ger\u00e7e\u011fe d\u00f6n\u00fc\u015ft\u00fcrmeliyiz. T\u00fcrkiye 5-10 sene sonra moda ve markas\u0131yla Fransa ile \u0130talya olmal\u0131. G\u00f6r\u00fcyorsunuz ticaret sava\u015flar\u0131n\u0131. Bizim bu bo\u015fluklar\u0131 doldurmam\u0131z laz\u0131m\u201d dedi.<\/p>\n<p>Konu\u015fmalar\u0131n ard\u0131ndan yar\u0131\u015fmac\u0131lara ait kuma\u015f tasar\u0131mlar\u0131, dans g\u00f6sterisiyle tan\u0131t\u0131ld\u0131. 8. Dokuma Kuma\u015f Tasar\u0131m Yar\u0131\u015fmas\u0131\u2019n\u0131n 25 bin liral\u0131k birincilik \u00f6d\u00fcl\u00fc \u2018Unutu\u015f Nehri\u2019 tasar\u0131m\u0131yla Sedef Sena G\u00fcler, 20 bin liral\u0131k ikincilik \u00f6d\u00fcl\u00fc \u2018Ona Eureka\u2019 tasar\u0131m\u0131yla Serdar Aky\u00fcz, 15 bin liral\u0131k \u00fc\u00e7\u00fcnc\u00fcl\u00fck \u00f6d\u00fcl\u00fc ise \u2018Ine Nary\u2019 tasar\u0131m\u0131yla Maide \u00d6zer\u2019e verildi. \u00d6d\u00fcl t\u00f6renine, kent protokol\u00fc, sekt\u00f6r temsilcileri ve \u00e7ok say\u0131da ziyaret\u00e7i kat\u0131ld\u0131.<\/p>\n","protected":false},"excerpt":{"rendered":"<p>8. DOKUMA KUMA\u015e TASARIM YARI\u015eMASI\u2019NIN \u00d6D\u00dcL T\u00d6REN\u0130 ADANA M\u00dcZES\u0130\u2019NDE D\u00dcZENLEND\u0130. KAZANAN, \u2018UNUTU\u015e NEHR\u0130\u2019 TASARIMIYLA SEDEF SENA G\u00dcLER OLDU.<\/p>\n","protected":false},"author":1,"featured_media":222424,"comment_status":"closed","ping_status":"open","sticky":false,"template":"","format":"standard","meta":{"jetpack_post_was_ever_published":false,"_jetpack_newsletter_access":"","_jetpack_dont_email_post_to_subs":false,"_jetpack_newsletter_tier_id":0,"_jetpack_memberships_contains_paywalled_content":false,"_jetpack_memberships_contains_paid_content":false,"footnotes":"","jetpack_publicize_message":"","jetpack_publicize_feature_enabled":true,"jetpack_social_post_already_shared":true,"jetpack_social_options":{"image_generator_settings":{"template":"highway","default_image_id":0,"font":"","enabled":false},"version":2}},"categories":[19],"tags":[742,4545,2349,44087,3060,3815,373,7531,453,199],"class_list":["post-222423","post","type-post","status-publish","format-standard","has-post-thumbnail","hentry","category-ekonomi","tag-bakan","tag-fransa","tag-italya","tag-markasiyla","tag-moda","tag-olmali","tag-ticaret","tag-turagay","tag-turkiye","tag-yardimcisi"],"jetpack_publicize_connections":[],"jetpack_featured_media_url":"https:\/\/i0.wp.com\/www.tvturk.com\/wp-content\/uploads\/2019\/10\/ticaret-bakan-yardimcisi-turagay-turkiye-moda-ve-markasiyla-fransa-italya-olmali_7a7a5ec.jpg?fit=1000%2C666","jetpack_sharing_enabled":true,"jetpack_shortlink":"https:\/\/wp.me\/paKIfm-VRt","_links":{"self":[{"href":"http:\/\/www.tvturk.com\/index.php\/wp-json\/wp\/v2\/posts\/222423","targetHints":{"allow":["GET"]}}],"collection":[{"href":"http:\/\/www.tvturk.com\/index.php\/wp-json\/wp\/v2\/posts"}],"about":[{"href":"http:\/\/www.tvturk.com\/index.php\/wp-json\/wp\/v2\/types\/post"}],"author":[{"embeddable":true,"href":"http:\/\/www.tvturk.com\/index.php\/wp-json\/wp\/v2\/users\/1"}],"replies":[{"embeddable":true,"href":"http:\/\/www.tvturk.com\/index.php\/wp-json\/wp\/v2\/comments?post=222423"}],"version-history":[{"count":0,"href":"http:\/\/www.tvturk.com\/index.php\/wp-json\/wp\/v2\/posts\/222423\/revisions"}],"wp:featuredmedia":[{"embeddable":true,"href":"http:\/\/www.tvturk.com\/index.php\/wp-json\/wp\/v2\/media\/222424"}],"wp:attachment":[{"href":"http:\/\/www.tvturk.com\/index.php\/wp-json\/wp\/v2\/media?parent=222423"}],"wp:term":[{"taxonomy":"category","embeddable":true,"href":"http:\/\/www.tvturk.com\/index.php\/wp-json\/wp\/v2\/categories?post=222423"},{"taxonomy":"post_tag","embeddable":true,"href":"http:\/\/www.tvturk.com\/index.php\/wp-json\/wp\/v2\/tags?post=222423"}],"curies":[{"name":"wp","href":"https:\/\/api.w.org\/{rel}","templated":true}]}}