{"id":222489,"date":"2019-11-01T10:46:53","date_gmt":"2019-11-01T07:46:53","guid":{"rendered":"http:\/\/www.tvturk.com\/index.php\/kaymakamdan-engelli-gence-jest\/"},"modified":"2019-11-01T10:46:53","modified_gmt":"2019-11-01T07:46:53","slug":"kaymakamdan-engelli-gence-jest","status":"publish","type":"post","link":"http:\/\/www.tvturk.com\/index.php\/kaymakamdan-engelli-gence-jest\/","title":{"rendered":"Kaymakamdan engelli gence jest"},"content":{"rendered":"<p>Ordu\u2019nun G\u00fcrgentepe il\u00e7esi G\u00fclbelen Mahallesi\u2019nin maskotu olan ve mahalle yolundan ge\u00e7en hemen herkese selam veren engelli Salih Belen i\u00e7in kaymakaml\u0131k taraf\u0131ndan yer yap\u0131ld\u0131.<\/p>\n<p>G\u00fcrgentepe\u2019nin G\u00fclbelen Mahallesi\u2019nde engelli olan ve s\u00fcrekli yoldan ge\u00e7en ki\u015fi ve ara\u00e7lar\u0131 bekleyip selam veren Salih Belen\u2019in ya\u011fan ya\u011fmurlardan korunmas\u0131 i\u00e7in G\u00fcrgentepe Kaymakam\u0131 Nursel \u00d6zdemir taraf\u0131ndan bekleme dura\u011f\u0131 yapt\u0131r\u0131ld\u0131. G\u00fcrgentepe\u2019nin maskotu olan Salih Belen, \u2018Salih\u2019in Yeri\u2019 ad\u0131yla yapt\u0131r\u0131lan bekleme dura\u011f\u0131nda selamlama i\u015flemine \u0131slanmadan devam ediyor.<\/p>\n","protected":false},"excerpt":{"rendered":"<p>ORDU\u2019NUN G\u00dcRGENTEPE \u0130L\u00c7ES\u0130 G\u00dcLBELEN MAHALLES\u0130\u2019N\u0130N MASKOTU OLAN VE MAHALLE YOLUNDAN GE\u00c7EN HEMEN HERKESE SELAM VEREN ENGELL\u0130 SAL\u0130H BELEN \u0130\u00c7\u0130N KAYMAKAMLIK TARAFINDAN YER YAPILDI<\/p>\n","protected":false},"author":1,"featured_media":222490,"comment_status":"closed","ping_status":"open","sticky":false,"template":"","format":"standard","meta":{"jetpack_post_was_ever_published":false,"_jetpack_newsletter_access":"","_jetpack_dont_email_post_to_subs":false,"_jetpack_newsletter_tier_id":0,"_jetpack_memberships_contains_paywalled_content":false,"_jetpack_memberships_contains_paid_content":false,"footnotes":"","jetpack_publicize_message":"","jetpack_publicize_feature_enabled":true,"jetpack_social_post_already_shared":true,"jetpack_social_options":{"image_generator_settings":{"template":"highway","default_image_id":0,"font":"","enabled":false},"version":2}},"categories":[1],"tags":[1784,2650,9223,12078],"class_list":["post-222489","post","type-post","status-publish","format-standard","has-post-thumbnail","hentry","category-genel","tag-engelli","tag-gence","tag-jest","tag-kaymakamdan"],"jetpack_publicize_connections":[],"jetpack_featured_media_url":"https:\/\/i0.wp.com\/www.tvturk.com\/wp-content\/uploads\/2019\/11\/kaymakamdan-engelli-gence-jest_2f75bf1.jpg?fit=1000%2C666","jetpack_sharing_enabled":true,"jetpack_shortlink":"https:\/\/wp.me\/paKIfm-VSx","_links":{"self":[{"href":"http:\/\/www.tvturk.com\/index.php\/wp-json\/wp\/v2\/posts\/222489","targetHints":{"allow":["GET"]}}],"collection":[{"href":"http:\/\/www.tvturk.com\/index.php\/wp-json\/wp\/v2\/posts"}],"about":[{"href":"http:\/\/www.tvturk.com\/index.php\/wp-json\/wp\/v2\/types\/post"}],"author":[{"embeddable":true,"href":"http:\/\/www.tvturk.com\/index.php\/wp-json\/wp\/v2\/users\/1"}],"replies":[{"embeddable":true,"href":"http:\/\/www.tvturk.com\/index.php\/wp-json\/wp\/v2\/comments?post=222489"}],"version-history":[{"count":0,"href":"http:\/\/www.tvturk.com\/index.php\/wp-json\/wp\/v2\/posts\/222489\/revisions"}],"wp:featuredmedia":[{"embeddable":true,"href":"http:\/\/www.tvturk.com\/index.php\/wp-json\/wp\/v2\/media\/222490"}],"wp:attachment":[{"href":"http:\/\/www.tvturk.com\/index.php\/wp-json\/wp\/v2\/media?parent=222489"}],"wp:term":[{"taxonomy":"category","embeddable":true,"href":"http:\/\/www.tvturk.com\/index.php\/wp-json\/wp\/v2\/categories?post=222489"},{"taxonomy":"post_tag","embeddable":true,"href":"http:\/\/www.tvturk.com\/index.php\/wp-json\/wp\/v2\/tags?post=222489"}],"curies":[{"name":"wp","href":"https:\/\/api.w.org\/{rel}","templated":true}]}}