{"id":222573,"date":"2019-11-01T12:32:38","date_gmt":"2019-11-01T09:32:38","guid":{"rendered":"http:\/\/www.tvturk.com\/index.php\/altin-portakalda-canli-yayinin-davetsiz-sevimli-misafiri\/"},"modified":"2019-11-01T12:32:38","modified_gmt":"2019-11-01T09:32:38","slug":"altin-portakalda-canli-yayinin-davetsiz-sevimli-misafiri","status":"publish","type":"post","link":"http:\/\/www.tvturk.com\/index.php\/altin-portakalda-canli-yayinin-davetsiz-sevimli-misafiri\/","title":{"rendered":"Alt\u0131n Portakal\u2019da canl\u0131 yay\u0131n\u0131n davetsiz sevimli misafiri"},"content":{"rendered":"<p>Antalya\u2019da d\u00fczenlenen 56. Alt\u0131n Portakal Film Festivali kapsam\u0131nda film g\u00f6sterim ve s\u00f6yle\u015filerinin yap\u0131ld\u0131\u011f\u0131 Antalya K\u00fclt\u00fcr Merkezi Yerle\u015fkesi\u2019nde, canl\u0131 yay\u0131n yap\u0131ld\u0131\u011f\u0131 s\u0131rada ortaya \u00e7\u0131kan sevimli bir k\u00f6pek, konuklar\u0131n\u0131n \u00f6n\u00fcndeki alana yatt\u0131. Bir s\u00fcre kameralar ve kameramanlardan olu\u015fan ekipleri izleyen sevimli davetsiz misafir, daha sonra durumdan s\u0131k\u0131l\u0131nca kalk\u0131p parka do\u011fru yol ald\u0131.<\/p>\n<p>Antalya K\u00fclt\u00fcr Merkezi (AKM) Yerle\u015fkesi\u2019nde 56. Alt\u0131n Portakal Film Festivali kapsam\u0131nda yap\u0131lan canl\u0131 yay\u0131nda, Kronoloji filmi y\u00f6netmeni Ali Ayd\u0131n ile oyuncular Cemre Eb\u00fczziya ve Birkan Sokullu s\u00f6yle\u015fiye konuk oldu. Film g\u00f6sterimleri ve s\u00f6yle\u015filerin yap\u0131ld\u0131\u011f\u0131 b\u00f6lgede her \u015fey normal seyrinde devam ederken canl\u0131 yay\u0131n\u0131n yap\u0131ld\u0131\u011f\u0131 alana beklenmeyen bir \u015fekilde gelen k\u00f6pek, yay\u0131n\u0131n yap\u0131ld\u0131\u011f\u0131 alana yatt\u0131. Yay\u0131n devam etti\u011fi i\u00e7in teknik ekibin de m\u00fcdahale edemedi\u011fi sevimli davetsiz misafir bir s\u00fcre bulundu\u011fu yerden kameralarla kameramanlar\u0131 izledi.<\/p>\n<p>Bir s\u00fcre sonra durumdan s\u0131k\u0131ld\u0131\u011f\u0131 anla\u015f\u0131lan sevimli k\u00f6pek, konuklar\u0131n da merakl\u0131 bak\u0131\u015flar\u0131 aras\u0131nda yay\u0131n alan\u0131ndan ayr\u0131ld\u0131. Sevimli davet misafirin daha sonra oyun park\u0131na do\u011fru yol ald\u0131\u011f\u0131 g\u00f6zlendi.<\/p>\n","protected":false},"excerpt":{"rendered":"<p>ANTALYA\u2019DA D\u00dcZENLENEN 56.ALTIN PORTAKAL F\u0130LM FEST\u0130VAL\u0130 KAPSAMINDA F\u0130LM G\u00d6STER\u0130M VE S\u00d6YLE\u015e\u0130LER\u0130N\u0130N YAPILDI\u011eI ANTALYA K\u00dcLT\u00dcR MERKEZ\u0130 YERLE\u015eKES\u0130NDE, CANLI YAYIN YAPILDI\u011eI SIRADA ORTAYA \u00c7IKAN K\u00d6PEK, YAYIN ORTASINDA Y\u00dcR\u00dcYEREK GELD\u0130 VE KONUKLARININ \u00d6N\u00dcNDEK\u0130 ALANA YATTI.<\/p>\n","protected":false},"author":1,"featured_media":222574,"comment_status":"closed","ping_status":"open","sticky":false,"template":"","format":"standard","meta":{"jetpack_post_was_ever_published":false,"_jetpack_newsletter_access":"","_jetpack_dont_email_post_to_subs":false,"_jetpack_newsletter_tier_id":0,"_jetpack_memberships_contains_paywalled_content":false,"_jetpack_memberships_contains_paid_content":false,"footnotes":"","jetpack_publicize_message":"","jetpack_publicize_feature_enabled":true,"jetpack_social_post_already_shared":true,"jetpack_social_options":{"image_generator_settings":{"template":"highway","default_image_id":0,"font":"","enabled":false},"version":2}},"categories":[1],"tags":[596,4023,27374,50917,54375,22782,27373],"class_list":["post-222573","post","type-post","status-publish","format-standard","has-post-thumbnail","hentry","category-genel","tag-altin","tag-canli","tag-davetsiz","tag-misafiri","tag-portakalda","tag-sevimli","tag-yayinin"],"jetpack_publicize_connections":[],"jetpack_featured_media_url":"https:\/\/i0.wp.com\/www.tvturk.com\/wp-content\/uploads\/2019\/11\/altin-portakalda-canli-yayinin-davetsiz-sevimli-misafiri_5f89a81.jpg?fit=1000%2C750","jetpack_sharing_enabled":true,"jetpack_shortlink":"https:\/\/wp.me\/paKIfm-VTT","_links":{"self":[{"href":"http:\/\/www.tvturk.com\/index.php\/wp-json\/wp\/v2\/posts\/222573","targetHints":{"allow":["GET"]}}],"collection":[{"href":"http:\/\/www.tvturk.com\/index.php\/wp-json\/wp\/v2\/posts"}],"about":[{"href":"http:\/\/www.tvturk.com\/index.php\/wp-json\/wp\/v2\/types\/post"}],"author":[{"embeddable":true,"href":"http:\/\/www.tvturk.com\/index.php\/wp-json\/wp\/v2\/users\/1"}],"replies":[{"embeddable":true,"href":"http:\/\/www.tvturk.com\/index.php\/wp-json\/wp\/v2\/comments?post=222573"}],"version-history":[{"count":0,"href":"http:\/\/www.tvturk.com\/index.php\/wp-json\/wp\/v2\/posts\/222573\/revisions"}],"wp:featuredmedia":[{"embeddable":true,"href":"http:\/\/www.tvturk.com\/index.php\/wp-json\/wp\/v2\/media\/222574"}],"wp:attachment":[{"href":"http:\/\/www.tvturk.com\/index.php\/wp-json\/wp\/v2\/media?parent=222573"}],"wp:term":[{"taxonomy":"category","embeddable":true,"href":"http:\/\/www.tvturk.com\/index.php\/wp-json\/wp\/v2\/categories?post=222573"},{"taxonomy":"post_tag","embeddable":true,"href":"http:\/\/www.tvturk.com\/index.php\/wp-json\/wp\/v2\/tags?post=222573"}],"curies":[{"name":"wp","href":"https:\/\/api.w.org\/{rel}","templated":true}]}}