{"id":222727,"date":"2019-11-01T16:32:25","date_gmt":"2019-11-01T13:32:25","guid":{"rendered":"http:\/\/www.tvturk.com\/index.php\/msb-firatin-dogusundaki-derbesiye-bolgesinde-turk-ve-rus-askeri-unsurlarinin-dorder-arac-ve-ihalarla-istirak-ettigi-ilk-ortak-kara-devriyesi-tamamlandi\/"},"modified":"2019-11-01T16:32:25","modified_gmt":"2019-11-01T13:32:25","slug":"msb-firatin-dogusundaki-derbesiye-bolgesinde-turk-ve-rus-askeri-unsurlarinin-dorder-arac-ve-ihalarla-istirak-ettigi-ilk-ortak-kara-devriyesi-tamamlandi","status":"publish","type":"post","link":"http:\/\/www.tvturk.com\/index.php\/msb-firatin-dogusundaki-derbesiye-bolgesinde-turk-ve-rus-askeri-unsurlarinin-dorder-arac-ve-ihalarla-istirak-ettigi-ilk-ortak-kara-devriyesi-tamamlandi\/","title":{"rendered":"MSB: &#8220;F\u0131rat\u2019\u0131n do\u011fusundaki Derbesiye b\u00f6lgesinde T\u00fcrk ve Rus askeri unsurlar\u0131n\u0131n d\u00f6rder ara\u00e7 ve \u0130HA\u2019larla i\u015ftirak etti\u011fi ilk ortak kara devriyesi tamamland\u0131.&#8221;"},"content":{"rendered":"<p>MSB: &#8220;F\u0131rat\u2019\u0131n do\u011fusundaki Derbesiye b\u00f6lgesinde T\u00fcrk ve Rus askeri unsurlar\u0131n\u0131n d\u00f6rder ara\u00e7 ve \u0130HA\u2019larla i\u015ftirak etti\u011fi ilk ortak kara devriyesi tamamland\u0131.&#8221;<\/p>\n","protected":false},"excerpt":{"rendered":"<p>MSB: &#8220;FIRAT\u2019IN DO\u011eUSUNDAK\u0130 DERBES\u0130YE B\u00d6LGES\u0130NDE, T\u00dcRK VE RUS ASKER\u0130 UNSURLARININ, D\u00d6RDER ARA\u00c7 VE \u0130HA\u2019LARLA \u0130\u015eT\u0130RAK ETT\u0130\u011e\u0130 \u0130LK ORTAK KARA DEVR\u0130YES\u0130 TAMAMLANDI.&#8221;<\/p>\n","protected":false},"author":1,"featured_media":222728,"comment_status":"closed","ping_status":"open","sticky":false,"template":"","format":"standard","meta":{"jetpack_post_was_ever_published":false,"_jetpack_newsletter_access":"","_jetpack_dont_email_post_to_subs":false,"_jetpack_newsletter_tier_id":0,"_jetpack_memberships_contains_paywalled_content":false,"_jetpack_memberships_contains_paid_content":false,"footnotes":"","jetpack_publicize_message":"","jetpack_publicize_feature_enabled":true,"jetpack_social_post_already_shared":true,"jetpack_social_options":{"image_generator_settings":{"template":"highway","default_image_id":0,"font":"","enabled":false},"version":2}},"categories":[1],"tags":[1170,2937,1221,2028,56337,52203,20858,56339,965,336,45477,37,49722,2053,36790,947,693,957,56338],"class_list":["post-222727","post","type-post","status-publish","format-standard","has-post-thumbnail","hentry","category-genel","tag-askeri","tag-rus","tag-arac","tag-bolgesinde","tag-derbesiye","tag-devriyesi","tag-dogusundaki","tag-dorder","tag-ettigi","tag-firatin","tag-ihalarla","tag-ilk","tag-istirak","tag-kara","tag-msb","tag-ortak","tag-tamamlandi","tag-turk","tag-unsurlarinin"],"jetpack_publicize_connections":[],"jetpack_featured_media_url":"https:\/\/i0.wp.com\/www.tvturk.com\/wp-content\/uploads\/2019\/11\/msb-firatin-dogusundaki-derbesiye-bolgesinde-turk-ve-rus-askeri-unsurlarinin-dorder-arac-ve-ihalarla-istirak-ettigi-ilk-ortak-kara-devriyesi-tamamlandi_58154df.jpg?fit=1000%2C563","jetpack_sharing_enabled":true,"jetpack_shortlink":"https:\/\/wp.me\/paKIfm-VWn","_links":{"self":[{"href":"http:\/\/www.tvturk.com\/index.php\/wp-json\/wp\/v2\/posts\/222727","targetHints":{"allow":["GET"]}}],"collection":[{"href":"http:\/\/www.tvturk.com\/index.php\/wp-json\/wp\/v2\/posts"}],"about":[{"href":"http:\/\/www.tvturk.com\/index.php\/wp-json\/wp\/v2\/types\/post"}],"author":[{"embeddable":true,"href":"http:\/\/www.tvturk.com\/index.php\/wp-json\/wp\/v2\/users\/1"}],"replies":[{"embeddable":true,"href":"http:\/\/www.tvturk.com\/index.php\/wp-json\/wp\/v2\/comments?post=222727"}],"version-history":[{"count":0,"href":"http:\/\/www.tvturk.com\/index.php\/wp-json\/wp\/v2\/posts\/222727\/revisions"}],"wp:featuredmedia":[{"embeddable":true,"href":"http:\/\/www.tvturk.com\/index.php\/wp-json\/wp\/v2\/media\/222728"}],"wp:attachment":[{"href":"http:\/\/www.tvturk.com\/index.php\/wp-json\/wp\/v2\/media?parent=222727"}],"wp:term":[{"taxonomy":"category","embeddable":true,"href":"http:\/\/www.tvturk.com\/index.php\/wp-json\/wp\/v2\/categories?post=222727"},{"taxonomy":"post_tag","embeddable":true,"href":"http:\/\/www.tvturk.com\/index.php\/wp-json\/wp\/v2\/tags?post=222727"}],"curies":[{"name":"wp","href":"https:\/\/api.w.org\/{rel}","templated":true}]}}