{"id":222773,"date":"2019-11-01T17:47:47","date_gmt":"2019-11-01T14:47:47","guid":{"rendered":"http:\/\/www.tvturk.com\/index.php\/turkcell-genel-muduru-murat-erkan-turkiyenin-verisi-turkiyede-kalsin\/"},"modified":"2019-11-01T17:47:47","modified_gmt":"2019-11-01T14:47:47","slug":"turkcell-genel-muduru-murat-erkan-turkiyenin-verisi-turkiyede-kalsin","status":"publish","type":"post","link":"http:\/\/www.tvturk.com\/index.php\/turkcell-genel-muduru-murat-erkan-turkiyenin-verisi-turkiyede-kalsin\/","title":{"rendered":"Turkcell Genel M\u00fcd\u00fcr\u00fc Murat Erkan: \u201cT\u00fcrkiye\u2019nin verisi, T\u00fcrkiye\u2019de kals\u0131n\u201d"},"content":{"rendered":"<p>Turkcell Genel M\u00fcd\u00fcr\u00fc Murat Erkan, \u201cBiz her zaman diyoruz T\u00fcrkiye\u2019nin verisi T\u00fcrkiye\u2019de kals\u0131n. Bunu hayata ge\u00e7irmek i\u00e7inde \u00e7ok ciddi yat\u0131r\u0131mlar yap\u0131yoruz\u201d dedi.<\/p>\n<p>Turkcell, Ankara\u2019da a\u00e7t\u0131\u011f\u0131 T\u00fcrkiye\u2019nin en b\u00fcy\u00fck veri merkezinde yat\u0131r\u0131mlar\u0131n\u0131 h\u0131z kesmeden s\u00fcrd\u00fcr\u00fcyor. T\u00fcrkiye\u2019ye d\u00fcnya standartlar\u0131nda yeni bir veri merkezi daha kazand\u0131ran Turkcell \u00fc\u00e7\u00fcnc\u00fc \u00e7eyrekte m\u00fc\u015fterilerine yar\u0131m milyondan fazla m\u00fc\u015fteri daha eklerken, ayn\u0131 d\u00f6nemde 6,6 milyar TL gelir elde etti. T\u00fcrkiye\u2019nin en b\u00fcy\u00fck veri merkezi i\u015fletmecisi olan Turkcell, yeni a\u00e7t\u0131\u011f\u0131 veri merkezindeki 12 bin metrekare beyaz alan ile toplamda 33 bin 500 metrekare beyaz alana ula\u015ft\u0131. Gelecek y\u0131l \u00c7orlu\u2019daki veri merkezinin devreye girmesiyle birlikte Turkcell\u2019in ula\u015faca\u011f\u0131 beyaz alan kapasitesi 39 bin 500 metrekare olacak.<\/p>\n<p>Turkcell Genel M\u00fcd\u00fcr\u00fc Murat Erkan, toplant\u0131 sonras\u0131 \u0130hlas Haber Ajans\u0131na yapt\u0131\u011f\u0131 a\u00e7\u0131klamada, yollar\u0131n\u0131 art\u0131k teknoloji yoluna \u00e7evirmek istediklerini ifade etti. Erkan, \u201cBizim bu 3\u2019\u00fcnc\u00fc veri merkezimiz, bundan \u00f6nce Gebze\u2019de, \u0130zmir\u2019de a\u00e7m\u0131\u015ft\u0131k. Ama Ankara\u2019n\u0131n bir \u00f6zelli\u011fi var. T\u00fcrkiye\u2019nin en b\u00fcy\u00fck veri merkezi. Biz her zaman diyoruz T\u00fcrkiye\u2019nin verisi, T\u00fcrkiye\u2019de kals\u0131n. Bunu hayata ge\u00e7irmek i\u00e7inde \u00e7ok ciddi yat\u0131r\u0131mlar yap\u0131yoruz. Bu 4 veri merkezinde toplam 2 milyar\u0131n \u00fczerinde yat\u0131r\u0131m yapm\u0131\u015f olaca\u011f\u0131z. Bu yat\u0131r\u0131m\u0131 yaparken de son teknolojiyi kullan\u0131yoruz. Sadece bina kalitesinin yan\u0131nda g\u00fcvenlik, siber g\u00fcvenlik, sekt\u00f6rel \u00e7\u00f6z\u00fcmler taraf\u0131nda m\u00fc\u015fterilerimizin hizmetine sunuyoruz. Bu vizyon 4-5 y\u0131ll\u0131k bir vizyon, veri konusunda planlama ve \u00e7al\u0131\u015fma her anlam\u0131yla yo\u011fun bir \u015fekilde devam ediyor. \u0130n\u015fallah seneye \u00c7orlu\u2019ya da bir merkez a\u00e7aca\u011f\u0131z\u201d dedi.<\/p>\n<p>\u201cFiber yolunu teknoloji yoluna \u00e7evirmek istiyoruz\u201d<\/p>\n<p>Teknolojinin \u00f6nemine vurgu yapan Erkan, \u201cT\u00fcrkiye \u00f6nemli bir ge\u00e7i\u015f noktas\u0131nda, eskiden bu yola \u0130pek Yolu deniyordu. Ama art\u0131k fiber yolunu teknoloji yoluna \u00e7evirmek istiyoruz. Bunun yolu da do\u011fu ile bat\u0131y\u0131 birbirine ba\u011flamakt\u0131r. Bizim kom\u015fular\u0131m\u0131zdaki internet ihtiyac\u0131n\u0131n da y\u00fczde 50\u2019sinden fazlas\u0131n\u0131 biz sa\u011fl\u0131yoruz. Fiber internet konusunda T\u00fcrkiye\u2019yi, kom\u015fular\u0131m\u0131z\u0131 do\u011fu ile bat\u0131y\u0131 birbirine ba\u011flayan k\u00f6pr\u00fc olarak d\u00fc\u015f\u00fcnebiliriz. T\u00fcrkiye\u2019deki fiber yat\u0131r\u0131mlar\u0131na h\u0131z vermek laz\u0131m. Biz her zaman ortak altyap\u0131 diyoruz\u201d diye konu\u015ftu.<\/p>\n<p>Turkcell\u2019in ana hedeflerinden bahseden Erkan \u015f\u00f6yle konu\u015ftu:<\/p>\n<p>\u201cTurkcel\u2019in \u00fc\u00e7 tane ana hedefi var. 1\u2019incisi dijital servislerini yayg\u0131nla\u015ft\u0131rmak. 2\u2019incisi dijital i\u015f \u00e7\u00f6z\u00fcmlerini kurumlar\u0131n\u0131 dijitalle\u015fmesine destek  olmak. Son olarak teknoloji ile finans\u0131 birle\u015ftirerek d\u00fcnyada finansal dijital \u00e7\u00f6z\u00fcmleri vatanda\u015flar\u0131m\u0131za hizmete sunmak. Biz bu \u00fc\u00e7 konu hakk\u0131nda yat\u0131r\u0131m yap\u0131yoruz. Biz bunlar\u0131 yaparken de alt yap\u0131y\u0131 \u00e7ok kuvvetli tutuyoruz.\u201c<\/p>\n","protected":false},"excerpt":{"rendered":"<p>TURKCELL GENEL M\u00dcD\u00dcR\u00dc MURAT ERKAN, \u201cB\u0130Z HER ZAMAN D\u0130YORUZ T\u00dcRK\u0130YE\u2019N\u0130N VER\u0130S\u0130 T\u00dcRK\u0130YE\u2019DE KALSIN. BUNU HAYATA GE\u00c7\u0130RMEK \u0130\u00c7\u0130NDE \u00c7OK C\u0130DD\u0130 YATIRIMLAR YAPIYORUZ\u201d DED\u0130.<\/p>\n","protected":false},"author":1,"featured_media":222774,"comment_status":"closed","ping_status":"open","sticky":false,"template":"","format":"standard","meta":{"jetpack_post_was_ever_published":false,"_jetpack_newsletter_access":"","_jetpack_dont_email_post_to_subs":false,"_jetpack_newsletter_tier_id":0,"_jetpack_memberships_contains_paywalled_content":false,"_jetpack_memberships_contains_paid_content":false,"footnotes":"","jetpack_publicize_message":"","jetpack_publicize_feature_enabled":true,"jetpack_social_post_already_shared":true,"jetpack_social_options":{"image_generator_settings":{"template":"highway","default_image_id":0,"font":"","enabled":false},"version":2}},"categories":[24],"tags":[7893,869,9942,254,908,10347,2383,177,44887],"class_list":["post-222773","post","type-post","status-publish","format-standard","has-post-thumbnail","hentry","category-teknoloji","tag-erkan","tag-genel","tag-kalsin","tag-muduru","tag-murat","tag-turkcell","tag-turkiyede","tag-turkiyenin","tag-verisi"],"jetpack_publicize_connections":[],"jetpack_featured_media_url":"https:\/\/i0.wp.com\/www.tvturk.com\/wp-content\/uploads\/2019\/11\/turkcell-genel-muduru-murat-erkan-turkiyenin-verisi-turkiyede-kalsin_d3f0f49.jpg?fit=1000%2C666","jetpack_sharing_enabled":true,"jetpack_shortlink":"https:\/\/wp.me\/paKIfm-VX7","_links":{"self":[{"href":"http:\/\/www.tvturk.com\/index.php\/wp-json\/wp\/v2\/posts\/222773","targetHints":{"allow":["GET"]}}],"collection":[{"href":"http:\/\/www.tvturk.com\/index.php\/wp-json\/wp\/v2\/posts"}],"about":[{"href":"http:\/\/www.tvturk.com\/index.php\/wp-json\/wp\/v2\/types\/post"}],"author":[{"embeddable":true,"href":"http:\/\/www.tvturk.com\/index.php\/wp-json\/wp\/v2\/users\/1"}],"replies":[{"embeddable":true,"href":"http:\/\/www.tvturk.com\/index.php\/wp-json\/wp\/v2\/comments?post=222773"}],"version-history":[{"count":0,"href":"http:\/\/www.tvturk.com\/index.php\/wp-json\/wp\/v2\/posts\/222773\/revisions"}],"wp:featuredmedia":[{"embeddable":true,"href":"http:\/\/www.tvturk.com\/index.php\/wp-json\/wp\/v2\/media\/222774"}],"wp:attachment":[{"href":"http:\/\/www.tvturk.com\/index.php\/wp-json\/wp\/v2\/media?parent=222773"}],"wp:term":[{"taxonomy":"category","embeddable":true,"href":"http:\/\/www.tvturk.com\/index.php\/wp-json\/wp\/v2\/categories?post=222773"},{"taxonomy":"post_tag","embeddable":true,"href":"http:\/\/www.tvturk.com\/index.php\/wp-json\/wp\/v2\/tags?post=222773"}],"curies":[{"name":"wp","href":"https:\/\/api.w.org\/{rel}","templated":true}]}}