{"id":222779,"date":"2019-11-01T18:32:17","date_gmt":"2019-11-01T15:32:17","guid":{"rendered":"http:\/\/www.tvturk.com\/index.php\/atasehirde-turk-cam-balinin-uluslararasi-cografi-isaret-tescili-konulu-toplanti\/"},"modified":"2019-11-01T18:32:17","modified_gmt":"2019-11-01T15:32:17","slug":"atasehirde-turk-cam-balinin-uluslararasi-cografi-isaret-tescili-konulu-toplanti","status":"publish","type":"post","link":"http:\/\/www.tvturk.com\/index.php\/atasehirde-turk-cam-balinin-uluslararasi-cografi-isaret-tescili-konulu-toplanti\/","title":{"rendered":"Ata\u015fehir\u2019de \u201cT\u00fcrk \u00e7am bal\u0131n\u0131n uluslararas\u0131 co\u011frafi i\u015faret tescili\u201d konulu toplant\u0131"},"content":{"rendered":"<p>T\u00fcrk \u00e7am bal\u0131n\u0131n T\u00fcrkiye ve Avrupa Birli\u011fi\u2019nde co\u011frafi i\u015faret tescilinin yap\u0131lmas\u0131 konulu proje i\u00e7in Ata\u015fehir\u2019de toplant\u0131 ger\u00e7ekle\u015ftirildi. Toplant\u0131da T\u00fcrk \u00e7am bal\u0131n\u0131n uluslararas\u0131 \u00e7apta standard\u0131n\u0131n belirlenmesi konusu da ele al\u0131nd\u0131.<\/p>\n<p>T\u00fcrkiye Ar\u0131 Yeti\u015ftiricileri Merkez Birli\u011fi koordinat\u00f6rl\u00fc\u011f\u00fcnde y\u00fcr\u00fct\u00fclen ve T\u00fcrk \u00e7am bal\u0131n\u0131n T\u00fcrkiye ve Avrupa Birli\u011fi\u2019nde co\u011frafi i\u015faret tescilinin yap\u0131lmas\u0131n\u0131n hedeflendi\u011fi proje i\u00e7in Ata\u015fehir\u2019de toplant\u0131 ger\u00e7ekle\u015ftirildi. Toplant\u0131da T\u00fcrk \u00e7am bal\u0131n\u0131n uluslararas\u0131 co\u011frafi tescillerinin yap\u0131lmas\u0131 ve standartlar\u0131n\u0131 belirlenmesi konular\u0131 ele al\u0131nd\u0131.<\/p>\n<p>T\u00fcrkiye Ar\u0131 Yeti\u015ftiricileri Merkez Birli\u011fi Ba\u015fkan\u0131 Ziya \u015eahin, proje hakk\u0131nda bilgi vererek, \u201cHer \u015feyden \u00f6nce kalite kriterlerimizi bizi uluslararas\u0131na ta\u015f\u0131m\u0131\u015f oluyoruz. Kendi \u00fclkemizde ne kadar olursan\u0131z olun, ne kadar bal satarsan\u0131z sat\u0131n. Uluslararas\u0131 zincirde yoksan\u0131z siz \u00f6ncelikle kaybetmi\u015fsiniz demektir. Biz \u00e7am bal\u0131 \u00fcreticileri olarak bu g\u00fcne kadar kaybettik. T\u00fcrkiye Ar\u0131c\u0131lar Birliklerimizin karar\u0131 sayesinde biz sahaya indik, d\u00fcnyaya a\u00e7\u0131ld\u0131k. \u0130lk \u00f6nce uluslararas\u0131 co\u011frafi tescillerimiz, arkas\u0131ndan uluslararas\u0131 bal\u0131m\u0131z\u0131n standard\u0131m\u0131z\u0131n belirlenmesi geliyor. 4-5 y\u0131l sonra T\u00fcrkiye\u2019deki \u00e7am ballar\u0131 eczanelerde ila\u00e7 niyetine sat\u0131labilecek. Ar\u0131c\u0131ya ve birliklerimize inan\u0131yorum. Bizim en b\u00fcy\u00fck hedef kitlemiz t\u00fcketicilerdir bu y\u00fczden biz bal\u0131m\u0131z\u0131n kimyasal \u00f6zelliklerini, parmak izlerini, t\u0131bbi aktivitelerle beraber belirleyip Avrupa\u2019ya a\u00e7\u0131lmak istiyoruz. Bug\u00fcne kadar sokak k\u00f6\u015felerinde bir tak\u0131m ballarla ilgili \u2018\u015funa iyi gelir buna iyi gelir\u2019 diyorlar. Elinizde belge var m\u0131 yok, ara\u015ft\u0131rma var m\u0131 yok. Onun i\u00e7in Tar\u0131m Orman Bakanl\u0131\u011f\u0131m\u0131zla birlikte y\u00fcr\u00fctt\u00fc\u011f\u00fcm\u00fcz proje ile yurtd\u0131\u015f\u0131na sadece \u00e7am bal\u0131n\u0131 de\u011fil, bu sene \u00e7am bal\u0131n\u0131, 2 sene sonra da kestane ballar\u0131m\u0131z\u0131, ay\u00e7i\u00e7ek ve pamuk ballar\u0131m\u0131z\u0131, narenciye ballar\u0131m\u0131z\u0131 a\u00e7aca\u011f\u0131z. Art\u0131k T\u00fcrkiye ar\u0131c\u0131s\u0131 bilimsel ar-ge faaliyetlerine dayal\u0131 olarak yurt d\u0131\u015f\u0131na a\u00e7\u0131lacakt\u0131r\u201d dedi.<\/p>\n<p>Ayr\u0131ca Ziya \u015eahin, \u201c2020 y\u0131l\u0131nda T\u00fcrkiye\u2019de ar\u0131 \u00fcr\u00fcnlerini Uluslararas\u0131 Standart Belirleme Kuruluna ta\u015f\u0131d\u0131k. Fransa\u2019da yap\u0131ld\u0131. \u00c7am bal\u0131n\u0131n tart\u0131\u015f\u0131lmas\u0131, kimliklendirilmesi ve standard\u0131n\u0131n belirlenmesi konusunda karar al\u0131nd\u0131. 2020\u2019de toplant\u0131y\u0131 T\u00fcrkiye\u2019ye ald\u0131k. \u00c7am bal\u0131n\u0131n \u00f6n\u00fcm\u00fczdeki y\u0131llarda uluslararas\u0131 standard\u0131 belirlenecektir. Arkas\u0131ndan di\u011fer ballar\u0131m\u0131z devreye giriyor. Kademe kadem belirlenmi\u015f olacak\u201d ifadelerini kulland\u0131.<\/p>\n","protected":false},"excerpt":{"rendered":"<p>T\u00dcRK \u00c7AM BALININ T\u00dcRK\u0130YE VE AVRUPA B\u0130RL\u0130\u011e\u0130\u2019NDE CO\u011eRAF\u0130 \u0130\u015eARET TESC\u0130L\u0130N\u0130N YAPILMASI KONULU PROJE \u0130\u00c7\u0130N ATA\u015eEH\u0130R\u2019DE TOPLANTI GER\u00c7EKLE\u015eT\u0130R\u0130LD\u0130. TOPLANTIDA T\u00dcRK \u00c7AM BALININ ULUSLARARASI \u00c7APTA STANDARDININ BEL\u0130RLENMES\u0130 KONUSU DA ELE ALINDI.<\/p>\n","protected":false},"author":1,"featured_media":222780,"comment_status":"closed","ping_status":"open","sticky":false,"template":"","format":"standard","meta":{"jetpack_post_was_ever_published":false,"_jetpack_newsletter_access":"","_jetpack_dont_email_post_to_subs":false,"_jetpack_newsletter_tier_id":0,"_jetpack_memberships_contains_paywalled_content":false,"_jetpack_memberships_contains_paid_content":false,"footnotes":"","jetpack_publicize_message":"","jetpack_publicize_feature_enabled":true,"jetpack_social_post_already_shared":true,"jetpack_social_options":{"image_generator_settings":{"template":"highway","default_image_id":0,"font":"","enabled":false},"version":2}},"categories":[1],"tags":[4839,6287,48893,883,17603,1738,2847,39828,5758,957],"class_list":["post-222779","post","type-post","status-publish","format-standard","has-post-thumbnail","hentry","category-genel","tag-uluslararasi","tag-atasehirde","tag-balinin","tag-cam","tag-cografi","tag-isaret","tag-konulu","tag-tescili","tag-toplanti","tag-turk"],"jetpack_publicize_connections":[],"jetpack_featured_media_url":"https:\/\/i0.wp.com\/www.tvturk.com\/wp-content\/uploads\/2019\/11\/atasehirde-turk-cam-balinin-uluslararasi-cografi-isaret-tescili-konulu-toplanti_2671f89.jpg?fit=1000%2C590","jetpack_sharing_enabled":true,"jetpack_shortlink":"https:\/\/wp.me\/paKIfm-VXd","_links":{"self":[{"href":"http:\/\/www.tvturk.com\/index.php\/wp-json\/wp\/v2\/posts\/222779","targetHints":{"allow":["GET"]}}],"collection":[{"href":"http:\/\/www.tvturk.com\/index.php\/wp-json\/wp\/v2\/posts"}],"about":[{"href":"http:\/\/www.tvturk.com\/index.php\/wp-json\/wp\/v2\/types\/post"}],"author":[{"embeddable":true,"href":"http:\/\/www.tvturk.com\/index.php\/wp-json\/wp\/v2\/users\/1"}],"replies":[{"embeddable":true,"href":"http:\/\/www.tvturk.com\/index.php\/wp-json\/wp\/v2\/comments?post=222779"}],"version-history":[{"count":0,"href":"http:\/\/www.tvturk.com\/index.php\/wp-json\/wp\/v2\/posts\/222779\/revisions"}],"wp:featuredmedia":[{"embeddable":true,"href":"http:\/\/www.tvturk.com\/index.php\/wp-json\/wp\/v2\/media\/222780"}],"wp:attachment":[{"href":"http:\/\/www.tvturk.com\/index.php\/wp-json\/wp\/v2\/media?parent=222779"}],"wp:term":[{"taxonomy":"category","embeddable":true,"href":"http:\/\/www.tvturk.com\/index.php\/wp-json\/wp\/v2\/categories?post=222779"},{"taxonomy":"post_tag","embeddable":true,"href":"http:\/\/www.tvturk.com\/index.php\/wp-json\/wp\/v2\/tags?post=222779"}],"curies":[{"name":"wp","href":"https:\/\/api.w.org\/{rel}","templated":true}]}}