{"id":222817,"date":"2019-11-01T22:32:19","date_gmt":"2019-11-01T19:32:19","guid":{"rendered":"http:\/\/www.tvturk.com\/index.php\/cumhurbaskani-erdogan-7-duvel-ak-partiye-karsi-bir-gayretin-icerisinde-ama-bizi-asla-koparamayacak\/"},"modified":"2019-11-01T22:32:19","modified_gmt":"2019-11-01T19:32:19","slug":"cumhurbaskani-erdogan-7-duvel-ak-partiye-karsi-bir-gayretin-icerisinde-ama-bizi-asla-koparamayacak","status":"publish","type":"post","link":"http:\/\/www.tvturk.com\/index.php\/cumhurbaskani-erdogan-7-duvel-ak-partiye-karsi-bir-gayretin-icerisinde-ama-bizi-asla-koparamayacak\/","title":{"rendered":"Cumhurba\u015fkan\u0131 Erdo\u011fan: \u201c7 d\u00fcvel AK Parti\u2019ye kar\u015f\u0131 bir gayretin i\u00e7erisinde ama bizi asla koparamayacak\u201d"},"content":{"rendered":"<p>AK Parti Ankara \u0130l Ba\u015fkanl\u0131\u011f\u0131n\u0131n Afyonkarahisar\u2019daki \u0130sti\u015fare ve De\u011ferlendirme Toplant\u0131s\u0131\u2019na telefonla ba\u011flanan Cumhurba\u015fkan\u0131 Recep Tayyip Erdo\u011fan, \u201cHi\u00e7bir \u015fey sizi y\u0131lg\u0131nl\u0131\u011fa itmesin. Baz\u0131 \u00e7atlak sesler veya safsalar sizleri asla y\u0131lg\u0131nl\u0131\u011fa itmesin. Bunlar\u0131n hepsi gider. Ama i\u015fin asl\u0131 burada kal\u0131r. 7 d\u00fcvel AK Parti\u2019ye kar\u015f\u0131 bir gayretin i\u00e7erisinde ama bizi asla koparamayacak\u201d dedi.<\/p>\n<p>Afyonkarahisar\u2019da termal bir otelde AK Parti Ankara \u0130l Ba\u015fkanl\u0131\u011f\u0131 taraf\u0131ndan \u2019\u0130sti\u015fare ve De\u011ferlendirme Toplant\u0131s\u0131\u2019 ba\u015flad\u0131. Toplant\u0131ya AK Parti Genel Ba\u015fkanvekili Numan Kurtulmu\u015f, AK Parti Afyonkarahisar Milletvekili \u0130brahim Yurdunuseven, AK Parti Ankara \u0130l Ba\u015fkan\u0131 Hakan Han \u00d6zcan, AK Parti Afyonkarahisar \u0130l Ba\u015fkan\u0131 H\u00fcseyin Sezen, AK Parti Ankara \u0130l Te\u015fkilat\u0131, il\u00e7e ba\u015fkanlar\u0131, belediye ba\u015fkanlar\u0131, belediye meclis \u00fcyeleri ile gen\u00e7lik ve kad\u0131n kollar\u0131 ba\u015fkanlar\u0131 kat\u0131ld\u0131.<\/p>\n<p>Toplant\u0131n\u0131n a\u00e7\u0131l\u0131\u015f konu\u015fmas\u0131n\u0131 yapan Ankara \u0130l Ba\u015fkan\u0131 \u00d6zcan, telefonla Cumhurba\u015fkan\u0131 Recep Tayyip Erdo\u011fan\u2019\u0131 arad\u0131. Te\u015fkilat mensuplar\u0131 telefondan seslenen Erdo\u011fan, te\u015fkilata uyar\u0131larda bulunarak, \u00e7atlak seslere ve safsatalar\u0131n kendilerini y\u0131lg\u0131nl\u0131k vermemesini s\u00f6yledi. Erdo\u011fan te\u015fkilat mensuplar\u0131na \u015f\u00f6yle seslenerek \u015fu ifadelere yer verdi:<\/p>\n<p>&#8220;\u00c7ok anlaml\u0131 s\u00fcre\u00e7te bu kamp\u0131 ger\u00e7ekle\u015ftiriyor olman\u0131z, bir tarafta Bar\u0131\u015f P\u0131nar\u0131 Harekat\u0131 devam ederken sizlerde orada inan\u0131yorum ki \u00fclkemizin bar\u0131\u015f\u0131na etkin, in\u015fallah kalk\u0131nmas\u0131ndaki yeni hamlelere ad\u0131mlar\u0131n at\u0131ld\u0131\u011f\u0131 bir d\u00f6nemde b\u00f6yle bir kamp\u0131n \u00e7ok \u00e7ok isabetli oldu\u011funu d\u00fc\u015f\u00fcn\u00fcyorum. \u00d6n\u00fcm\u00fczde kongrelerimiz var. Bir taraftan il\u00e7e bir taraftan il kongrelerimizi ve ard\u0131ndan b\u00fcy\u00fck kongremizi ger\u00e7ekle\u015ftirece\u011fiz. B\u00fcy\u00fck kongreye giderken bu yolda \u00f6zellikle hep s\u00f6yledim; \u00d6merleri bulaca\u011f\u0131z. Kararlar\u0131m\u0131z noktas\u0131nda \u00e7ok hassas davranaca\u011f\u0131z. \u00d6zellikle kad\u0131n ve gen\u00e7lik kollar\u0131m\u0131zla da \u00e7ok g\u00fc\u00e7l\u00fc \u00e7\u0131k\u0131\u015flar yapmak suretiyle in\u015fallah kongrelerin ard\u0131ndan 2023\u2019e farkl\u0131 bir \u015fekilde gitmi\u015f olaca\u011f\u0131z. Hi\u00e7 bir \u015fey sizi y\u0131lg\u0131nl\u0131\u011fa itmesin. Baz\u0131 \u00e7atlak sesler veya safsalar sizleri asla y\u0131lg\u0131nl\u0131\u011fa itmesin. Bunlar\u0131n hepsi gider. Ama i\u015fin asl\u0131 burada kal\u0131r. 7 d\u00fcvel AK Partiye kar\u015f\u0131 bir gayretin i\u00e7erisinde ama bizi asla koparamayacak. \u0130n\u015fallah bu g\u00f6vdenin k\u00f6kleri \u00e7ok \u00e7ok sa\u011flam. Bu sa\u011flam k\u00f6klerle m\u00fccadelemizi s\u00fcrd\u00fcrece\u011fiz. Bu gayretlerinizi ayn\u0131 \u015fekilde bir \u00e7ok ilde dan\u0131\u015fma meclislerimiz, il\u00e7e dan\u0131\u015fma meclislerimiz ve \u0130stanbul\u2019da il\u00e7e dan\u0131\u015fma meclislerimiz var. Bu te\u015fkilat\u0131n nas\u0131l oturdu\u011funu g\u00f6steriyor. Nas\u0131l bir sa\u011flam zemin \u00fczerinde oldu\u011funu g\u00f6steriyor. \u0130n\u015fallah b\u00f6ylece g\u00fc\u00e7lenerek kongrelerden \u00e7\u0131kacak. G\u00fc\u00e7l\u00fc bir \u00fclke olarak haz\u0131rlanaca\u011f\u0131z. Bar\u0131\u015f P\u0131nar\u0131 harekat\u0131 d\u00fcnyada sembolle\u015fmi\u015ftir. D\u00fcnya \u00fclkemiz \u015fuanda bar\u0131\u015f p\u0131nar\u0131nda kendisini ispat etmi\u015ftir. Burada b\u00fct\u00fcn ter\u00f6r \u00f6rg\u00fctlerine y\u00f6nelik toplu bir m\u00fccadele verdi\u011fimiz ortaya konulmu\u015ftur. Bu partiyi millet kurdu. \u00d6zellikle sizleri tebrik ediyorum&#8221; dedi.<\/p>\n","protected":false},"excerpt":{"rendered":"<p>AK PART\u0130 ANKARA \u0130L BA\u015eKANLI\u011eININ AFYONKARAH\u0130SAR\u2019DAK\u0130 \u0130ST\u0130\u015eARE VE DE\u011eERLEND\u0130RME TOPLANTISI\u2019NA TELEFONLA BA\u011eLANAN CUMHURBA\u015eKANI RECEP TAYY\u0130P ERDO\u011eAN, \u201cH\u0130\u00c7B\u0130R \u015eEY S\u0130Z\u0130 YILGINLI\u011eA \u0130TMES\u0130N. BAZI \u00c7ATLAK SESLER VEYA SAFSALAR S\u0130ZLER\u0130 ASLA YILGINLI\u011eA \u0130TMES\u0130N. BUNLARIN HEPS\u0130 G\u0130DER. AMA \u0130\u015e\u0130N ASLI BURADA KALIR. 7 D\u00dcVEL AK PART\u0130\u2019YE KAR\u015eI B\u0130R GAYRET\u0130N \u0130\u00c7ER\u0130S\u0130NDE AMA B\u0130Z\u0130 ASLA KOPARAMAYACAK\u201d DED\u0130.<\/p>\n","protected":false},"author":1,"featured_media":222818,"comment_status":"closed","ping_status":"open","sticky":false,"template":"","format":"standard","meta":{"jetpack_post_was_ever_published":false,"_jetpack_newsletter_access":"","_jetpack_dont_email_post_to_subs":false,"_jetpack_newsletter_tier_id":0,"_jetpack_memberships_contains_paywalled_content":false,"_jetpack_memberships_contains_paid_content":false,"footnotes":"","jetpack_publicize_message":"","jetpack_publicize_feature_enabled":true,"jetpack_social_post_already_shared":true,"jetpack_social_options":{"image_generator_settings":{"template":"highway","default_image_id":0,"font":"","enabled":false},"version":2}},"categories":[1],"tags":[1800,5120,9890,125,10804,503,19218,649,56363,6950,2541,56364,4933],"class_list":["post-222817","post","type-post","status-publish","format-standard","has-post-thumbnail","hentry","category-genel","tag-1800","tag-ama","tag-asla","tag-bir","tag-bizi","tag-cumhurbaskani","tag-duvel","tag-erdogan","tag-gayretin","tag-icerisinde","tag-karsi","tag-koparamayacak","tag-partiye"],"jetpack_publicize_connections":[],"jetpack_featured_media_url":"https:\/\/i0.wp.com\/www.tvturk.com\/wp-content\/uploads\/2019\/11\/cumhurbaskani-erdogan-7-duvel-ak-partiye-karsi-bir-gayretin-icerisinde-ama-bizi-asla-koparamayacak_e398c39.jpg?fit=1000%2C666","jetpack_sharing_enabled":true,"jetpack_shortlink":"https:\/\/wp.me\/paKIfm-VXP","_links":{"self":[{"href":"http:\/\/www.tvturk.com\/index.php\/wp-json\/wp\/v2\/posts\/222817","targetHints":{"allow":["GET"]}}],"collection":[{"href":"http:\/\/www.tvturk.com\/index.php\/wp-json\/wp\/v2\/posts"}],"about":[{"href":"http:\/\/www.tvturk.com\/index.php\/wp-json\/wp\/v2\/types\/post"}],"author":[{"embeddable":true,"href":"http:\/\/www.tvturk.com\/index.php\/wp-json\/wp\/v2\/users\/1"}],"replies":[{"embeddable":true,"href":"http:\/\/www.tvturk.com\/index.php\/wp-json\/wp\/v2\/comments?post=222817"}],"version-history":[{"count":0,"href":"http:\/\/www.tvturk.com\/index.php\/wp-json\/wp\/v2\/posts\/222817\/revisions"}],"wp:featuredmedia":[{"embeddable":true,"href":"http:\/\/www.tvturk.com\/index.php\/wp-json\/wp\/v2\/media\/222818"}],"wp:attachment":[{"href":"http:\/\/www.tvturk.com\/index.php\/wp-json\/wp\/v2\/media?parent=222817"}],"wp:term":[{"taxonomy":"category","embeddable":true,"href":"http:\/\/www.tvturk.com\/index.php\/wp-json\/wp\/v2\/categories?post=222817"},{"taxonomy":"post_tag","embeddable":true,"href":"http:\/\/www.tvturk.com\/index.php\/wp-json\/wp\/v2\/tags?post=222817"}],"curies":[{"name":"wp","href":"https:\/\/api.w.org\/{rel}","templated":true}]}}