{"id":222901,"date":"2019-11-02T10:32:00","date_gmt":"2019-11-02T07:32:00","guid":{"rendered":"http:\/\/www.tvturk.com\/index.php\/konfeksiyon-ihracatcilari-hollanda-yolcusu\/"},"modified":"2019-11-02T10:32:00","modified_gmt":"2019-11-02T07:32:00","slug":"konfeksiyon-ihracatcilari-hollanda-yolcusu","status":"publish","type":"post","link":"http:\/\/www.tvturk.com\/index.php\/konfeksiyon-ihracatcilari-hollanda-yolcusu\/","title":{"rendered":"Konfeksiyon ihracat\u00e7\u0131lar\u0131 Hollanda yolcusu"},"content":{"rendered":"<p>Egeli haz\u0131r giyim ihracat\u00e7\u0131lar\u0131 en b\u00fcy\u00fck 4. ihra\u00e7 pazarlar\u0131 olan Hollanda\u2019ya y\u00f6nelik 2018 y\u0131l\u0131nda ger\u00e7ekle\u015ftirdikleri Sekt\u00f6rel Ticaret Heyetinden elde ettikleri olumlu d\u00f6n\u00fc\u015f sonras\u0131nda Hollanda\u2019ya y\u00f6nelik \u201cSekt\u00f6rel Ticaret Heyeti\u201d organizasyonlar\u0131n\u0131 geleneksel hale getirme karar\u0131 ald\u0131.<\/p>\n<p>Ege Haz\u0131r Giyim ve Konfeksiyon \u0130hracat\u00e7\u0131lar\u0131 Birli\u011fi (EHK\u0130B) D\u0131\u015f Pazar Stratejileri Geli\u015ftirme Komitesi taraf\u0131ndan ilki 23-25 Ekim 2018 tarihleri aras\u0131nda ger\u00e7ekle\u015ftirilen Hollanda Sekt\u00f6rel Ticaret Heyeti, 4-6 Kas\u0131m 2019 tarihleri aras\u0131nda 2. kez d\u00fczenlenecek.<\/p>\n<p>Hollanda\u2019n\u0131n y\u0131ll\u0131k 15,7 milyar dolar konfeksiyon \u00fcr\u00fcnleri ithal etti\u011fini belirten Ege Haz\u0131r Giyim ve Konfeksiyon \u0130hracat\u00e7\u0131lar\u0131 Birli\u011fi Ba\u015fkan\u0131 Burak Sertba\u015f, T\u00fcrk konfeksiyon sekt\u00f6r\u00fcn\u00fcn Hollanda\u2019ya 1 milyar dolar seviyesinde olan konfeksiyon ihracat\u0131n\u0131 1,5 milyar dolara ta\u015f\u0131mak i\u00e7in Amsterdam\u2019\u0131n \u00f6nemli denim ve moda merkezi De Hallen\u2019de kuracaklar\u0131 stantlarda Hollandal\u0131 ithalat\u00e7\u0131larla ikili i\u015f g\u00f6r\u00fc\u015fmeleri yapacaklar\u0131n\u0131 kaydetti.<\/p>\n<p>T\u00fcrkiye\u2019nin Hollanda\u2019ya konfeksiyon \u00fcr\u00fcnleri ihracat\u0131n\u0131n 2019 y\u0131l\u0131n\u0131n Ocak-Eyl\u00fcl d\u00f6neminde y\u00fczde 8\u2019lik art\u0131\u015fla 823 milyon dolara \u00e7\u0131kt\u0131\u011f\u0131 bilgisini payla\u015fan Sertba\u015f, \u201c2019 y\u0131l\u0131n\u0131n 9 ayl\u0131k d\u00f6neminde EHK\u0130B \u00fcyelerinin Hollanda\u2019ya yapt\u0131\u011f\u0131 ihracat ise y\u00fczde 4\u2019l\u00fck art\u0131\u015fla 66 milyon dolara ula\u015ft\u0131. EHK\u0130B\u2019ten Hollanda\u2019ya ihracatta 2020 y\u0131l\u0131nda 100 milyon dolar hedef belirledik\u201d diye konu\u015ftu.<\/p>\n<p>\u201cHollanda, Bel\u00e7ika ve Almanya\u2019dan al\u0131c\u0131lar gelecek\u201d<\/p>\n<p>Hollanda Sekt\u00f6rel Ticaret Heyetine; Bel\u00e7ika ve Almanya a\u011f\u0131rl\u0131kl\u0131 Avrupa\u2019n\u0131n her taraf\u0131ndan ithalat\u00e7\u0131lar\u0131n kat\u0131l\u0131m\u0131 i\u00e7in Hollanda\u2019da bulunan ve sekt\u00f6rdeki en b\u00fcy\u00fck dan\u0131\u015fmanl\u0131k firmalar\u0131 aras\u0131nda yer alan ayn\u0131 zamanda bir moda platformu olan Fashion United firmas\u0131 ile i\u015fbirli\u011fi yapt\u0131klar\u0131n\u0131 dile getiren EHK\u0130B D\u0131\u015f Pazar Stratejileri Geli\u015ftirme Komitesi Ba\u015fkan\u0131 Seray Seyfeli ise Avrupa \u00f6nemli al\u0131m gruplar\u0131n\u0131n etkinli\u011fe kat\u0131lmas\u0131n\u0131 beklediklerini kaydetti.<\/p>\n<p>EHK\u0130B D\u0131\u015f Pazar Stratejileri Geli\u015ftirme Komitesi Ba\u015fkan\u0131 Seyfeli, 2019 y\u0131l\u0131 Ocak ay\u0131nda Almanya\u2019da Munich Fabric Start Fuar\u0131na info stand ile kat\u0131larak ba\u015flatt\u0131klar\u0131 tan\u0131t\u0131m ata\u011f\u0131nda sonraki etkinlikleri ise \u015f\u00f6yle \u00f6zetledi:<\/p>\n<p>\u201c\u015eubat ay\u0131nda Premiere Vision Manufacturing Paris Fuar\u0131na, Eyl\u00fcl ay\u0131nda Munich Fabric Start Sourcing Fuar\u0131 ve Premiere Vision Manufacturing Paris Fuar\u0131na T\u00fcrkiye Milli Kat\u0131l\u0131m Organizasyonlar\u0131 ger\u00e7ekle\u015ftirdik. Bu \u00fc\u00e7 fuara 68 firma ile kat\u0131ld\u0131k. May\u0131s ay\u0131nda \u0130sve\u00e7 pazar\u0131na y\u00f6nelik URGE Heyeti yapt\u0131k. Haziran ay\u0131nda ise \u0130spanya\u2019da ITMA Tekstil ve Konfeksiyon Makineleri Fuar\u0131na inceleme gezimiz oldu. 2019 y\u0131l\u0131ndaki yurt d\u0131\u015f\u0131 tan\u0131t\u0131m etkinliklerimize Hollanda Sekt\u00f6rel Ticaret Heyeti ile nokta koyaca\u011f\u0131z.&#8221;<\/p>\n","protected":false},"excerpt":{"rendered":"<p>EGEL\u0130 HAZIR G\u0130Y\u0130M \u0130HRACAT\u00c7ILARI EN B\u00dcY\u00dcK 4. \u0130HRA\u00c7 PAZARLARI OLAN HOLLANDA\u2019YA Y\u00d6NEL\u0130K 2018 YILINDA GER\u00c7EKLE\u015eT\u0130RD\u0130KLER\u0130 SEKT\u00d6REL T\u0130CARET HEYET\u0130NDEN ELDE ETT\u0130KLER\u0130 OLUMLU D\u00d6N\u00dc\u015e SONRASINDA HOLLANDA\u2019YA Y\u00d6NEL\u0130K \u201cSEKT\u00d6REL T\u0130CARET HEYET\u0130\u201d ORGAN\u0130ZASYONLARINI GELENEKSEL HALE GET\u0130RME KARARI ALDI.<\/p>\n","protected":false},"author":1,"featured_media":222902,"comment_status":"closed","ping_status":"open","sticky":false,"template":"","format":"standard","meta":{"jetpack_post_was_ever_published":false,"_jetpack_newsletter_access":"","_jetpack_dont_email_post_to_subs":false,"_jetpack_newsletter_tier_id":0,"_jetpack_memberships_contains_paywalled_content":false,"_jetpack_memberships_contains_paid_content":false,"footnotes":"","jetpack_publicize_message":"","jetpack_publicize_feature_enabled":true,"jetpack_social_post_already_shared":true,"jetpack_social_options":{"image_generator_settings":{"template":"highway","default_image_id":0,"font":"","enabled":false},"version":2}},"categories":[19],"tags":[6328,41,33527,5464],"class_list":["post-222901","post","type-post","status-publish","format-standard","has-post-thumbnail","hentry","category-ekonomi","tag-hollanda","tag-ihracatcilari","tag-konfeksiyon","tag-yolcusu"],"jetpack_publicize_connections":[],"jetpack_featured_media_url":"https:\/\/i0.wp.com\/www.tvturk.com\/wp-content\/uploads\/2019\/11\/konfeksiyon-ihracatcilari-hollanda-yolcusu_3825e8f.jpg?fit=1000%2C666","jetpack_sharing_enabled":true,"jetpack_shortlink":"https:\/\/wp.me\/paKIfm-VZb","_links":{"self":[{"href":"http:\/\/www.tvturk.com\/index.php\/wp-json\/wp\/v2\/posts\/222901","targetHints":{"allow":["GET"]}}],"collection":[{"href":"http:\/\/www.tvturk.com\/index.php\/wp-json\/wp\/v2\/posts"}],"about":[{"href":"http:\/\/www.tvturk.com\/index.php\/wp-json\/wp\/v2\/types\/post"}],"author":[{"embeddable":true,"href":"http:\/\/www.tvturk.com\/index.php\/wp-json\/wp\/v2\/users\/1"}],"replies":[{"embeddable":true,"href":"http:\/\/www.tvturk.com\/index.php\/wp-json\/wp\/v2\/comments?post=222901"}],"version-history":[{"count":0,"href":"http:\/\/www.tvturk.com\/index.php\/wp-json\/wp\/v2\/posts\/222901\/revisions"}],"wp:featuredmedia":[{"embeddable":true,"href":"http:\/\/www.tvturk.com\/index.php\/wp-json\/wp\/v2\/media\/222902"}],"wp:attachment":[{"href":"http:\/\/www.tvturk.com\/index.php\/wp-json\/wp\/v2\/media?parent=222901"}],"wp:term":[{"taxonomy":"category","embeddable":true,"href":"http:\/\/www.tvturk.com\/index.php\/wp-json\/wp\/v2\/categories?post=222901"},{"taxonomy":"post_tag","embeddable":true,"href":"http:\/\/www.tvturk.com\/index.php\/wp-json\/wp\/v2\/tags?post=222901"}],"curies":[{"name":"wp","href":"https:\/\/api.w.org\/{rel}","templated":true}]}}