{"id":222915,"date":"2019-11-02T11:02:24","date_gmt":"2019-11-02T08:02:24","guid":{"rendered":"http:\/\/www.tvturk.com\/index.php\/erzurum-gune-kartpostallik-kar-manzarasi-ile-basladi\/"},"modified":"2019-11-02T11:02:24","modified_gmt":"2019-11-02T08:02:24","slug":"erzurum-gune-kartpostallik-kar-manzarasi-ile-basladi","status":"publish","type":"post","link":"http:\/\/www.tvturk.com\/index.php\/erzurum-gune-kartpostallik-kar-manzarasi-ile-basladi\/","title":{"rendered":"Erzurum g\u00fcne kartpostall\u0131k kar manzaras\u0131 ile ba\u015flad\u0131"},"content":{"rendered":"<p>Erzurum\u2019da, gece saatlerinde etkili olan kar ya\u011f\u0131\u015f\u0131n\u0131 ka\u00e7\u0131ran vatanda\u015flar, g\u00fcne kartpostall\u0131k manzara ile ba\u015flad\u0131. K\u0131\u015fa haz\u0131rl\u0131ks\u0131z olan vatanda\u015flar, arabalar\u0131na k\u0131\u015f lasti\u011fi takt\u0131rabilmek i\u00e7in lastik\u00e7ilerin kap\u0131s\u0131nda kuyruk oldu.<\/p>\n<p>Gece saatlerinde ba\u015flayan ya\u011fmurun ard\u0131ndan, kara d\u00f6n\u00fc\u015fen ya\u011f\u0131\u015f vatanda\u015flar\u0131n g\u00fcne tedbirsiz uyanmalar\u0131na sebep oldu. Beyaza b\u00fcr\u00fcnen Erzurum, bir yandan kartpostall\u0131k manzaralara yer verirken di\u011fer bir yanda ise vatanda\u015flar\u0131n kar ile m\u00fccadelesine sebep oldu.<\/p>\n<p>Lastik\u00e7ilerin yo\u011fun k\u0131\u015f mesaisi<\/p>\n<p>Arabalar\u0131na k\u0131\u015f lastikleri takmak i\u00e7in erken oldu\u011funu d\u00fc\u015f\u00fcnen vatanda\u015flar, yakla\u015f\u0131k 10 santim kar ile kar\u015f\u0131 kar\u015f\u0131ya kal\u0131nca, solu\u011fu lastik\u00e7ilerin \u00f6n\u00fcnde ald\u0131. Sabah 06:00 saatlerinden itibaren mesaiye ba\u015flayan lastik\u00e7ilerin \u00f6nlerinde vatanda\u015flar k\u0131\u015f lasti\u011fi takt\u0131rabilmek i\u00e7in uzun kuyruklar olu\u015fturdu.<\/p>\n<p>Kar Timleri i\u015f ba\u015f\u0131nda<\/p>\n<p>Erzurum B\u00fcy\u00fck\u015fehir Belediyesi ekiplerince, kar temizleme mesaisi ba\u015flad\u0131. Yollar ve kald\u0131r\u0131mlar\u0131n ula\u015f\u0131ma a\u00e7\u0131lmas\u0131 i\u00e7in yo\u011fun \u00e7aba g\u00f6steren kar timi, \u00f6ncelikle ara\u00e7 ve yaya trafi\u011finin bulundu\u011fu b\u00f6lgeleri temizledi.<\/p>\n<p>Cumartesi g\u00fcn\u00fc i\u00e7in, hissedilir derecede so\u011fuk hava de\u011ferlendirmesi yapan Meteoroloji, yapm\u0131\u015f oldu\u011fu son de\u011ferlendirmelerde, b\u00f6lgede havan\u0131n par\u00e7al\u0131 ve \u00e7ok bulutlu olaca\u011f\u0131 belirtti. Meteoroloji, Kars, A\u011fr\u0131 ve I\u011fd\u0131r \u00e7evrelerinin \u00f6\u011fle saatlerine kadar aral\u0131kl\u0131, ya\u011f\u0131\u015fl\u0131 ge\u00e7ece\u011fi, gece saatleri ile yar\u0131n sabah saatlerinde, Do\u011fu Anadolu b\u00f6lgesi genelinde buzlanma ve don olay\u0131 ile birlikte yer yer sis ve pus hadisesi beklenildi\u011fini a\u00e7\u0131klad\u0131.<\/p>\n<p>Hava s\u0131cakl\u0131klar\u0131 4 ila 7 derece d\u00fc\u015fecek<\/p>\n<p>Hava s\u0131cakl\u0131klar\u0131n\u0131n da 4 ila 7 derece azalaca\u011f\u0131n\u0131n belirtildi\u011fi a\u00e7\u0131klamada, G\u00fcneyli y\u00f6nlerden zaman zaman orta kuvvette r\u00fczgar esmesi beklenildi\u011fi bildirildi. Son olarak, Erzurum, Kars ve Ardahan\u2019da s\u0131cakl\u0131k -2 olarak \u00f6l\u00e7\u00fcld\u00fc.<\/p>\n<p>Meteoroloji 12\u2019inci B\u00f6lge M\u00fcd\u00fcrl\u00fc\u011f\u00fcnden yap\u0131lan son de\u011ferlendirmelere g\u00f6re, b\u00f6lge genelinde havan\u0131n sabah saatlerinde az bulutlu, zamanla par\u00e7al\u0131 ve \u00e7ok bulutlu \u00f6\u011fle saatlerinden itibaren Erzincan, Erzurum, Kars ve Ardahan \u00e7evrelerinin gece saatlerinden itibaren aral\u0131kl\u0131 ya\u011fmur ve sa\u011fanak ya\u011fmurlu ge\u00e7ece\u011fi a\u00e7\u0131klanm\u0131\u015ft\u0131.<\/p>\n","protected":false},"excerpt":{"rendered":"<p>ERZURUM\u2019DA, GECE SAATLER\u0130NDE ETK\u0130L\u0130 OLAN KAR YA\u011eI\u015eINI KA\u00c7IRAN VATANDA\u015eLAR, G\u00dcNE KARTPOSTALLIK MANZARA \u0130LE BA\u015eLADI.<\/p>\n","protected":false},"author":1,"featured_media":222916,"comment_status":"closed","ping_status":"open","sticky":false,"template":"","format":"standard","meta":{"jetpack_post_was_ever_published":false,"_jetpack_newsletter_access":"","_jetpack_dont_email_post_to_subs":false,"_jetpack_newsletter_tier_id":0,"_jetpack_memberships_contains_paywalled_content":false,"_jetpack_memberships_contains_paid_content":false,"footnotes":"","jetpack_publicize_message":"","jetpack_publicize_feature_enabled":true,"jetpack_social_post_already_shared":true,"jetpack_social_options":{"image_generator_settings":{"template":"highway","default_image_id":0,"font":"","enabled":false},"version":2}},"categories":[1],"tags":[55,2294,1347,192,878,13892,14302],"class_list":["post-222915","post","type-post","status-publish","format-standard","has-post-thumbnail","hentry","category-genel","tag-basladi","tag-erzurum","tag-gune","tag-ile","tag-kar","tag-kartpostallik","tag-manzarasi"],"jetpack_publicize_connections":[],"jetpack_featured_media_url":"https:\/\/i0.wp.com\/www.tvturk.com\/wp-content\/uploads\/2019\/11\/erzurum-gune-kartpostallik-kar-manzarasi-ile-basladi_5fbbbb6.jpg?fit=1000%2C562","jetpack_sharing_enabled":true,"jetpack_shortlink":"https:\/\/wp.me\/paKIfm-VZp","_links":{"self":[{"href":"http:\/\/www.tvturk.com\/index.php\/wp-json\/wp\/v2\/posts\/222915","targetHints":{"allow":["GET"]}}],"collection":[{"href":"http:\/\/www.tvturk.com\/index.php\/wp-json\/wp\/v2\/posts"}],"about":[{"href":"http:\/\/www.tvturk.com\/index.php\/wp-json\/wp\/v2\/types\/post"}],"author":[{"embeddable":true,"href":"http:\/\/www.tvturk.com\/index.php\/wp-json\/wp\/v2\/users\/1"}],"replies":[{"embeddable":true,"href":"http:\/\/www.tvturk.com\/index.php\/wp-json\/wp\/v2\/comments?post=222915"}],"version-history":[{"count":0,"href":"http:\/\/www.tvturk.com\/index.php\/wp-json\/wp\/v2\/posts\/222915\/revisions"}],"wp:featuredmedia":[{"embeddable":true,"href":"http:\/\/www.tvturk.com\/index.php\/wp-json\/wp\/v2\/media\/222916"}],"wp:attachment":[{"href":"http:\/\/www.tvturk.com\/index.php\/wp-json\/wp\/v2\/media?parent=222915"}],"wp:term":[{"taxonomy":"category","embeddable":true,"href":"http:\/\/www.tvturk.com\/index.php\/wp-json\/wp\/v2\/categories?post=222915"},{"taxonomy":"post_tag","embeddable":true,"href":"http:\/\/www.tvturk.com\/index.php\/wp-json\/wp\/v2\/tags?post=222915"}],"curies":[{"name":"wp","href":"https:\/\/api.w.org\/{rel}","templated":true}]}}