{"id":222987,"date":"2019-11-02T12:33:01","date_gmt":"2019-11-02T09:33:01","guid":{"rendered":"http:\/\/www.tvturk.com\/index.php\/vodafone-41-istanbul-maratonunda-heyecan-yarin\/"},"modified":"2019-11-02T12:33:01","modified_gmt":"2019-11-02T09:33:01","slug":"vodafone-41-istanbul-maratonunda-heyecan-yarin","status":"publish","type":"post","link":"http:\/\/www.tvturk.com\/index.php\/vodafone-41-istanbul-maratonunda-heyecan-yarin\/","title":{"rendered":"Vodafone 41. \u0130stanbul Maratonu\u2019nda heyecan yar\u0131n"},"content":{"rendered":"<p>\u0130stanbul B\u00fcy\u00fck\u015fehir Belediyesi i\u015ftiraki Spor \u0130stanbul\u2019un d\u00fczenledi\u011fi Vodafone 41. \u0130stanbul Maratonu \u2018\u0130stanbul senin, durma ko\u015f\u2019 slogan\u0131yla yar\u0131n ko\u015fulacak.<\/p>\n<p>\u0130stanbul B\u00fcy\u00fck\u015fehir Belediyesi i\u015ftiraki Spor \u0130stanbul taraf\u0131ndan Vodafone\u2019un isim sponsorlu\u011funda yar\u0131n \u2018\u0130stanbul Senin, Durma Ko\u015f\u2019 slogan\u0131 ile d\u00fczenlenecek 41. \u0130stanbul Maratonu\u2019nda iki k\u0131ta da ko\u015fu i\u00e7in birle\u015fecek. 15 Temmuz \u015eehitler K\u00f6pr\u00fcs\u00fc\u2019n\u00fcn Anadolu Yakas\u0131 taraf\u0131nda sabah 08.45 itibari ile ilk start\u0131n verilece\u011fi yar\u0131\u015fta, 15 dakika aral\u0131klarla 3 ana kategoride ger\u00e7ekle\u015fecek. \u0130ki k\u0131ta aras\u0131nda ko\u015fulan tek maraton olan \u0130stanbul Maratonu\u2019na 106 \u00fclkeden 37 bin \u00e7ipli ko\u015fucu kat\u0131lacak. 100 bin civar\u0131nda ki\u015finin de halk ko\u015fusuna kat\u0131lmas\u0131 bekleniyor. \u0130stanbul Maratonu\u2019nda ayr\u0131ca 58 elit atlet yer alacak.<\/p>\n<p>\u0130lk kazanan Hasan Saylan<\/p>\n<p>\u0130lk olarak Terc\u00fcman Gazetesi taraf\u0131ndan 1973 y\u0131l\u0131nda \u0130stanbul Bo\u011fazi\u00e7i K\u00f6pr\u00fcs\u00fc\u2019nde maraton ko\u015fulmas\u0131 fikri ortaya at\u0131ld\u0131. Bu d\u00fc\u015f\u00fcnce 1979 y\u0131l\u0131nda olgunla\u015ft\u0131 ve o sene konu\u015fuldu. O y\u0131l \u0130stanbul\u2019u ziyaret eden bir grup Alman amat\u00f6r atletlerin iste\u011fiyle, \u0130stanbul Valili\u011fi, Atletizm Federasyonu ve Karayollar\u0131 Genel M\u00fcd\u00fcrl\u00fc\u011f\u00fc \u00e7al\u0131\u015fma yapt\u0131. 1 Nisan 1979 y\u0131l\u0131nda start alan maraton o d\u00f6nemki \u2018Asya-Avrupa Ko\u015fusu\u2019 ismiyle ger\u00e7ekle\u015fti. Halk, k\u00f6pr\u00fcde yolun yar\u0131s\u0131n\u0131n kapat\u0131larak insanlar\u0131n k\u00f6pr\u00fcde ko\u015ftu\u011funu g\u00f6r\u00fcnce bunun 1 Nisan \u015fakas\u0131 oldu\u011funu sand\u0131. \u0130lk maratonu Hasan Saylan kazand\u0131.<\/p>\n<p>2006 y\u0131l\u0131nda \u00e7ipli sisteme ge\u00e7ildi<\/p>\n<p>2006 y\u0131l\u0131nda art\u0131r\u0131lan \u00f6d\u00fcl miktarlar\u0131 ve atletlerin derecelerini an\u0131nda \u00f6l\u00e7en elektronik zamanlama \u00e7ipi sayesinde maraton ciddi bir ivme kazand\u0131. Avrasya Maratonu bu y\u0131ldan itibaren uluslararas\u0131 takvimde sayg\u0131n bir yeri olan, elit atletler ve y\u00fcz bini a\u015fk\u0131n sporseverin kat\u0131ld\u0131\u011f\u0131 bir organizasyon kimli\u011fini kazand\u0131.<\/p>\n<p>2008 y\u0131l\u0131nda G\u00fcm\u00fc\u015f Kategori oldu<\/p>\n<p>Avrasya Maratonu 2008 y\u0131l\u0131nda gerekli kriterler sa\u011fland\u0131\u011f\u0131ndan dolay\u0131 Silver Label ni\u015fan\u0131na sahip olarak G\u00fcm\u00fc\u015f Kategori\u2019ye y\u00fckseldi. Kot fark\u0131n\u0131n giderilmesi ve parkura tarihi \u00f6zellik kazand\u0131r\u0131lmas\u0131 amac\u0131yla fini\u015f noktas\u0131 Be\u015fikta\u015f\u2019tan Sultanahmet\u2019e al\u0131nd\u0131. Ayr\u0131ca bu y\u0131ldan itibaren Avrasya Maraton Fuar\u0131 d\u00fczenlenmeye ba\u015fland\u0131.<\/p>\n<p>2010 y\u0131l\u0131nda 200 bin ki\u015fi<\/p>\n<p>2010 y\u0131l\u0131nda otomatik mail ve cep telefonu mesaj\u0131 ile bilgilendirme sistemine ge\u00e7ildi. Yo\u011fun \u00e7al\u0131\u015fmalar sonucunda \u00e7ipli ko\u015fulara 5 k\u0131ta, 85 \u00fclkeden 8 bin 380 ki\u015fi kay\u0131t yapt\u0131rarak maratonun kat\u0131l\u0131m rekoru bir kez daha k\u0131r\u0131ld\u0131. Ayr\u0131ca her y\u0131l on binlerce ki\u015finin kat\u0131ld\u0131\u011f\u0131 Halk Ko\u015fusu\u2019na 2010 y\u0131l\u0131nda yakla\u015f\u0131k 200 bin ki\u015fi kat\u0131ld\u0131.<\/p>\n<p>2012\u2019de Alt\u0131n Kategori\u2019ye kabul edildi<\/p>\n<p>2012 y\u0131l\u0131 K\u0131talararas\u0131 \u0130stanbul Avrasya Maratonu Alt\u0131n Kategori\u2019ye kabul edilerek d\u00fcnyan\u0131n en iyi 17, Avrupa\u2019n\u0131n 7. maratonu oldu. 2011 y\u0131l\u0131nda, Maraton Fuar\u0131 Feshane Fuar ve Kongre Merkezi\u2019nden \u0130stanbul Kongre Merkezi\u2019ne ta\u015f\u0131narak T\u00fcrkiye\u2019nin en b\u00fcy\u00fck spor fuar\u0131 d\u00fczenlendi. \u00c7ipli ko\u015fu kay\u0131tlar\u0131nda; 6 k\u0131ta, 88 \u00fclkeden toplam 13 bin 6 kat\u0131l\u0131mc\u0131 ile t\u00fcm zamanlar\u0131n kat\u0131l\u0131m rekoru k\u0131r\u0131ld\u0131.<\/p>\n<p>2013\u2019de ismi \u0130stanbul Maratonu olarak de\u011fi\u015ftirildi<\/p>\n<p>\u0130stanbul Avrasya Maratonu ismi \u015fehrin tan\u0131t\u0131m\u0131 ve ad\u0131n\u0131 \u00f6n plana \u00e7\u0131karmak amac\u0131 ile \u0130stanbul Maratonu olarak de\u011fi\u015ftirildi. \u0130stanbul Maratonu 2. kez IAAF taraf\u0131ndan Alt\u0131n Kategori\u2019ye kabul edilerek d\u00fcnyan\u0131n en iyi 24, Avrupa\u2019n\u0131n en iyi 11 Maratonu aras\u0131nda yer ald\u0131. 6 k\u0131ta, 97 \u00fclke ve 19 bin 257 kay\u0131tl\u0131 kat\u0131l\u0131mc\u0131 ile 5. y\u0131lda \u00fclke ve kat\u0131l\u0131mc\u0131 say\u0131s\u0131 rekoru k\u0131r\u0131ld\u0131.<\/p>\n<p>2018\u2019de parkur rekorlar\u0131 k\u0131r\u0131ld\u0131<\/p>\n<p>42K, 15K ve 10K kategorilerinde ko\u015fulan 2018 \u0130stanbul Maratonu\u2019nda hem kad\u0131nlarda hem de erkeklerde rekorlar k\u0131r\u0131ld\u0131. Erkeklerde Kenyal\u0131 atlet Felix Kimutai 2:09:57 ile parkur rekoru k\u0131rarken, kad\u0131nlarda 2017 y\u0131l\u0131 \u015fampiyonu Ruth Chepngetich 2:18:35 ile d\u00fcnyan\u0131n en iyi 17. derecesini elde etti.<\/p>\n<p>\u0130stanbul Maratonu\u2019nu erkeklerde 12 kez ile Kenya, kad\u0131nlarda da 7 kez ile Etiyopyal\u0131 sporcular kazand\u0131.<\/p>\n<p>3 ana kategori, 3 farkl\u0131 g\u00fczergah<\/p>\n<p>Maraton yar\u0131\u015f\u0131, 15 Temmuz \u015eehitler K\u00f6pr\u00fcs\u00fc\u2019n\u00fcn Anadolu Yakas\u0131 taraf\u0131ndaki gi\u015felerinin yakla\u015f\u0131k 250 metre gerisinden ba\u015flayacak, k\u00f6pr\u00fcy\u00fc ge\u00e7tikten sonra Be\u015fikta\u015f sapa\u011f\u0131ndan ayr\u0131larak Barbaros Bulvar\u0131\u2019ndan Be\u015fikta\u015f\u2019a inecek ve sahil yolunu izleyerek Karak\u00f6y\u2019e ula\u015facak. Galata K\u00f6pr\u00fcs\u00fc\u2019nden sonra Sirkeci y\u00f6n\u00fcne sapacak olan parkurda atletler sahil yolunu takip edip Bak\u0131rk\u00f6y Hava Harp Okulu \u00f6n\u00fc, Florya K\u00f6pr\u00fcs\u00fc alt\u0131ndan ayn\u0131 istikamete geri d\u00f6necek. Yar\u0131\u015f\u00e7\u0131lar sahilden G\u00fclhane Park\u0131\u2019na do\u011fru devam ederek park\u0131n i\u00e7inden ge\u00e7ecek ve Sultanahmet\u2019e \u00e7\u0131kacak. Var\u0131\u015f \u00e7izgisi, Roma, Bizans ve Osmanl\u0131 \u0130mparatorluklar\u0131\u2019n\u0131n toplant\u0131 ve spor merkezi olan At Meydan\u0131\u2019nda, Sultanahmet Camii\u2019nin giri\u015f kap\u0131s\u0131 ile M\u0131s\u0131r Dikilita\u015f\u0131\u2019n\u0131n aras\u0131nda olacak.<\/p>\n<p>15 km yar\u0131\u015f\u0131, k\u00f6pr\u00fcy\u00fc ge\u00e7tikten sonra Be\u015fikta\u015f sapa\u011f\u0131ndan ayr\u0131larak Barbaros Bulvar\u0131\u2019ndan Be\u015fikta\u015f\u2019a inecek ve sahil yolunu izleyerek Karak\u00f6y\u2019e ula\u015facak. Galata K\u00f6pr\u00fcs\u00fc\u2019nden sonra Sirkeci y\u00f6n\u00fcne saparak sahil yolunu takip edecek yar\u0131\u015f \u0130SK\u0130 Dolum Tesisleri \u00f6n\u00fcnde (Yenikap\u0131) sona erecek.<\/p>\n<p>Halk ko\u015fusu (8 km) ise k\u00f6pr\u00fcy\u00fc ge\u00e7tikten sonra Be\u015fikta\u015f sapa\u011f\u0131ndan ayr\u0131larak Barbaros Bulvar\u0131\u2019ndan Be\u015fikta\u015f\u2019a inecek ve sahil yolunu izleyerek bu y\u0131l ilk kez Vodafone Park\u2019ta sonlanacak.<\/p>\n<p>Toplam 306 bin Dolar verilecek<\/p>\n<p>41. \u0130stanbul Maratonu\u2019nda dereceye giren sporculara 306 bin Dolar \u00f6d\u00fcl verilecek. Bu y\u0131l maratonda birinci gelecek ko\u015fular 50 bin Dolar\u2019\u0131n sahibi olacak. \u0130kinciler 25 bin Dolar, \u00fc\u00e7\u00fcnc\u00fcler de 15 bin Dolar kazanacak.<\/p>\n","protected":false},"excerpt":{"rendered":"<p>\u0130STANBUL B\u00dcY\u00dcK\u015eEH\u0130R BELED\u0130YES\u0130 \u0130\u015eT\u0130RAK\u0130 SPOR \u0130STANBUL&#8217;UN D\u00dcZENLED\u0130\u011e\u0130 VODAFONE 41. \u0130STANBUL MARATONU \u2018\u0130STANBUL SEN\u0130N, DURMA KO\u015e\u2019 SLOGANIYLA YARIN KO\u015eULACAK.<\/p>\n","protected":false},"author":1,"featured_media":222988,"comment_status":"closed","ping_status":"open","sticky":false,"template":"","format":"standard","meta":{"jetpack_post_was_ever_published":false,"_jetpack_newsletter_access":"","_jetpack_dont_email_post_to_subs":false,"_jetpack_newsletter_tier_id":0,"_jetpack_memberships_contains_paywalled_content":false,"_jetpack_memberships_contains_paid_content":false,"footnotes":"","jetpack_publicize_message":"","jetpack_publicize_feature_enabled":true,"jetpack_social_post_already_shared":true,"jetpack_social_options":{"image_generator_settings":{"template":"highway","default_image_id":0,"font":"","enabled":false},"version":2}},"categories":[657],"tags":[19339,13322,730,27381,10751,2111],"class_list":["post-222987","post","type-post","status-publish","format-standard","has-post-thumbnail","hentry","category-spor","tag-19339","tag-heyecan","tag-istanbul","tag-maratonunda","tag-vodafone","tag-yarin"],"jetpack_publicize_connections":[],"jetpack_featured_media_url":"https:\/\/i0.wp.com\/www.tvturk.com\/wp-content\/uploads\/2019\/11\/vodafone-41-istanbul-maratonunda-heyecan-yarin_ab2db37.jpg?fit=1000%2C665","jetpack_sharing_enabled":true,"jetpack_shortlink":"https:\/\/wp.me\/paKIfm-W0z","_links":{"self":[{"href":"http:\/\/www.tvturk.com\/index.php\/wp-json\/wp\/v2\/posts\/222987","targetHints":{"allow":["GET"]}}],"collection":[{"href":"http:\/\/www.tvturk.com\/index.php\/wp-json\/wp\/v2\/posts"}],"about":[{"href":"http:\/\/www.tvturk.com\/index.php\/wp-json\/wp\/v2\/types\/post"}],"author":[{"embeddable":true,"href":"http:\/\/www.tvturk.com\/index.php\/wp-json\/wp\/v2\/users\/1"}],"replies":[{"embeddable":true,"href":"http:\/\/www.tvturk.com\/index.php\/wp-json\/wp\/v2\/comments?post=222987"}],"version-history":[{"count":0,"href":"http:\/\/www.tvturk.com\/index.php\/wp-json\/wp\/v2\/posts\/222987\/revisions"}],"wp:featuredmedia":[{"embeddable":true,"href":"http:\/\/www.tvturk.com\/index.php\/wp-json\/wp\/v2\/media\/222988"}],"wp:attachment":[{"href":"http:\/\/www.tvturk.com\/index.php\/wp-json\/wp\/v2\/media?parent=222987"}],"wp:term":[{"taxonomy":"category","embeddable":true,"href":"http:\/\/www.tvturk.com\/index.php\/wp-json\/wp\/v2\/categories?post=222987"},{"taxonomy":"post_tag","embeddable":true,"href":"http:\/\/www.tvturk.com\/index.php\/wp-json\/wp\/v2\/tags?post=222987"}],"curies":[{"name":"wp","href":"https:\/\/api.w.org\/{rel}","templated":true}]}}