{"id":222995,"date":"2019-11-02T12:46:57","date_gmt":"2019-11-02T09:46:57","guid":{"rendered":"http:\/\/www.tvturk.com\/index.php\/ozel-boluda-cikarilan-dunyaca-unlu-kalsedon-tasi-ekonomiye-kazandiriliyor\/"},"modified":"2019-11-02T12:46:57","modified_gmt":"2019-11-02T09:46:57","slug":"ozel-boluda-cikarilan-dunyaca-unlu-kalsedon-tasi-ekonomiye-kazandiriliyor","status":"publish","type":"post","link":"http:\/\/www.tvturk.com\/index.php\/ozel-boluda-cikarilan-dunyaca-unlu-kalsedon-tasi-ekonomiye-kazandiriliyor\/","title":{"rendered":"(\u00d6ZEL) Bolu\u2019da \u00e7\u0131kar\u0131lan d\u00fcnyaca \u00fcnl\u00fc \u201cKalsedon Ta\u015f\u0131\u201d ekonomiye kazand\u0131r\u0131l\u0131yor"},"content":{"rendered":"<p>Bolu\u2019nun K\u0131br\u0131sc\u0131k il\u00e7esinde \u00e7\u0131kar\u0131lan ve Hititler\u2019den bu yana sa\u011fl\u0131\u011fa iyi geldi\u011fine inan\u0131lan \u201cKalsedon Ta\u015f\u0131\u201d, tak\u0131 haline getirilerek ekonomiye kazand\u0131r\u0131l\u0131yor.<\/p>\n<p>Bolu\u2019nun K\u0131br\u0131sc\u0131k il\u00e7esinin g\u00fcney kesimlerinde \u00e7\u0131kar\u0131lan ve Hititler\u2019den bu yana sa\u011fl\u0131\u011fa iyi gelindi\u011fine inan\u0131lan \u201cKalsedon Ta\u015f\u0131\u201d, K\u0131br\u0131sc\u0131k Belediyesinin \u00f6nc\u00fcl\u00fc\u011f\u00fcnde il\u00e7eye a\u00e7\u0131lan at\u00f6lyede i\u015flenerek tak\u0131 haline getiriliyor. \u0130l\u00e7e ekonomisine ve Bolu turizmine katk\u0131 sa\u011flamas\u0131 beklenen \u2019Kalsedon Ta\u015f\u0131\u2019n\u0131n y\u00f6rede ba\u015f a\u011fr\u0131s\u0131 ve strese de iyi geldi\u011fine inan\u0131l\u0131yor. Y\u00fcz\u00fck, k\u00fcpe ve kolye olarak kullan\u0131labilecek hale getirilen ta\u015flar, \u00f6n\u00fcm\u00fczdeki g\u00fcnlerde Bolu\u2019ya ait \u00f6zellikleri ta\u015f\u0131yan magnetler halinde de sat\u0131\u015fa sunulacak.<\/p>\n<p>Bolu Abant \u0130zzet Baysal \u00dcniverstesinde d\u00fczenlenen K\u0131br\u0131sc\u0131k Sempozyumu\u2019nda tan\u0131t\u0131m\u0131 yap\u0131lan \u201cKalsedon Ta\u015f\u0131\u201d ile ilgili bilgiler veren K\u0131br\u0131sc\u0131k Belediye Ba\u015fkan\u0131 Emin Tekemen, \u201cHititler\u2019de konu\u015fma yetisinin geli\u015ftirdi\u011fine inan\u0131lan bir bir inan\u0131\u015f var. K\u0131br\u0131s\u0131c\u0131k\u2019\u0131n g\u00fcney b\u00f6lgelerinde \u00e7\u0131kan bir ta\u015f. Ayr\u0131ca y\u00f6rede ba\u015f a\u011fr\u0131s\u0131n\u0131 dindirdi\u011fine, stresi giderdi\u011fine inan\u0131l\u0131yor. Daha \u00f6nce \u00e7al\u0131\u015fmalar ba\u015flat\u0131lm\u0131\u015f ama y\u00fcr\u00fct\u00fclememi\u015f. Biz geldikten sonra MARKA\u2019ya bir proje sunduk. Fakat oradan bir \u015fey \u00e7\u0131kmay\u0131nca \u0130\u015eKUR ile ortak bir projeyle K\u0131br\u0131sc\u0131k\u2019ta ba\u015flad\u0131k. \u00dcretimine ba\u015fland\u0131. Tak\u0131lar\u0131n yan\u0131 s\u0131ra magnet ile de \u00e7al\u0131\u015fmalara ba\u015flayaca\u011f\u0131z. At\u00f6lyemize magnet \u00e7al\u0131\u015fmas\u0131n\u0131 da ekleyece\u011fiz. Bu magnetler yaln\u0131zca K\u0131br\u0131sc\u0131k\u2019\u0131n \u00f6zelliklerini g\u00f6stermeyecek, Bolu\u2019nun t\u00fcm \u00f6zelliklerini ta\u015f\u0131yan magnetler olu\u015fturaca\u011f\u0131z. Bolu turizminin alt yap\u0131s\u0131na materyal yeti\u015ftirmenin pe\u015findeyiz. Bunun yan\u0131 s\u0131ra seramik b\u00f6l\u00fcm\u00fcyle g\u00f6r\u00fc\u015fmelerimiz devam ediyor\u201d dedi.<\/p>\n<p>\u201cK\u0131br\u0131sc\u0131k halk\u0131na ekonomik katk\u0131s\u0131 olacak\u201d<\/p>\n<p>\u0130l\u00e7ede, 15 g\u00fcn \u00f6nce a\u00e7\u0131lan at\u00f6lyede 20\u2019den fazla ki\u015finin \u00e7al\u0131\u015ft\u0131\u011f\u0131n\u0131 s\u00f6yleyen Tekemen, \u201cTa\u015f at\u00f6lyesi 15 g\u00fcn \u00f6nce a\u00e7\u0131ld\u0131. \u015eu anda 18 ki\u015fiyle devam ediyoruz. Asl\u0131nda 30 ki\u015fi ba\u015fvurmu\u015ftu. Bir k\u0131sm\u0131 \u0130\u015eKUR\u2019dan 6 ayl\u0131k s\u00fcreye tak\u0131ld\u0131klar\u0131 i\u00e7in kat\u0131lamad\u0131lar. Ama onlar\u0131 da destekledik ve kat\u0131lmaya ba\u015flad\u0131lar. Say\u0131 20\u2019yi ge\u00e7ti. Pazarlama ba\u015flay\u0131nca il\u00e7e halk\u0131na da getirisi olacak. Daha sonra ta\u015f\u0131 belirli olarak at\u00f6lyemizde \u015fekillendirip kad\u0131nlar\u0131m\u0131za g\u00fcm\u00fc\u015f i\u015f\u00e7ili\u011fini evlerde yapt\u0131rma niyetimiz var. K\u0131br\u0131s\u0131c\u0131k halk\u0131na ekonomik katk\u0131s\u0131n\u0131n olaca\u011f\u0131na inan\u0131yoruz\u201d \u015feklinde konu\u015ftu.<\/p>\n<p>Kalsedon Ta\u015f\u0131\u2019n\u0131n yurt d\u0131\u015f\u0131na ihracat\u0131n\u0131n yap\u0131lmas\u0131 i\u00e7in de \u00e7al\u0131\u015fmalar\u0131 oldu\u011funu kaydeden Ba\u015fkan Tekemen, &#8220;\u0130lk etapta Bolu\u2019da pazarlama yoluna gidece\u011fiz ama geli\u015firse T\u00fcrkiye ve yurt d\u0131\u015f\u0131na ihrac\u0131 konusunda da \u00e7al\u0131\u015fmalar\u0131m\u0131z olacak. D\u0131\u015far\u0131dan ta\u015f\u0131n plaka halinde isteyenler var ama ben kendi f\u0131rsatlar\u0131m\u0131z varken, insanlar\u0131m\u0131za i\u015f imkan\u0131 varken d\u0131\u015far\u0131ya plakalar halinde sat\u0131lmas\u0131na taraftar de\u011filim\u201d ifadelerini kulland\u0131.<\/p>\n<p>Kalsedon Ta\u015f\u0131\u2019n\u0131n i\u015flendi\u011fi at\u00f6lyede \u00e7al\u0131\u015fan evli ve 3 \u00e7ocuk annesi Asiye Aktu\u011f ise &#8220;K\u0131br\u0131sc\u0131k\u2019\u0131m\u0131z\u0131n de\u011ferli ta\u015flar\u0131n\u0131 kullanmak istiyoruz. De\u011ferlendirmek istiyoruz. At\u00f6lyemizin s\u00fcrmesini istiyoruz. Buna \u00e7ok emek vermemiz laz\u0131m. Ta\u015f\u0131 i\u015flemek zor ama bizler i\u00e7in kolay ve e\u011flenceli. Mutluluk, huzur verici bir meslek. Her ta\u015f ayr\u0131 bir pozitif enerji veriyor&#8221; dedi.<\/p>\n","protected":false},"excerpt":{"rendered":"<p>BOLU\u2019NUN KIBRISCIK \u0130L\u00c7ES\u0130NDE \u00c7IKARILAN VE H\u0130T\u0130TLER\u2019DEN BU YANA SA\u011eLI\u011eA \u0130Y\u0130 GELD\u0130\u011e\u0130NE \u0130NANILAN \u201cKALSEDON TA\u015eI\u201d, TAKI HAL\u0130NE GET\u0130R\u0130LEREK EKONOM\u0130YE KAZANDIRILIYOR.<\/p>\n","protected":false},"author":1,"featured_media":222996,"comment_status":"closed","ping_status":"open","sticky":false,"template":"","format":"standard","meta":{"jetpack_post_was_ever_published":false,"_jetpack_newsletter_access":"","_jetpack_dont_email_post_to_subs":false,"_jetpack_newsletter_tier_id":0,"_jetpack_memberships_contains_paywalled_content":false,"_jetpack_memberships_contains_paid_content":false,"footnotes":"","jetpack_publicize_message":"","jetpack_publicize_feature_enabled":true,"jetpack_social_post_already_shared":true,"jetpack_social_options":{"image_generator_settings":{"template":"highway","default_image_id":0,"font":"","enabled":false},"version":2}},"categories":[1],"tags":[56409,1073,2745,4210,9392,1295,14948,3185,5590],"class_list":["post-222995","post","type-post","status-publish","format-standard","has-post-thumbnail","hentry","category-genel","tag-kalsedon","tag-ozel","tag-boluda","tag-cikarilan","tag-dunyaca","tag-ekonomiye","tag-kazandiriliyor","tag-tasi","tag-unlu"],"jetpack_publicize_connections":[],"jetpack_featured_media_url":"https:\/\/i0.wp.com\/www.tvturk.com\/wp-content\/uploads\/2019\/11\/ozel-boluda-cikarilan-dunyaca-unlu-kalsedon-tasi-ekonomiye-kazandiriliyor_9ffa546.jpg?fit=1000%2C666","jetpack_sharing_enabled":true,"jetpack_shortlink":"https:\/\/wp.me\/paKIfm-W0H","_links":{"self":[{"href":"http:\/\/www.tvturk.com\/index.php\/wp-json\/wp\/v2\/posts\/222995","targetHints":{"allow":["GET"]}}],"collection":[{"href":"http:\/\/www.tvturk.com\/index.php\/wp-json\/wp\/v2\/posts"}],"about":[{"href":"http:\/\/www.tvturk.com\/index.php\/wp-json\/wp\/v2\/types\/post"}],"author":[{"embeddable":true,"href":"http:\/\/www.tvturk.com\/index.php\/wp-json\/wp\/v2\/users\/1"}],"replies":[{"embeddable":true,"href":"http:\/\/www.tvturk.com\/index.php\/wp-json\/wp\/v2\/comments?post=222995"}],"version-history":[{"count":0,"href":"http:\/\/www.tvturk.com\/index.php\/wp-json\/wp\/v2\/posts\/222995\/revisions"}],"wp:featuredmedia":[{"embeddable":true,"href":"http:\/\/www.tvturk.com\/index.php\/wp-json\/wp\/v2\/media\/222996"}],"wp:attachment":[{"href":"http:\/\/www.tvturk.com\/index.php\/wp-json\/wp\/v2\/media?parent=222995"}],"wp:term":[{"taxonomy":"category","embeddable":true,"href":"http:\/\/www.tvturk.com\/index.php\/wp-json\/wp\/v2\/categories?post=222995"},{"taxonomy":"post_tag","embeddable":true,"href":"http:\/\/www.tvturk.com\/index.php\/wp-json\/wp\/v2\/tags?post=222995"}],"curies":[{"name":"wp","href":"https:\/\/api.w.org\/{rel}","templated":true}]}}