{"id":223083,"date":"2019-11-02T16:02:36","date_gmt":"2019-11-02T13:02:36","guid":{"rendered":"http:\/\/www.tvturk.com\/index.php\/suriyeli-ve-irakli-araplar-canakkale-sehitliginde-atalarini-ziyaret-etti\/"},"modified":"2019-11-02T16:02:36","modified_gmt":"2019-11-02T13:02:36","slug":"suriyeli-ve-irakli-araplar-canakkale-sehitliginde-atalarini-ziyaret-etti","status":"publish","type":"post","link":"http:\/\/www.tvturk.com\/index.php\/suriyeli-ve-irakli-araplar-canakkale-sehitliginde-atalarini-ziyaret-etti\/","title":{"rendered":"Suriyeli ve Irakl\u0131 Araplar, \u00c7anakkale \u015fehitli\u011finde atalar\u0131n\u0131 ziyaret etti"},"content":{"rendered":"<p>Suriyeli ve Irakl\u0131 T\u00fcrk K\u0131z\u0131lay Toplum Merkezi yararlan\u0131c\u0131lar\u0131, \u00c7anakkale \u015eehitler Abidesine giderek atalar\u0131n\u0131 ziyaret etti.<\/p>\n<p>T\u00fcrk K\u0131z\u0131lay Toplum Temelli G\u00f6\u00e7 Programlar\u0131 Koordinat\u00f6rl\u00fc\u011f\u00fc, Sosyal Uyum Program\u0131 kapsam\u0131nda yerel halk ve g\u00f6\u00e7menler aras\u0131nda bir arada ya\u015fama k\u00fclt\u00fcr\u00fcn\u00fcn geli\u015ftirilmesi maksad\u0131yla, atalar\u0131 \u00c7anakkale Sava\u015f\u0131\u2019nda \u015fehit olan Suriyeli ve Irakl\u0131 aileleri \u00c7anakkale\u2019ye g\u00f6t\u00fcrd\u00fc. Duygulu anlar ya\u015fayan ziyaret\u00e7iler, \u015fehitlikler ba\u015f\u0131nda bol bol dua etti. Toplam 50 ki\u015fiden olu\u015fan heyet, \u015fehitliklerin aras\u0131nda tek tek gezerek \u00c7anakkale ruhunu 104 y\u0131l sonra hep birlikte yeniden ya\u015fad\u0131.<\/p>\n<p>&#8220;Osmanl\u0131 ailesinin ba\u011flar\u0131n\u0131 g\u00fc\u00e7lendirmek istedik&#8221;<\/p>\n<p>D\u00fczenlenen ziyaret ile ilgili g\u00f6r\u00fc\u015flerini payla\u015fan T\u00fcrk K\u0131z\u0131lay Genel M\u00fcd\u00fcr\u00fc Dr. \u0130brahim Altan, \u201cBilindi\u011fi gibi 2011 y\u0131l\u0131ndan bu yana \u00fclkemizde Suriyeli misafirler bulunmakta. Biz de T\u00fcrk K\u0131z\u0131lay olarak toplam 16 toplum merkezimizde Suriyeli misafirlerimize hizmet veriyoruz. Hizmet verdi\u011fimiz Suriyeli misafirlerimizin bir k\u0131sm\u0131n\u0131n dedelerinin \u00c7anakkale Sava\u015flar\u0131nda \u015fehit oldu\u011fu ya da yaraland\u0131\u011f\u0131n\u0131, ayn\u0131 zamanda onlarda bu sava\u015flarla alakal\u0131 b\u00fcy\u00fck hat\u0131ralar\u0131n oldu\u011funu ke\u015ffettik. Onlardan bir k\u0131sm\u0131n\u0131, 29 Ekim\u2019de ba\u015flayan K\u0131z\u0131lay Haftam\u0131z dolay\u0131s\u0131yla \u00c7anakkale \u015eehitli\u011fine ziyarete getirdik. Onlar duyduklar\u0131 hikayeleri yerinde g\u00f6rs\u00fcnler ve kendi torunlar\u0131na da anlats\u0131nlar istedik. Buradaki ziyaret ile hem onlar\u0131n toplumumuzla olan uyumunu artt\u0131rmak hem de b\u00fcy\u00fck ailenin yani Osmanl\u0131 ailesinin ba\u011flar\u0131n\u0131 g\u00fc\u00e7lendirmek istedik\u201d ifadelerini kulland\u0131.<\/p>\n<p>Ziyarete kat\u0131lan Suriyeli ve Irakl\u0131 ziyaret\u00e7iler de dedelerinin \u015fehitliklerine ger\u00e7ekle\u015ftirdikleri ziyaretten dolay\u0131 duyduklar\u0131 mutlulu\u011fu dile getirerek, organizasyonda eme\u011fi ge\u00e7en isimlere te\u015fekk\u00fcr ettiler.<\/p>\n","protected":false},"excerpt":{"rendered":"<p>Z\u0130YARETTE DUYGUSAL ANLAR YA\u015eAYAN Z\u0130YARET\u00c7\u0130LER, \u015eEH\u0130TL\u0130KLER BA\u015eINDA BOL BOL DUA EDEREK, KARANF\u0130L BIRAKTI.<\/p>\n","protected":false},"author":1,"featured_media":223084,"comment_status":"closed","ping_status":"open","sticky":false,"template":"","format":"standard","meta":{"jetpack_post_was_ever_published":false,"_jetpack_newsletter_access":"","_jetpack_dont_email_post_to_subs":false,"_jetpack_newsletter_tier_id":0,"_jetpack_memberships_contains_paywalled_content":false,"_jetpack_memberships_contains_paid_content":false,"footnotes":"","jetpack_publicize_message":"","jetpack_publicize_feature_enabled":true,"jetpack_social_post_already_shared":true,"jetpack_social_options":{"image_generator_settings":{"template":"highway","default_image_id":0,"font":"","enabled":false},"version":2}},"categories":[1],"tags":[46624,33141,1264,207,6065,25787,1036,150],"class_list":["post-223083","post","type-post","status-publish","format-standard","has-post-thumbnail","hentry","category-genel","tag-araplar","tag-atalarini","tag-canakkale","tag-etti","tag-irakli","tag-sehitliginde","tag-suriyeli","tag-ziyaret"],"jetpack_publicize_connections":[],"jetpack_featured_media_url":"https:\/\/i0.wp.com\/www.tvturk.com\/wp-content\/uploads\/2019\/11\/suriyeli-ve-irakli-araplar-canakkale-sehitliginde-atalarini-ziyaret-etti_8ed3b43.jpg?fit=1000%2C562","jetpack_sharing_enabled":true,"jetpack_shortlink":"https:\/\/wp.me\/paKIfm-W27","_links":{"self":[{"href":"http:\/\/www.tvturk.com\/index.php\/wp-json\/wp\/v2\/posts\/223083","targetHints":{"allow":["GET"]}}],"collection":[{"href":"http:\/\/www.tvturk.com\/index.php\/wp-json\/wp\/v2\/posts"}],"about":[{"href":"http:\/\/www.tvturk.com\/index.php\/wp-json\/wp\/v2\/types\/post"}],"author":[{"embeddable":true,"href":"http:\/\/www.tvturk.com\/index.php\/wp-json\/wp\/v2\/users\/1"}],"replies":[{"embeddable":true,"href":"http:\/\/www.tvturk.com\/index.php\/wp-json\/wp\/v2\/comments?post=223083"}],"version-history":[{"count":0,"href":"http:\/\/www.tvturk.com\/index.php\/wp-json\/wp\/v2\/posts\/223083\/revisions"}],"wp:featuredmedia":[{"embeddable":true,"href":"http:\/\/www.tvturk.com\/index.php\/wp-json\/wp\/v2\/media\/223084"}],"wp:attachment":[{"href":"http:\/\/www.tvturk.com\/index.php\/wp-json\/wp\/v2\/media?parent=223083"}],"wp:term":[{"taxonomy":"category","embeddable":true,"href":"http:\/\/www.tvturk.com\/index.php\/wp-json\/wp\/v2\/categories?post=223083"},{"taxonomy":"post_tag","embeddable":true,"href":"http:\/\/www.tvturk.com\/index.php\/wp-json\/wp\/v2\/tags?post=223083"}],"curies":[{"name":"wp","href":"https:\/\/api.w.org\/{rel}","templated":true}]}}