{"id":223135,"date":"2019-11-02T18:32:51","date_gmt":"2019-11-02T15:32:51","guid":{"rendered":"http:\/\/www.tvturk.com\/index.php\/elazigsporda-levent-eris-imzayi-atti\/"},"modified":"2019-11-02T18:32:51","modified_gmt":"2019-11-02T15:32:51","slug":"elazigsporda-levent-eris-imzayi-atti","status":"publish","type":"post","link":"http:\/\/www.tvturk.com\/index.php\/elazigsporda-levent-eris-imzayi-atti\/","title":{"rendered":"Elaz\u0131\u011fspor\u2019da Levent Eri\u015f imzay\u0131 att\u0131"},"content":{"rendered":"<p>Elaz\u0131\u011fspor, daha \u00f6nce anla\u015fma sa\u011flad\u0131\u011f\u0131 Teknik Direkt\u00f6r Levent Eri\u015f\u2019le resmi s\u00f6zle\u015fmeyi imzalad\u0131.<\/p>\n<p>TFF 2. Lig K\u0131rm\u0131z\u0131 Grup\u2019ta Teknik Direkt\u00f6r Sefer Y\u0131lmaz\u2019la yollar\u0131n\u0131 ay\u0131ran ve tecr\u00fcbeli \u00e7al\u0131\u015ft\u0131r\u0131c\u0131 Levent Eri\u015f\u2019le anla\u015fma sa\u011flayan B. Elaz\u0131\u011fspor\u2019da imza t\u00f6reniyle birlikte Eri\u015f d\u00f6nemi resmen ba\u015flad\u0131. Elaz\u0131\u011fspor Kul\u00fcp Tesisleri\u2019nde d\u00fczenlenen imza t\u00f6renine Kul\u00fcp Ba\u015fkan\u0131 Sel\u00e7uk \u00d6zt\u00fcrk ile y\u00f6netim kurulu \u00fcyeleri, Teknik Direkt\u00f6r Levent Eri\u015f kat\u0131ld\u0131.<\/p>\n<p>Kul\u00fcp Ba\u015fkan\u0131 Sel\u00e7uk \u00d6zt\u00fcrk, \u201cSon haftalarda ya\u015fad\u0131\u011f\u0131m\u0131z s\u0131k\u0131nt\u0131l\u0131 ma\u00e7lar sonucunda bir teknik direkt\u00f6r de\u011fi\u015fikli\u011fi zorunlu hale gelmi\u015fti. Bu a\u015famada da alternatif aray\u0131\u015flara ba\u015flad\u0131k. Bu kritik s\u00fcre\u00e7te Elaz\u0131\u011fspor\u2019un i\u00e7inde bulundu\u011fu durumu d\u00fczeltebilme ad\u0131na getirebilece\u011fimiz en de\u011ferli hocalar\u0131m\u0131zdan birini Elaz\u0131\u011fsporumuz\u2019a kazand\u0131rd\u0131\u011f\u0131m\u0131z\u0131 d\u00fc\u015f\u00fcn\u00fcyoruz. \u0130n\u015fallah ilk haftalarda ald\u0131\u011f\u0131m\u0131z ba\u015far\u0131lar\u0131n devam edece\u011finden \u015f\u00fcphemiz yok. Taraftarlar\u0131m\u0131zdan destek bekliyoruz. Tak\u0131m\u0131m\u0131za sahip \u00e7\u0131kal\u0131m\u201d dedi.<\/p>\n<p>Eri\u015f: &#8220;\u0130n\u015fallah Elaz\u0131\u011fspor\u2019u eski g\u00fcnlerine kavu\u015fturaca\u011f\u0131z&#8221;<\/p>\n<p>Elaz\u0131\u011fspor gibi b\u00fcy\u00fck bir camiada yer almaktan dolay\u0131 mutlu oldu\u011funu ifade eden Teknik Direkt\u00f6r Levent Eri\u015f ise, \u201cG\u00f6r\u00fc\u015fmeye \u00e7a\u011fr\u0131ld\u0131\u011f\u0131mda b\u00fcy\u00fck bir inan\u00e7la geldim. Elaz\u0131\u011fspor\u2019un konumunu gayet iyi bilenlerdenim. Bu tak\u0131m\u0131n hangi ligde, hangi s\u0131rada oldu\u011funun bir \u00f6nemi yok. Biz Elaz\u0131\u011f\u2019a gelirken \u00e7ok b\u00fcy\u00fck bir m\u00fccadelenin i\u00e7inde olaca\u011f\u0131m\u0131z\u0131 biliyorduk. Bu m\u00fccadele de kolay olmayacak. Elaz\u0131\u011fsporumuz\u2019a ba\u015far\u0131l\u0131 olmak i\u00e7in bug\u00fcne kadar ya\u015fad\u0131\u011f\u0131m\u0131z t\u00fcm tecr\u00fcbelerimizi, bilgilerimizi futbolcu karde\u015flerimizle payla\u015faca\u011f\u0131z. Sezona \u00e7ok iyi ba\u015flam\u0131\u015f ancak sonras\u0131nda bir tak\u0131m s\u0131k\u0131nt\u0131lar ya\u015fam\u0131\u015f bir tak\u0131mdan bahsediyoruz. Bunlar\u0131n hi\u00e7biri tak\u0131m\u0131n iyi oldu\u011fu ger\u00e7e\u011fini de\u011fi\u015ftirmiyor. Son derece ba\u015far\u0131l\u0131 bir \u00e7izgi yakalamaya \u00e7al\u0131\u015faca\u011f\u0131z. Futbolcular\u0131n \u00fc\u00e7 g\u00fcnd\u00fcr \u00f6nemli bir de\u011fi\u015fim g\u00f6sterdiklerini g\u00f6r\u00fcyorum. Hepimiz birbirimize sahip \u00e7\u0131kaca\u011f\u0131z. Elaz\u0131\u011fspor \u00e7ok s\u0131k\u0131nt\u0131lar ya\u015fad\u0131 ama aya\u011f\u0131 kalkmas\u0131n\u0131 da bildi. \u0130n\u015fallah Elaz\u0131\u011fspor\u2019u eski g\u00fcnlerine kavu\u015fturaca\u011f\u0131z\u201d \u015feklinde konu\u015ftu.<\/p>\n<p>Konu\u015fmalar\u0131n ard\u0131ndan Teknik Direkt\u00f6r Levent Eri\u015f ile sezon sonuna kadar s\u00f6zle\u015fme imzaland\u0131.<\/p>\n","protected":false},"excerpt":{"rendered":"<p>ELAZI\u011eSPOR, DAHA \u00d6NCE ANLA\u015eMA SA\u011eLADI\u011eI TEKN\u0130K D\u0130REKT\u00d6R LEVENT ER\u0130\u015e&#8217;LE RESM\u0130 S\u00d6ZLE\u015eMEY\u0130 \u0130MZALADI.<\/p>\n","protected":false},"author":1,"featured_media":223136,"comment_status":"closed","ping_status":"open","sticky":false,"template":"","format":"standard","meta":{"jetpack_post_was_ever_published":false,"_jetpack_newsletter_access":"","_jetpack_dont_email_post_to_subs":false,"_jetpack_newsletter_tier_id":0,"_jetpack_memberships_contains_paywalled_content":false,"_jetpack_memberships_contains_paid_content":false,"footnotes":"","jetpack_publicize_message":"","jetpack_publicize_feature_enabled":true,"jetpack_social_post_already_shared":true,"jetpack_social_options":{"image_generator_settings":{"template":"highway","default_image_id":0,"font":"","enabled":false},"version":2}},"categories":[657],"tags":[2875,2658,12014,22353,1102],"class_list":["post-223135","post","type-post","status-publish","format-standard","has-post-thumbnail","hentry","category-spor","tag-atti","tag-elazigsporda","tag-eris","tag-imzayi","tag-levent"],"jetpack_publicize_connections":[],"jetpack_featured_media_url":"https:\/\/i0.wp.com\/www.tvturk.com\/wp-content\/uploads\/2019\/11\/elazigsporda-levent-eris-imzayi-atti_89f0cb9.jpg?fit=1000%2C666","jetpack_sharing_enabled":true,"jetpack_shortlink":"https:\/\/wp.me\/paKIfm-W2X","_links":{"self":[{"href":"http:\/\/www.tvturk.com\/index.php\/wp-json\/wp\/v2\/posts\/223135","targetHints":{"allow":["GET"]}}],"collection":[{"href":"http:\/\/www.tvturk.com\/index.php\/wp-json\/wp\/v2\/posts"}],"about":[{"href":"http:\/\/www.tvturk.com\/index.php\/wp-json\/wp\/v2\/types\/post"}],"author":[{"embeddable":true,"href":"http:\/\/www.tvturk.com\/index.php\/wp-json\/wp\/v2\/users\/1"}],"replies":[{"embeddable":true,"href":"http:\/\/www.tvturk.com\/index.php\/wp-json\/wp\/v2\/comments?post=223135"}],"version-history":[{"count":0,"href":"http:\/\/www.tvturk.com\/index.php\/wp-json\/wp\/v2\/posts\/223135\/revisions"}],"wp:featuredmedia":[{"embeddable":true,"href":"http:\/\/www.tvturk.com\/index.php\/wp-json\/wp\/v2\/media\/223136"}],"wp:attachment":[{"href":"http:\/\/www.tvturk.com\/index.php\/wp-json\/wp\/v2\/media?parent=223135"}],"wp:term":[{"taxonomy":"category","embeddable":true,"href":"http:\/\/www.tvturk.com\/index.php\/wp-json\/wp\/v2\/categories?post=223135"},{"taxonomy":"post_tag","embeddable":true,"href":"http:\/\/www.tvturk.com\/index.php\/wp-json\/wp\/v2\/tags?post=223135"}],"curies":[{"name":"wp","href":"https:\/\/api.w.org\/{rel}","templated":true}]}}