{"id":223141,"date":"2019-11-02T18:47:50","date_gmt":"2019-11-02T15:47:50","guid":{"rendered":"http:\/\/www.tvturk.com\/index.php\/hamza-hamzaoglu-bundan-sonraki-maclarin-daha-zor-gececegini-biliyoruz\/"},"modified":"2019-11-02T18:47:50","modified_gmt":"2019-11-02T15:47:50","slug":"hamza-hamzaoglu-bundan-sonraki-maclarin-daha-zor-gececegini-biliyoruz","status":"publish","type":"post","link":"http:\/\/www.tvturk.com\/index.php\/hamza-hamzaoglu-bundan-sonraki-maclarin-daha-zor-gececegini-biliyoruz\/","title":{"rendered":"Hamza Hamzao\u011flu: &#8220;Bundan sonraki ma\u00e7lar\u0131n daha zor ge\u00e7ece\u011fini biliyoruz\u201d"},"content":{"rendered":"<p>Gen\u00e7lerbirli\u011fi Teknik Direkt\u00f6r\u00fc Hamza Hamzao\u011flu, bundan sonraki ma\u00e7lar\u0131n daha zor ge\u00e7ece\u011fini bildiklerini s\u00f6yleyerek, ma\u00e7lar\u0131 kazanmak zorunda olduklar\u0131n\u0131 belirtti.<\/p>\n<p>S\u00fcper Lig\u2019in 10. haftas\u0131nda deplasmanda Konyaspor ile 1-1 berabere kalan Gen\u00e7lerbirli\u011fi\u2019nde Teknik Direkt\u00f6r Hamza Hamzao\u011flu, ma\u00e7\u0131n ard\u0131ndan d\u00fczenlenen bas\u0131n toplant\u0131s\u0131nda a\u00e7\u0131klamalarda bulundu. Zor bir deplasmana kazanmak zorunda olduklar\u0131 biz pozisyonda geldiklerini ve ma\u00e7a buna g\u00f6re ba\u015flad\u0131klar\u0131n\u0131 belirten Hamzao\u011flu, \u201cYani ilk 20-25 dakika i\u00e7in asl\u0131nda istediklerimizi sahada uygulad\u0131\u011f\u0131m\u0131z\u0131 s\u00f6yleyebilirim ama ilk yar\u0131n\u0131n sonlar\u0131na do\u011fru yani 20 dakikas\u0131ndan sonra biraz daha rakibin \u00fcst\u00fcnl\u00fc\u011f\u00fc hakim oldu sahada. Ama ikinci yar\u0131 da tekrar toparland\u0131k. \u00d6nde Sio ve Stancu ile ba\u015flay\u0131p iki forvetle daha \u00f6nde oynamaya ba\u015flad\u0131k. Bunda ba\u015far\u0131l\u0131 olduk. Girdi\u011fimiz pozisyonlar oldu. Atamad\u0131k, erken atsayd\u0131k belki de daha farkl\u0131 oyun ve sonu\u00e7 \u00e7\u0131kabilirdi. Oyuncular\u0131m\u0131n arzu ve iste\u011fi olduk\u00e7a iyiydi. \u00d6zellikle sonradan oyuna giren arkada\u015flar\u0131n tak\u0131ma katk\u0131s\u0131 bizim i\u00e7in \u00f6nemli. Hele \u015fu pozisyonda. Herkesin konsantre olmas\u0131, herkesin istekli olmas\u0131 \u00e7ok \u00f6nemli. Tak\u0131m b\u00fct\u00fcnl\u00fc\u011f\u00fcn\u00fcn olmas\u0131 bizi \u00e7ok sevindirdi. Tabii d\u00fcn sadece bir antrenman yapt\u0131k. Bug\u00fcn ma\u00e7a \u00e7\u0131kt\u0131k. \u00c7ok \u015feyi de\u011fi\u015ftirmemiz m\u00fcmk\u00fcn de\u011fildi. Bu sefer tak\u0131m\u0131n yapt\u0131\u011f\u0131 \u015feyleri de bozabilirdik. Dolay\u0131s\u0131yla sadece duran toplar\u0131n \u00fczerinde biraz de\u011fi\u015fiklik yapt\u0131k. Biraz daha yak\u0131n oynama konusunda birazc\u0131k konu\u015ftuk arkada\u015flarla, daha kompakt oynamam\u0131z gerekti\u011fini konu\u015ftuk. Bunda da nispeten ba\u015far\u0131l\u0131 oldu\u011fumuzu d\u00fc\u015f\u00fcn\u00fcyorum bug\u00fcn. \u0130kinci yar\u0131da evet daha \u00fcst\u00fcn oynad\u0131k, daha bask\u0131l\u0131 oynad\u0131k, pozisyon \u00fcrettik. Bunlar g\u00fczel. Tabii bunlar\u0131 gole \u00e7evirmemiz laz\u0131m. \u00c7\u00fcnk\u00fc bundan sonraki ma\u00e7lar\u0131n hem daha zor ge\u00e7ece\u011fini biliyoruz. Hem de kazanmak zorunda oldu\u011fumuzu biliyoruz. Ben oyuncular\u0131m\u0131 tebrik ediyorum. \u00d6zellikle son dakikada gol\u00fc at\u0131p, belki beraberli\u011fi kazand\u0131k ama son dakikaya kadar bu inanc\u0131 s\u00fcrd\u00fcrmeleri beni \u00e7ok mutlu etti. Ayr\u0131ca b\u00fct\u00fcn tak\u0131m\u0131n oyuncular\u0131n\u0131 da tebrik ediyorum. Konyaspor\u2019a ba\u015far\u0131lar diliyorum bundan sonras\u0131 i\u00e7in\u201d dedi.<\/p>\n<p>Tak\u0131m\u0131n verdi\u011fi reaksiyonun kendilerini sevindirdi\u011fini s\u00f6yleyen Hamzao\u011flu, \u201cD\u00fcn antrenmana \u00e7\u0131kt\u0131\u011f\u0131m\u0131zda biz o \u015feyi hissettik. Yani tak\u0131m ger\u00e7ekten birbirine kenetlenmi\u015f. \u0130yi arkada\u015fl\u0131\u011f\u0131 olan, iyi oyunculardan da kurulu bir tak\u0131ma sahibiz. O bizi sevindirdi. \u2019Devre aras\u0131 bir takviye\u2019 diyorsunuz. \u015eu an \u00e7ok erken bunu konu\u015fmak i\u00e7in. Beni yap\u0131m\u0131 da az \u00e7ok herkes biliyor zaten. Ben transferden ziyade kadromuzda olan oyuncular\u0131n performanslar\u0131n\u0131 artt\u0131rmak, hepsinden alabilece\u011fimiz maksimum verimi almak. Ve onlarla eksiklerimizi gidermekten yanay\u0131m. Tabii onlarla eksiklerimizi \u00e7\u00f6zemeyeceksek o zaman d\u00fc\u015f\u00fcnece\u011fiz ama \u015fu anda transferle ilgili hi\u00e7bir \u015fey d\u00fc\u015f\u00fcnm\u00fcyorum. Ocak ay\u0131na kadar d\u00fc\u015f\u00fcnmeyece\u011fim. Belki de sezon sonuna kadar d\u00fc\u015f\u00fcnmeyece\u011fim\u201d \u015feklinde konu\u015ftu.<\/p>\n","protected":false},"excerpt":{"rendered":"<p>BUNDAN SONRAK\u0130 MA\u00c7LARIN DAHA ZOR GE\u00c7ECE\u011e\u0130N\u0130 B\u0130LD\u0130KLER\u0130N\u0130 S\u00d6YLEYEN GEN\u00c7LERB\u0130RL\u0130\u011e\u0130 TEKN\u0130K D\u0130REKT\u00d6R\u00dc HAMZA HAMZAO\u011eLU, MA\u00c7LARI KAZANMAK ZORUNDA OLDUKLARINI BEL\u0130RTT\u0130.<\/p>\n","protected":false},"author":1,"featured_media":223142,"comment_status":"closed","ping_status":"open","sticky":false,"template":"","format":"standard","meta":{"jetpack_post_was_ever_published":false,"_jetpack_newsletter_access":"","_jetpack_dont_email_post_to_subs":false,"_jetpack_newsletter_tier_id":0,"_jetpack_memberships_contains_paywalled_content":false,"_jetpack_memberships_contains_paid_content":false,"footnotes":"","jetpack_publicize_message":"","jetpack_publicize_feature_enabled":true,"jetpack_social_post_already_shared":true,"jetpack_social_options":{"image_generator_settings":{"template":"highway","default_image_id":0,"font":"","enabled":false},"version":2}},"categories":[657],"tags":[10492,12831,1018,19869,16264,17882,18496,15022,9997],"class_list":["post-223141","post","type-post","status-publish","format-standard","has-post-thumbnail","hentry","category-spor","tag-biliyoruz","tag-bundan","tag-daha","tag-gececegini","tag-hamza","tag-hamzaoglu","tag-maclarin","tag-sonraki","tag-zor"],"jetpack_publicize_connections":[],"jetpack_featured_media_url":"https:\/\/i0.wp.com\/www.tvturk.com\/wp-content\/uploads\/2019\/11\/hamza-hamzaoglu-bundan-sonraki-maclarin-daha-zor-gececegini-biliyoruz_a87cfca.jpg?fit=1000%2C666","jetpack_sharing_enabled":true,"jetpack_shortlink":"https:\/\/wp.me\/paKIfm-W33","_links":{"self":[{"href":"http:\/\/www.tvturk.com\/index.php\/wp-json\/wp\/v2\/posts\/223141","targetHints":{"allow":["GET"]}}],"collection":[{"href":"http:\/\/www.tvturk.com\/index.php\/wp-json\/wp\/v2\/posts"}],"about":[{"href":"http:\/\/www.tvturk.com\/index.php\/wp-json\/wp\/v2\/types\/post"}],"author":[{"embeddable":true,"href":"http:\/\/www.tvturk.com\/index.php\/wp-json\/wp\/v2\/users\/1"}],"replies":[{"embeddable":true,"href":"http:\/\/www.tvturk.com\/index.php\/wp-json\/wp\/v2\/comments?post=223141"}],"version-history":[{"count":0,"href":"http:\/\/www.tvturk.com\/index.php\/wp-json\/wp\/v2\/posts\/223141\/revisions"}],"wp:featuredmedia":[{"embeddable":true,"href":"http:\/\/www.tvturk.com\/index.php\/wp-json\/wp\/v2\/media\/223142"}],"wp:attachment":[{"href":"http:\/\/www.tvturk.com\/index.php\/wp-json\/wp\/v2\/media?parent=223141"}],"wp:term":[{"taxonomy":"category","embeddable":true,"href":"http:\/\/www.tvturk.com\/index.php\/wp-json\/wp\/v2\/categories?post=223141"},{"taxonomy":"post_tag","embeddable":true,"href":"http:\/\/www.tvturk.com\/index.php\/wp-json\/wp\/v2\/tags?post=223141"}],"curies":[{"name":"wp","href":"https:\/\/api.w.org\/{rel}","templated":true}]}}