{"id":223194,"date":"2019-11-02T23:16:52","date_gmt":"2019-11-02T20:16:52","guid":{"rendered":"http:\/\/www.tvturk.com\/index.php\/egitim-bir-sen-ve-memur-sen-genel-baskani-ali-yalcin-2\/"},"modified":"2019-11-02T23:16:52","modified_gmt":"2019-11-02T20:16:52","slug":"egitim-bir-sen-ve-memur-sen-genel-baskani-ali-yalcin-2","status":"publish","type":"post","link":"http:\/\/www.tvturk.com\/index.php\/egitim-bir-sen-ve-memur-sen-genel-baskani-ali-yalcin-2\/","title":{"rendered":"E\u011fitim &#8211; Bir &#8211; Sen ve Memur &#8211; Sen Genel Ba\u015fkan\u0131 Ali Yal\u00e7\u0131n:"},"content":{"rendered":"<p>E\u011fitimciler Birli\u011fi Sendikas\u0131 (E\u011fitim-Bir-Sen) ve Memur Sendikalar\u0131 Konfederasyonu (Memur-Sen) Genel Ba\u015fkan\u0131 Ali Yal\u00e7\u0131n, Isparta\u2019da kat\u0131ld\u0131\u011f\u0131 13. B\u00f6lge E\u011fitim ve \u0130sti\u015fare toplant\u0131s\u0131nda yapt\u0131\u011f\u0131 konu\u015fmada, te\u015fkilatlar\u0131n\u0131n sa\u011flam temeller \u00fczerinde kurulu oldu\u011funu ifade ederek, \u201cHi\u00e7bir zaman milletle ters d\u00fc\u015fmedik, kavga etmedik. \u00c7\u00fcnk\u00fc, bizim derdimiz, kendimiz, i\u015fimiz millet, g\u00fcc\u00fcm\u00fcz yeten g\u00fc\u00e7l\u00fc bir medeniyet\u201d dedi.<\/p>\n<p>Ali Yal\u00e7\u0131n, \u201cHi\u00e7bir zaman milletin birikimini yok etmedik, kavga etmedik, kald\u0131r\u0131m ta\u015f\u0131 s\u00f6kmedik, esnaf\u0131n cam\u0131n\u0131 k\u0131rmad\u0131k, durup dururken hi\u00e7 kimsenin arac\u0131na zarar vermedik. \u015eiddete kaymad\u0131k, vandalizmin i\u00e7inde yer almad\u0131k, sendikac\u0131l\u0131\u011f\u0131 korsan gemilerin liman\u0131, k\u00f6hne zihniyetlerin sopas\u0131 haline d\u00f6n\u00fc\u015ft\u00fcrenlerin d\u00fc\u015ft\u00fc\u011f\u00fc a\u00e7maz\u0131n ve aymazl\u0131\u011f\u0131n i\u00e7erisine hi\u00e7bir zaman d\u00fc\u015fmedik. \u00c7\u00fcnk\u00fc, Memur-Sen olarak, kurulu\u015fumuzda bir entelekt\u00fcel dokunu\u015f var\u201d ifadelerini kulland\u0131.<\/p>\n<p>Yal\u00e7\u0131n: \u201c\u00c7eyrek asr\u0131 geride b\u0131rakt\u0131k, yar\u0131m asra y\u00fcr\u00fcyoruz\u201d<\/p>\n<p>E\u011fitim &#8211; Bir &#8211; Sen 13.B\u00f6lge Toplant\u0131s\u0131, Antalya &#8211; Afyonkarahisar &#8211; Burdur &#8211; Denizli &#8211; U\u015fak ve Isparta te\u015fkilatlar\u0131n\u0131n kat\u0131l\u0131m\u0131yla Isparta\u2019da ger\u00e7ekle\u015ftirildi.<\/p>\n<p>\u015eube ba\u015fkanlar\u0131, y\u00f6netim kurullar\u0131, denetleme ve disiplin kurulu \u00fcyeleri, il\u00e7e temsilcilik y\u00f6netimleri ve kad\u0131n komisyonlar\u0131n\u0131n kat\u0131ld\u0131\u011f\u0131 toplant\u0131n\u0131n kapan\u0131\u015f\u0131nda konu\u015fan E\u011fitim &#8211; Bir &#8211; Sen ve Memur &#8211; Sen Genel Ba\u015fkan\u0131 Ali Yal\u00e7\u0131n, \u201cSorunlar\u0131m\u0131za \u00e7\u00f6z\u00fcm \u00fcreteceksek, \u00fclkede g\u00fc\u00e7l\u00fc bir yap\u0131ya d\u00f6n\u00fc\u015feceksek \u2018sendika kuraca\u011f\u0131z, sendika kurmal\u0131y\u0131z\u2019 denildi\u011fi bir demde E\u011fitim &#8211; Bir &#8211; Sen \u015femsiyesini inanarak a\u00e7an, onun a\u00e7t\u0131\u011f\u0131 \u015femsiyenin alt\u0131nda inanarak toplanan kitlenin birlikten sendikaya, binlerden on binlere on binlerden y\u00fcz binlere, y\u00fcz binlerden genel yetkiye, yetkiden zirveye, zirveden yeni ufuklara, yeni ufuklardan, yeni umutlara yerelden evrensele olan yolculukta bu te\u015fkilat\u0131n emek, ekmek, \u00f6zl\u00fck ve \u00f6zg\u00fcrl\u00fck m\u00fccadelesinde te\u015fkilat\u0131m\u0131z\u0131n b\u00f6lge toplant\u0131s\u0131 i\u00e7in bir araya gelen samimiyet, uhuvvet, mesuliyet ve sorumluluk bilinciyle ben buraday\u0131m diyen te\u015fkilat\u0131n t\u00fcm liderlerine ho\u015fgeldiniz sefalar getirdiniz diyorum. 27 y\u0131l, \u00e7eyrek asr\u0131 geride b\u0131rakt\u0131k, yar\u0131m asra y\u00fcr\u00fcyoruz. \u2018\u015eu ilde bir tan\u0131d\u0131\u011f\u0131 olan var m\u0131? Orda \u00f6rg\u00fctlenebilir miyiz? Herkes tan\u0131d\u0131\u011f\u0131 isimleri bir havuza koysun bakal\u0131m. Kimi muhatap bulabiliriz? Kiminle ba\u015flang\u0131\u00e7 yapabiliriz?\u2019 denilen bir noktadan yokluktan, imkans\u0131zl\u0131ktan 15 b\u00f6lge toplant\u0131s\u0131yla 81 ilde \u015fube y\u00f6netimleri, kad\u0131n komisyonlar\u0131, \u00fcniversite y\u00f6netimleri, il\u00e7e y\u00f6netimleri, disiplin ve denetleme olmak \u00fczere sendika ad\u0131na yetki kullanan lider kadroyla 11 bine yakla\u015fan bir lider kadroyla toplant\u0131 yapt\u0131\u011f\u0131m\u0131z g\u00fcn\u00fc bize g\u00f6steren Allah\u2019a hamd ve \u015f\u00fck\u00fcr olsun\u201d dedi.<\/p>\n<p>&#8220;Memur &#8211; Sen Ailesi olarak, bulundu\u011fumuz andan geldi\u011fimiz zamana kadar hep bu mantalite \u00fczerinde y\u00fcr\u00fcd\u00fck ve hi\u00e7bir zaman milletle ters d\u00fc\u015fmedik\u201d diyen Yal\u00e7\u0131n ayr\u0131ca, \u201cHi\u00e7bir zaman milletin birikimini yok etmedik, kavga etmedik, kald\u0131r\u0131m ta\u015f\u0131 s\u00f6kmedik, esnaf\u0131n cam\u0131n\u0131 k\u0131rmad\u0131k, durup dururken hi\u00e7 kimsenin arac\u0131na zarar vermedik. \u015eiddete kaymad\u0131k, vandalizmin i\u00e7inde yer almad\u0131k, sendikac\u0131l\u0131\u011f\u0131 korsan gemilerin liman\u0131, k\u00f6hne zihniyetlerin sopas\u0131 haline d\u00f6n\u00fc\u015ft\u00fcrenlerin d\u00fc\u015ft\u00fc\u011f\u00fc a\u00e7maz\u0131n ve aymazl\u0131\u011f\u0131n i\u00e7erisine hi\u00e7bir zaman d\u00fc\u015fmedik. \u00c7\u00fcnk\u00fc, Memur &#8211; Sen olarak, kurulu\u015fumuzda bir entelekt\u00fcel dokunu\u015f var. Kurulu\u015fumuzda, Cahit Zarifo\u011flu\u2019nun \u2018Yedi g\u00fczel adam\u2019 diye etiketledi\u011fi ama 7\u2019den 70\u2019e herkesin benimsedi\u011fi, sayg\u0131 duydu\u011fu, entelekt\u00fcel kimli\u011fiyle herkesin h\u00fcrmet etti\u011fi bir Kud\u00fcs \u015eairi olarak, nam\u0131 d\u00fcnyan\u0131n her taraf\u0131ndan hissedilen bir \u015fairin, bir edebin, iyi bir hatibin, iyi bir \u00f6\u011fretmenin, iyi bir muallimin ba\u015flang\u0131c\u0131n\u0131 yapt\u0131\u011f\u0131, hamurunu kard\u0131\u011f\u0131, hamuruna su katt\u0131\u011f\u0131 g\u00fc\u00e7l\u00fc bir te\u015fkilat\u0131n bug\u00fcn v\u00fccut bulmu\u015f haliyiz. Te\u015fkilat\u0131n kurulu\u015funu ger\u00e7ekle\u015ftiren ve ahirete irtihal eden Akif \u0130nan ba\u015fta olmak \u00fczere, onunla o sadaya ortakl\u0131k eden ve beraber ter ak\u0131tan t\u00fcm liderlerimize, Rabbim\u2019den rahmet diliyorum. Te\u015fkilat\u0131m\u0131z\u0131n kurulu\u015fundan bug\u00fcne kadar, bu te\u015fkilata a\u011fabeylik, liderlik, \u00f6nc\u00fcl\u00fck etmi\u015f ve bug\u00fcn ba\u015far\u0131m\u0131z i\u00e7in dua eden t\u00fcm te\u015fkilat liderlerimize h\u00fcrmetlerimi ifade ediyorum\u201d \u015feklinde konu\u015ftu.<\/p>\n","protected":false},"excerpt":{"rendered":"<p>E\u011e\u0130T\u0130MC\u0130LER B\u0130RL\u0130\u011e\u0130 SEND\u0130KASI (E\u011e\u0130T\u0130M-B\u0130R-SEN) VE MEMUR SEND\u0130KALARI KONFEDERASYONU (MEMUR-SEN) GENEL BA\u015eKANI AL\u0130 YAL\u00c7IN, ISPARTA\u2019DA KATILDI\u011eI 13. B\u00d6LGE E\u011e\u0130T\u0130M VE \u0130ST\u0130\u015eARE TOPLANTISINDA YAPTI\u011eI KONU\u015eMADA, TE\u015eK\u0130LATLARININ SA\u011eLAM TEMELLER \u00dcZER\u0130NDE KURULU OLDU\u011eUNU \u0130FADE EDEREK, \u201cH\u0130\u00c7B\u0130R ZAMAN M\u0130LLETLE TERS D\u00dc\u015eMED\u0130K, KAVGA ETMED\u0130K. \u00c7\u00dcNK\u00dc, B\u0130Z\u0130M DERD\u0130M\u0130Z, KEND\u0130M\u0130Z, \u0130\u015e\u0130M\u0130Z M\u0130LLET, G\u00dcC\u00dcM\u00dcZ YETEN G\u00dc\u00c7L\u00dc B\u0130R MEDEN\u0130YET\u201d DED\u0130.<\/p>\n","protected":false},"author":1,"featured_media":223195,"comment_status":"closed","ping_status":"open","sticky":false,"template":"","format":"standard","meta":{"jetpack_post_was_ever_published":false,"_jetpack_newsletter_access":"","_jetpack_dont_email_post_to_subs":false,"_jetpack_newsletter_tier_id":0,"_jetpack_memberships_contains_paywalled_content":false,"_jetpack_memberships_contains_paid_content":false,"footnotes":"","jetpack_publicize_message":"","jetpack_publicize_feature_enabled":true,"jetpack_social_post_already_shared":true,"jetpack_social_options":{"image_generator_settings":{"template":"highway","default_image_id":0,"font":"","enabled":false},"version":2}},"categories":[1],"tags":[7388,625,216,125,398,869,18110,4888],"class_list":["post-223194","post","type-post","status-publish","format-standard","has-post-thumbnail","hentry","category-genel","tag-sen","tag-ali","tag-baskani","tag-bir","tag-egitim","tag-genel","tag-memur","tag-yalcin"],"jetpack_publicize_connections":[],"jetpack_featured_media_url":"https:\/\/i0.wp.com\/www.tvturk.com\/wp-content\/uploads\/2019\/11\/egitim-bir-sen-ve-memur-sen-genel-baskani-ali-yalcin_57b1e12.jpg?fit=1000%2C666","jetpack_sharing_enabled":true,"jetpack_shortlink":"https:\/\/wp.me\/paKIfm-W3U","_links":{"self":[{"href":"http:\/\/www.tvturk.com\/index.php\/wp-json\/wp\/v2\/posts\/223194","targetHints":{"allow":["GET"]}}],"collection":[{"href":"http:\/\/www.tvturk.com\/index.php\/wp-json\/wp\/v2\/posts"}],"about":[{"href":"http:\/\/www.tvturk.com\/index.php\/wp-json\/wp\/v2\/types\/post"}],"author":[{"embeddable":true,"href":"http:\/\/www.tvturk.com\/index.php\/wp-json\/wp\/v2\/users\/1"}],"replies":[{"embeddable":true,"href":"http:\/\/www.tvturk.com\/index.php\/wp-json\/wp\/v2\/comments?post=223194"}],"version-history":[{"count":0,"href":"http:\/\/www.tvturk.com\/index.php\/wp-json\/wp\/v2\/posts\/223194\/revisions"}],"wp:featuredmedia":[{"embeddable":true,"href":"http:\/\/www.tvturk.com\/index.php\/wp-json\/wp\/v2\/media\/223195"}],"wp:attachment":[{"href":"http:\/\/www.tvturk.com\/index.php\/wp-json\/wp\/v2\/media?parent=223194"}],"wp:term":[{"taxonomy":"category","embeddable":true,"href":"http:\/\/www.tvturk.com\/index.php\/wp-json\/wp\/v2\/categories?post=223194"},{"taxonomy":"post_tag","embeddable":true,"href":"http:\/\/www.tvturk.com\/index.php\/wp-json\/wp\/v2\/tags?post=223194"}],"curies":[{"name":"wp","href":"https:\/\/api.w.org\/{rel}","templated":true}]}}