{"id":223270,"date":"2019-11-03T11:31:35","date_gmt":"2019-11-03T08:31:35","guid":{"rendered":"http:\/\/www.tvturk.com\/index.php\/bakan-cavusoglu-katar-disisleri-bakani-al-sani-ile-gorustu\/"},"modified":"2019-11-03T11:31:35","modified_gmt":"2019-11-03T08:31:35","slug":"bakan-cavusoglu-katar-disisleri-bakani-al-sani-ile-gorustu","status":"publish","type":"post","link":"http:\/\/www.tvturk.com\/index.php\/bakan-cavusoglu-katar-disisleri-bakani-al-sani-ile-gorustu\/","title":{"rendered":"Bakan \u00c7avu\u015fo\u011flu, Katar D\u0131\u015fi\u015fleri Bakan\u0131 Al Sani ile g\u00f6r\u00fc\u015ft\u00fc"},"content":{"rendered":"<p>D\u0131\u015fi\u015fleri Bakan\u0131 Mevl\u00fct \u00c7avu\u015fo\u011flu, Katar Ba\u015fbakan Yard\u0131mc\u0131s\u0131 ve D\u0131\u015fi\u015fleri Bakan\u0131 \u015eeyh Muhammed bin Abdurrahman Al Sani ile bir araya geldi.<\/p>\n<p>D\u0131\u015fi\u015fleri Bakan\u0131 Mevl\u00fct \u00c7avu\u015fo\u011flu, resmi temaslarda bulunmak \u00fczere Katar\u2019\u0131n ba\u015fkenti Doha\u2019ya geldi. Bakan \u00c7avu\u015fo\u011flu temaslar\u0131 kapsam\u0131nda Katar Ba\u015fbakan Yard\u0131mc\u0131s\u0131 ve D\u0131\u015fi\u015fleri Bakan\u0131 \u015eeyh Muhammed bin Abdurrahman Al Sani ile ikili ve heyetler aras\u0131 g\u00f6r\u00fc\u015fme ger\u00e7ekle\u015ftirdi.<\/p>\n<p>Bakan \u00c7avu\u015fo\u011flu\u2019nun ziyareti kapsam\u0131nda ger\u00e7ekle\u015ftirilecek g\u00f6r\u00fc\u015fmelerde ikili ili\u015fkilerin yan\u0131 s\u0131ra, b\u00f6lgedeki son geli\u015fmeler de\u011ferlendirilecek ve T\u00fcrkiye-Katar Y\u00fcksek Stratejik Komite Be\u015finci Toplant\u0131s\u0131\u2019n\u0131n haz\u0131rl\u0131klar\u0131 ele al\u0131nacak.<\/p>\n<p>\u00c7avu\u015fo\u011flu bug\u00fcn ayr\u0131ca Doha\u2019da d\u00fczenlenecek \u0130slam \u0130\u015fbirli\u011fi Te\u015fkilat\u0131 Somali Temas Grubu toplant\u0131s\u0131na kat\u0131lacak.<\/p>\n","protected":false},"excerpt":{"rendered":"<p>DI\u015e\u0130\u015eLER\u0130 BAKANI MEVL\u00dcT \u00c7AVU\u015eO\u011eLU, KATAR BA\u015eBAKAN YARDIMCISI VE DI\u015e\u0130\u015eLER\u0130 BAKANI \u015eEYH MUHAMMED B\u0130N ABDURRAHMAN AL SAN\u0130 \u0130LE B\u0130R ARAYA GELD\u0130.<\/p>\n","protected":false},"author":1,"featured_media":223271,"comment_status":"closed","ping_status":"open","sticky":false,"template":"","format":"standard","meta":{"jetpack_post_was_ever_published":false,"_jetpack_newsletter_access":"","_jetpack_dont_email_post_to_subs":false,"_jetpack_newsletter_tier_id":0,"_jetpack_memberships_contains_paywalled_content":false,"_jetpack_memberships_contains_paid_content":false,"footnotes":"","jetpack_publicize_message":"","jetpack_publicize_feature_enabled":true,"jetpack_social_post_already_shared":true,"jetpack_social_options":{"image_generator_settings":{"template":"highway","default_image_id":0,"font":"","enabled":false},"version":2}},"categories":[10],"tags":[742,933,1499,1498,316,192,14937,21280],"class_list":["post-223270","post","type-post","status-publish","format-standard","has-post-thumbnail","hentry","category-dunya","tag-bakan","tag-bakani","tag-cavusoglu","tag-disisleri","tag-gorustu","tag-ile","tag-katar","tag-sani"],"jetpack_publicize_connections":[],"jetpack_featured_media_url":"https:\/\/i0.wp.com\/www.tvturk.com\/wp-content\/uploads\/2019\/11\/bakan-cavusoglu-katar-disisleri-bakani-al-sani-ile-gorustu_1242827.jpg?fit=1000%2C633","jetpack_sharing_enabled":true,"jetpack_shortlink":"https:\/\/wp.me\/paKIfm-W58","_links":{"self":[{"href":"http:\/\/www.tvturk.com\/index.php\/wp-json\/wp\/v2\/posts\/223270","targetHints":{"allow":["GET"]}}],"collection":[{"href":"http:\/\/www.tvturk.com\/index.php\/wp-json\/wp\/v2\/posts"}],"about":[{"href":"http:\/\/www.tvturk.com\/index.php\/wp-json\/wp\/v2\/types\/post"}],"author":[{"embeddable":true,"href":"http:\/\/www.tvturk.com\/index.php\/wp-json\/wp\/v2\/users\/1"}],"replies":[{"embeddable":true,"href":"http:\/\/www.tvturk.com\/index.php\/wp-json\/wp\/v2\/comments?post=223270"}],"version-history":[{"count":0,"href":"http:\/\/www.tvturk.com\/index.php\/wp-json\/wp\/v2\/posts\/223270\/revisions"}],"wp:featuredmedia":[{"embeddable":true,"href":"http:\/\/www.tvturk.com\/index.php\/wp-json\/wp\/v2\/media\/223271"}],"wp:attachment":[{"href":"http:\/\/www.tvturk.com\/index.php\/wp-json\/wp\/v2\/media?parent=223270"}],"wp:term":[{"taxonomy":"category","embeddable":true,"href":"http:\/\/www.tvturk.com\/index.php\/wp-json\/wp\/v2\/categories?post=223270"},{"taxonomy":"post_tag","embeddable":true,"href":"http:\/\/www.tvturk.com\/index.php\/wp-json\/wp\/v2\/tags?post=223270"}],"curies":[{"name":"wp","href":"https:\/\/api.w.org\/{rel}","templated":true}]}}