{"id":223288,"date":"2019-11-03T11:46:46","date_gmt":"2019-11-03T08:46:46","guid":{"rendered":"http:\/\/www.tvturk.com\/index.php\/ozel-vicdansizligin-boylesi\/"},"modified":"2019-11-03T11:46:46","modified_gmt":"2019-11-03T08:46:46","slug":"ozel-vicdansizligin-boylesi","status":"publish","type":"post","link":"http:\/\/www.tvturk.com\/index.php\/ozel-vicdansizligin-boylesi\/","title":{"rendered":"(\u00d6zel) Vicdans\u0131zl\u0131\u011f\u0131n b\u00f6ylesi"},"content":{"rendered":"<p>Manisa\u2019da ge\u00e7irdi\u011fi farkl\u0131 rahats\u0131zl\u0131klar sonucu y\u00fcr\u00fcme yetisini kaybederek yata\u011fa mahkum kalan 3 \u00e7ocuk annesi bir kad\u0131n\u0131n, kendisine hayata ba\u011flayan tekerlekli sandalyesi \u00e7al\u0131nd\u0131. Tekerlekli sandalyesinin \u00e7al\u0131nmas\u0131ndan sonra evde hapis hayat\u0131 ya\u015famaya ba\u015flayan bedensel engelli Nesihe \u00c7elebi kendisine uzanacak yard\u0131m elini bekliyor.<\/p>\n<p>Manisa\u2019n\u0131n \u015eehzadeler il\u00e7esi Kaz\u0131m Karabekir Mahallesi\u2019nde ya\u015fam\u0131n\u0131 s\u00fcrd\u00fcren 40 ya\u015f\u0131ndaki \u00fc\u00e7 \u00e7ocuk annesi Nesihe \u00c7elebi\u2019nin dram\u0131 y\u00fcrekleri burktu. Hen\u00fcz \u00e7ocuk ya\u015fta k\u0131zam\u0131k hastal\u0131\u011f\u0131na yakalanan \u00c7elebi, k\u0131zam\u0131k a\u015f\u0131s\u0131 sonras\u0131 sol baca\u011f\u0131 fel\u00e7 kald\u0131. Sa\u011fl\u0131\u011f\u0131na kavu\u015fmak i\u00e7in ailesi taraf\u0131ndan tedaviye g\u00f6t\u00fcr\u00fclen \u00c7elebi\u2019nin y\u00fcr\u00fcme umudu ablas\u0131n\u0131n omzundan d\u00fc\u015ferek belinin de k\u0131r\u0131lmas\u0131yla son buldu. Tek ayak ile ya\u015fam\u0131n\u0131 s\u00fcrd\u00fcren \u00c7elebi\u2019nin, talihsizlik bir t\u00fcrl\u00fc yakas\u0131n\u0131 b\u0131rakmad\u0131. \u00c7elebi, 16 y\u0131l \u00f6nce de sezaryenle yapt\u0131\u011f\u0131 do\u011fum sonras\u0131 sa\u011f baca\u011f\u0131n\u0131n da y\u00fcr\u00fcme yetisini kaybetti. 16 y\u0131ld\u0131r yata\u011fa mahkum olan \u00c7elebi\u2019ye bir darbe de h\u0131rs\u0131zlardan geldi. Evinin bah\u00e7esinde ba\u011fl\u0131 bulunan tekerlekli sandalyesi \u00e7al\u0131nan \u00c7elebi, evde hapis hayat\u0131 ya\u015famaya ba\u015flad\u0131. \u00dcvey k\u0131z\u0131 ve kom\u015fular\u0131n\u0131n yard\u0131m\u0131yla hayata tutunan \u00c7elebi, hay\u0131rseverlerden ak\u00fcl\u00fc ara\u00e7 istedi.<\/p>\n<p>Ge\u00e7irdi\u011fi t\u00fcm talihsizliklere ra\u011fmen hayat\u0131 sevdi\u011fini belirten \u00c7elebi, \u015f\u00f6yle devam etti: \u201cK\u00fc\u00e7\u00fckken k\u0131zam\u0131k ge\u00e7irdim. \u0130\u011fne yapt\u0131lar. \u0130\u011fneden sonra fel\u00e7 ge\u00e7irdim. Sonra ablam beni i\u011fneye g\u00f6t\u00fcr\u00fcrken ablam\u0131n s\u0131rt\u0131ndan d\u00fc\u015ft\u00fcm. Belim de k\u0131r\u0131l\u0131nca bir daha iyile\u015fme imkan\u0131m olmad\u0131. \u015eu an g\u00fcnl\u00fck ihtiya\u00e7lar\u0131m\u0131 emekleyerek kar\u015f\u0131l\u0131yorum. K\u0131z\u0131m benim i\u00e7in okula gidemiyor. Okula giderse ben a\u00e7 kal\u0131r\u0131m. 12 ya\u015f\u0131ndaki k\u0131z\u0131m t\u00fcm ihtiya\u00e7lar\u0131m\u0131 g\u00f6r\u00fcyor. O y\u00fczden k\u0131z\u0131m\u0131 yan\u0131mdan ay\u0131ram\u0131yorum. Tekerlekli sandalyem bah\u00e7edeydi, sabah uyand\u0131\u011f\u0131mda yoktu. Ak\u00fcl\u00fc bir ara\u00e7 istiyorum, giyecek ve g\u0131da yard\u0131m\u0131 istiyorum. Bazen 3-4 ay kiram\u0131 veremiyorum. Ev sahipleri \u00e7\u0131kar\u0131yor. Aylarca ev ar\u0131yorum. \u00c7\u0131kt\u0131\u011f\u0131m evde birikmi\u015f 3-4 adet ev kiram var. Ev sahipleri her g\u00fcn geliyor. \u00d6deyecek maddi durumum yok. Hayat\u0131 sevmeseydim \u015fuan hayatta olmazd\u0131m. Ben her \u015feye ra\u011fmen yine hayat\u0131 seviyorum. Ben de \u00e7\u0131k\u0131p gezmek ve topluma kar\u0131\u015fmak istiyorum. Kimse beni hor g\u00f6rmesin.\u201d<\/p>\n","protected":false},"excerpt":{"rendered":"<p>MAN\u0130SA\u2019DA HEN\u00dcZ \u00c7OCUK YA\u015eLARDA GE\u00c7\u0130RD\u0130\u011e\u0130 KIZAMIK HASTALI\u011eINDAN SONRA SOL BACA\u011eI FEL\u00c7 KALAN, BUNDAN 16 YIL \u00d6NCEDE SEZARYENLE YAPTI\u011eI DO\u011eUM SONRASI SA\u011e BACA\u011eI DA FEL\u00c7 OLARAK YATA\u011eA MAHKUM KALAN NES\u0130HE \u00c7ELEB\u0130 (FOTO\u011eRAFTA), \u00c7ALINAN TEKERLEKL\u0130 SANDALYES\u0130 SONRASI EV\u0130NDE HAP\u0130S HAYATI YA\u015eIYOR. \u00dcVEY KIZI VE KOM\u015eULARININ YARDIMIYLA HAYATA \u0130K\u0130 EL\u0130YLE TUTUNAN \u00c7ELEB\u0130, HAYIRSEVERLERDEN AK\u00dcL\u00dc ARA\u00c7 \u0130STED\u0130.<\/p>\n","protected":false},"author":1,"featured_media":223289,"comment_status":"closed","ping_status":"open","sticky":false,"template":"","format":"standard","meta":{"jetpack_post_was_ever_published":false,"_jetpack_newsletter_access":"","_jetpack_dont_email_post_to_subs":false,"_jetpack_newsletter_tier_id":0,"_jetpack_memberships_contains_paywalled_content":false,"_jetpack_memberships_contains_paid_content":false,"footnotes":"","jetpack_publicize_message":"","jetpack_publicize_feature_enabled":true,"jetpack_social_post_already_shared":true,"jetpack_social_options":{"image_generator_settings":{"template":"highway","default_image_id":0,"font":"","enabled":false},"version":2}},"categories":[1],"tags":[1073,10335,47508],"class_list":["post-223288","post","type-post","status-publish","format-standard","has-post-thumbnail","hentry","category-genel","tag-ozel","tag-boylesi","tag-vicdansizligin"],"jetpack_publicize_connections":[],"jetpack_featured_media_url":"https:\/\/i0.wp.com\/www.tvturk.com\/wp-content\/uploads\/2019\/11\/ozel-vicdansizligin-boylesi_6d00201.jpg?fit=1000%2C664","jetpack_sharing_enabled":true,"jetpack_shortlink":"https:\/\/wp.me\/paKIfm-W5q","_links":{"self":[{"href":"http:\/\/www.tvturk.com\/index.php\/wp-json\/wp\/v2\/posts\/223288","targetHints":{"allow":["GET"]}}],"collection":[{"href":"http:\/\/www.tvturk.com\/index.php\/wp-json\/wp\/v2\/posts"}],"about":[{"href":"http:\/\/www.tvturk.com\/index.php\/wp-json\/wp\/v2\/types\/post"}],"author":[{"embeddable":true,"href":"http:\/\/www.tvturk.com\/index.php\/wp-json\/wp\/v2\/users\/1"}],"replies":[{"embeddable":true,"href":"http:\/\/www.tvturk.com\/index.php\/wp-json\/wp\/v2\/comments?post=223288"}],"version-history":[{"count":0,"href":"http:\/\/www.tvturk.com\/index.php\/wp-json\/wp\/v2\/posts\/223288\/revisions"}],"wp:featuredmedia":[{"embeddable":true,"href":"http:\/\/www.tvturk.com\/index.php\/wp-json\/wp\/v2\/media\/223289"}],"wp:attachment":[{"href":"http:\/\/www.tvturk.com\/index.php\/wp-json\/wp\/v2\/media?parent=223288"}],"wp:term":[{"taxonomy":"category","embeddable":true,"href":"http:\/\/www.tvturk.com\/index.php\/wp-json\/wp\/v2\/categories?post=223288"},{"taxonomy":"post_tag","embeddable":true,"href":"http:\/\/www.tvturk.com\/index.php\/wp-json\/wp\/v2\/tags?post=223288"}],"curies":[{"name":"wp","href":"https:\/\/api.w.org\/{rel}","templated":true}]}}