{"id":223318,"date":"2019-11-03T12:46:44","date_gmt":"2019-11-03T09:46:44","guid":{"rendered":"http:\/\/www.tvturk.com\/index.php\/elazigda-duygulandiran-odul-toreni\/"},"modified":"2019-11-03T12:46:44","modified_gmt":"2019-11-03T09:46:44","slug":"elazigda-duygulandiran-odul-toreni","status":"publish","type":"post","link":"http:\/\/www.tvturk.com\/index.php\/elazigda-duygulandiran-odul-toreni\/","title":{"rendered":"Elaz\u0131\u011f\u2019da duyguland\u0131ran \u00f6d\u00fcl t\u00f6reni"},"content":{"rendered":"<p>En zor mesle\u011fin gazetecilik oldu\u011funu belirten bas\u0131n \u015fehidi \u0130hlas Haber Ajans\u0131 (\u0130HA) Sivas muhabiri \u0130smail G\u00fcne\u015f\u2019in e\u015fi Yasemin G\u00fcne\u015f, &#8220;En savunmas\u0131z meslek gazeteciliktir. Hi\u00e7bir \u00f6nlemleri ve can g\u00fcvenlikleri yoktur&#8221; dedi.<\/p>\n<p>Elaz\u0131\u011f\u2019da Haber Ayr\u0131nt\u0131 Gazetesi\u2019nin 10. y\u0131l\u0131 nedeniyle \u00f6d\u00fcl t\u00f6reni d\u00fczenlendi. Gazetenin ge\u00e7mi\u015ften bug\u00fcne kadar gelen s\u00fcrecinin anlat\u0131ld\u0131\u011f\u0131 t\u00f6rende, 27 Mart 2009\u2019da BBP Genel Ba\u015fkan\u0131 merhum Muhsin Yaz\u0131c\u0131o\u011flu ile ayn\u0131 helikopter kazas\u0131nda hayat\u0131n\u0131 kaybeden \u0130HA Sivas muhabiri \u0130smail G\u00fcne\u015f\u2019i anlatan sinevizyon g\u00f6sterisi izlendi. O anlar salondaki herkesi duyguland\u0131rd\u0131. Daha sonra \u00f6d\u00fcl t\u00f6renine ge\u00e7ildi. T\u00f6rende bas\u0131n \u015fehidi \u0130smail G\u00fcne\u015f\u2019in e\u015fi Yasemin G\u00fcne\u015f\u2019te \u00f6d\u00fcl\u00fcn\u00fc gazetenin sahibi Serkan G\u00fcrt\u00fcrk\u2019\u00fcn elinden ald\u0131. Halk\u0131n do\u011fru, tarafs\u0131z, demokratik ve \u015feffaf toplum olmas\u0131n\u0131n en \u00f6nemli unsurunun medya oldu\u011funu ifade eden G\u00fcrt\u00fcrk, \u201cG\u00fcn\u00fcm\u00fczde teknoloji yaz\u0131l\u0131 ve g\u00f6rsel bas\u0131n\u0131n yan\u0131 s\u0131ra medyan\u0131n da faaliyet verdi\u011fi alan\u0131 geni\u015fletmi\u015f, kamuoyunun bilgilenmesinin artmas\u0131n\u0131 beraberinde getirmi\u015ftir. Yak\u0131n tarihimizde demokrasimizin kesintiye u\u011frad\u0131\u011f\u0131, vesayetin somut bir \u015fekilde kendini hissettirdi\u011fi d\u00f6nemlerde ciddi bask\u0131lara ve ma\u011fduriyetlere maruz kalm\u0131\u015f medya \u00e7al\u0131\u015fanlar\u0131m\u0131z\u0131n ge\u00e7mi\u015ften \u00e7\u0131kard\u0131klar\u0131 dersler \u0131\u015f\u0131\u011f\u0131nda 15 Temmuz\u2019da oldu\u011fu gibi millet iradesini yok sayan yap\u0131lara itibar etmemi\u015f, asla ge\u00e7it vermemi\u015ftir. Demokrat k\u00fclt\u00fcr\u00fcm\u00fcz\u00fcn ayr\u0131lmaz bir par\u00e7as\u0131 olan medyam\u0131z\u0131n halk\u0131m\u0131z\u0131 do\u011fru bilgilendirmenin yan\u0131 s\u0131ra birlik ve beraberli\u011fimizin korunmas\u0131, meselelerimizin milli ruhla \u00e7\u00f6z\u00fclmesine katk\u0131 sa\u011flamas\u0131, yap\u0131c\u0131 bir rol \u00fcstlenmesi sevindiricidir\u201d dedi.<\/p>\n<p>\u201cBana \u015fiir yazd\u0131ran bir adamd\u0131 \u0130smail\u201d<\/p>\n<p>T\u00f6rene kat\u0131lan Yasemin G\u00fcne\u015f ise, \u201cNormalde \u015fiir yazamayan birisiyimdir. Bana \u015fiir yazd\u0131ran bir adamd\u0131 \u0130smail. Biz bu olay\u0131n ayd\u0131nlat\u0131lmas\u0131 i\u00e7in elimizden gelen her \u015feyi yap\u0131yoruz. Bas\u0131n mensuplar\u0131 arkada\u015flardan da desteklerimizi al\u0131yoruz. Bizim en b\u00fcy\u00fck arzumuz unutulmamak. Ve kimsenin de unutmas\u0131n\u0131 istemiyoruz. En savunmas\u0131z meslek gazeteciliktir. Hi\u00e7bir \u00f6nlemleri ve can g\u00fcvenlikleri yoktur. Yeri gelince d\u0131\u015flan\u0131yorlar, yeri gelince sahipleniyorlar, bazen sadece i\u015fleri bitinceye kadar oluyor. En zor meslek budur. Umar\u0131m \u015fartlar\u0131 daha g\u00fczel bir \u015fekilde olur\u201d diye konu\u015ftu.<\/p>\n<p>Programa AK Parti Elaz\u0131\u011f Milletvekilleri Sermin Bal\u0131k, Z\u00fclf\u00fc Demirba\u011f, \u0130l Milli E\u011fitim M\u00fcd\u00fcr\u00fc Feyzi G\u00fcrt\u00fcrk, Gen\u00e7lik ve Spor \u0130l M\u00fcd\u00fcr\u00fc Abdulsamet Eren, Elaz\u0131\u011f Ticaret ve Sanayi Odas\u0131 Ba\u015fkan\u0131 Asilhan Arslan, di\u011fer protokol \u00fcyeleri, ulusal ve yerel medya temsilcileri, STK ba\u015fkanlar\u0131 ile \u00e7ok say\u0131da davetli kat\u0131ld\u0131.<\/p>\n","protected":false},"excerpt":{"rendered":"<p>ELAZI\u011e\u2019DA GAZETEC\u0130LER VE B\u0130R\u00c7OK MESLEK DALINDA \u00d6D\u00dcL T\u00d6REN\u0130 D\u00dcZENLEND\u0130.<\/p>\n","protected":false},"author":1,"featured_media":223319,"comment_status":"closed","ping_status":"open","sticky":false,"template":"","format":"standard","meta":{"jetpack_post_was_ever_published":false,"_jetpack_newsletter_access":"","_jetpack_dont_email_post_to_subs":false,"_jetpack_newsletter_tier_id":0,"_jetpack_memberships_contains_paywalled_content":false,"_jetpack_memberships_contains_paid_content":false,"footnotes":"","jetpack_publicize_message":"","jetpack_publicize_feature_enabled":true,"jetpack_social_post_already_shared":true,"jetpack_social_options":{"image_generator_settings":{"template":"highway","default_image_id":0,"font":"","enabled":false},"version":2}},"categories":[1],"tags":[672,2479,4204,187],"class_list":["post-223318","post","type-post","status-publish","format-standard","has-post-thumbnail","hentry","category-genel","tag-duygulandiran","tag-elazigda","tag-odul","tag-toreni"],"jetpack_publicize_connections":[],"jetpack_featured_media_url":"https:\/\/i0.wp.com\/www.tvturk.com\/wp-content\/uploads\/2019\/11\/elazigda-duygulandiran-odul-toreni_61eed4b.jpg?fit=1000%2C971","jetpack_sharing_enabled":true,"jetpack_shortlink":"https:\/\/wp.me\/paKIfm-W5U","_links":{"self":[{"href":"http:\/\/www.tvturk.com\/index.php\/wp-json\/wp\/v2\/posts\/223318","targetHints":{"allow":["GET"]}}],"collection":[{"href":"http:\/\/www.tvturk.com\/index.php\/wp-json\/wp\/v2\/posts"}],"about":[{"href":"http:\/\/www.tvturk.com\/index.php\/wp-json\/wp\/v2\/types\/post"}],"author":[{"embeddable":true,"href":"http:\/\/www.tvturk.com\/index.php\/wp-json\/wp\/v2\/users\/1"}],"replies":[{"embeddable":true,"href":"http:\/\/www.tvturk.com\/index.php\/wp-json\/wp\/v2\/comments?post=223318"}],"version-history":[{"count":0,"href":"http:\/\/www.tvturk.com\/index.php\/wp-json\/wp\/v2\/posts\/223318\/revisions"}],"wp:featuredmedia":[{"embeddable":true,"href":"http:\/\/www.tvturk.com\/index.php\/wp-json\/wp\/v2\/media\/223319"}],"wp:attachment":[{"href":"http:\/\/www.tvturk.com\/index.php\/wp-json\/wp\/v2\/media?parent=223318"}],"wp:term":[{"taxonomy":"category","embeddable":true,"href":"http:\/\/www.tvturk.com\/index.php\/wp-json\/wp\/v2\/categories?post=223318"},{"taxonomy":"post_tag","embeddable":true,"href":"http:\/\/www.tvturk.com\/index.php\/wp-json\/wp\/v2\/tags?post=223318"}],"curies":[{"name":"wp","href":"https:\/\/api.w.org\/{rel}","templated":true}]}}