{"id":223346,"date":"2019-11-03T14:01:54","date_gmt":"2019-11-03T11:01:54","guid":{"rendered":"http:\/\/www.tvturk.com\/index.php\/bakan-cavusoglu-katar-emiri-el-sani-ile-gorustu\/"},"modified":"2019-11-03T14:01:54","modified_gmt":"2019-11-03T11:01:54","slug":"bakan-cavusoglu-katar-emiri-el-sani-ile-gorustu","status":"publish","type":"post","link":"http:\/\/www.tvturk.com\/index.php\/bakan-cavusoglu-katar-emiri-el-sani-ile-gorustu\/","title":{"rendered":"Bakan \u00c7avu\u015fo\u011flu, Katar Emiri El Sani ile g\u00f6r\u00fc\u015ft\u00fc"},"content":{"rendered":"<p>D\u0131\u015fi\u015fleri Bakan\u0131 Mevl\u00fct \u00c7avu\u015fo\u011flu, Katar Emiri \u015eeyh Temim bin Hamed El Sani ile bir araya geldi.<\/p>\n<p>D\u0131\u015fi\u015fleri Bakan\u0131 Mevl\u00fct \u00c7avu\u015fo\u011flu, resmi temaslarda bulunmak \u00fczere Katar\u2019\u0131n ba\u015fkenti Doha\u2019ya geldi. Bakan \u00c7avu\u015fo\u011flu temaslar\u0131 kapsam\u0131nda Katar Ba\u015fbakan Yard\u0131mc\u0131s\u0131 ve D\u0131\u015fi\u015fleri Bakan\u0131 \u015eeyh Muhammed bin Abdurrahman Al Sani ile ikili ve heyetler aras\u0131 g\u00f6r\u00fc\u015fme ger\u00e7ekle\u015ftirdi. \u0130slam \u0130\u015fbirli\u011fi Te\u015fkilat\u0131 Somali Temas Grubu toplant\u0131s\u0131na kat\u0131lan Bakan \u00c7avu\u015fo\u011flu, sonras\u0131nda Katar Emiri \u015eeyh Temim bin Hamed El Sani taraf\u0131ndan kabul edildi. Katar Emiri ile yap\u0131lan g\u00f6r\u00fc\u015fmeye ili\u015fkin sosyal medya hesab\u0131ndan payla\u015f\u0131m yapan \u00c7avu\u015fo\u011flu, \u201cDoha\u2019da karde\u015f Katar\u2019\u0131n Emiri \u015eeyh Temim bin Hamed El Sani\u2019yle g\u00f6r\u00fc\u015fmemizde Say\u0131n Cumhurba\u015fkan\u0131m\u0131z Erdo\u011fan\u2019\u0131n selamlar\u0131n\u0131 ilettik. Katar\u2019\u0131n Bar\u0131\u015f P\u0131nar\u0131 Harekat\u0131\u2019m\u0131za deste\u011fine te\u015fekk\u00fcr ediyoruz\u201d ifadelerini kulland\u0131.<\/p>\n","protected":false},"excerpt":{"rendered":"<p>DI\u015e\u0130\u015eLER\u0130 BAKANI MEVL\u00dcT \u00c7AVU\u015eO\u011eLU, KATAR EM\u0130R\u0130 \u015eEYH TEM\u0130M B\u0130N HAMED EL SAN\u0130 \u0130LE B\u0130R ARAYA GELD\u0130.<\/p>\n","protected":false},"author":1,"featured_media":223347,"comment_status":"closed","ping_status":"open","sticky":false,"template":"","format":"standard","meta":{"jetpack_post_was_ever_published":false,"_jetpack_newsletter_access":"","_jetpack_dont_email_post_to_subs":false,"_jetpack_newsletter_tier_id":0,"_jetpack_memberships_contains_paywalled_content":false,"_jetpack_memberships_contains_paid_content":false,"footnotes":"","jetpack_publicize_message":"","jetpack_publicize_feature_enabled":true,"jetpack_social_post_already_shared":true,"jetpack_social_options":{"image_generator_settings":{"template":"highway","default_image_id":0,"font":"","enabled":false},"version":2}},"categories":[10],"tags":[742,1499,19279,316,192,14937,21280],"class_list":["post-223346","post","type-post","status-publish","format-standard","has-post-thumbnail","hentry","category-dunya","tag-bakan","tag-cavusoglu","tag-emiri","tag-gorustu","tag-ile","tag-katar","tag-sani"],"jetpack_publicize_connections":[],"jetpack_featured_media_url":"https:\/\/i0.wp.com\/www.tvturk.com\/wp-content\/uploads\/2019\/11\/bakan-cavusoglu-katar-emiri-el-sani-ile-gorustu_b2a746e.jpg?fit=1000%2C589","jetpack_sharing_enabled":true,"jetpack_shortlink":"https:\/\/wp.me\/paKIfm-W6m","_links":{"self":[{"href":"http:\/\/www.tvturk.com\/index.php\/wp-json\/wp\/v2\/posts\/223346","targetHints":{"allow":["GET"]}}],"collection":[{"href":"http:\/\/www.tvturk.com\/index.php\/wp-json\/wp\/v2\/posts"}],"about":[{"href":"http:\/\/www.tvturk.com\/index.php\/wp-json\/wp\/v2\/types\/post"}],"author":[{"embeddable":true,"href":"http:\/\/www.tvturk.com\/index.php\/wp-json\/wp\/v2\/users\/1"}],"replies":[{"embeddable":true,"href":"http:\/\/www.tvturk.com\/index.php\/wp-json\/wp\/v2\/comments?post=223346"}],"version-history":[{"count":0,"href":"http:\/\/www.tvturk.com\/index.php\/wp-json\/wp\/v2\/posts\/223346\/revisions"}],"wp:featuredmedia":[{"embeddable":true,"href":"http:\/\/www.tvturk.com\/index.php\/wp-json\/wp\/v2\/media\/223347"}],"wp:attachment":[{"href":"http:\/\/www.tvturk.com\/index.php\/wp-json\/wp\/v2\/media?parent=223346"}],"wp:term":[{"taxonomy":"category","embeddable":true,"href":"http:\/\/www.tvturk.com\/index.php\/wp-json\/wp\/v2\/categories?post=223346"},{"taxonomy":"post_tag","embeddable":true,"href":"http:\/\/www.tvturk.com\/index.php\/wp-json\/wp\/v2\/tags?post=223346"}],"curies":[{"name":"wp","href":"https:\/\/api.w.org\/{rel}","templated":true}]}}