{"id":223376,"date":"2019-11-03T15:48:02","date_gmt":"2019-11-03T12:48:02","guid":{"rendered":"http:\/\/www.tvturk.com\/index.php\/eris-oyundan-memnunum\/"},"modified":"2019-11-03T15:48:02","modified_gmt":"2019-11-03T12:48:02","slug":"eris-oyundan-memnunum","status":"publish","type":"post","link":"http:\/\/www.tvturk.com\/index.php\/eris-oyundan-memnunum\/","title":{"rendered":"Eri\u015f: \u201cOyundan memnunum\u201d"},"content":{"rendered":"<p>B. Elaz\u0131\u011fspor\u2019un ba\u015f\u0131nda ilk ma\u00e7\u0131na U\u015fakspor kar\u015f\u0131s\u0131nda Teknik Direkt\u00f6r Levent Eri\u015f, oynanan oyundan memnun oldu\u011funu s\u00f6yledi.<\/p>\n<p>TFF 2. Lig K\u0131rm\u0131z\u0131 Grup\u2019un 11. haftas\u0131nda evinde 10 kald\u0131\u011f\u0131 ma\u00e7ta U\u015fakspor\u2019la gols\u00fcz berabere kalan B. Elaz\u0131\u011fspor\u2019da Teknik Direkt\u00f6r Levent Eri\u015f, m\u00fccadelenin ard\u0131ndan bas\u0131n mensuplar\u0131na a\u00e7\u0131klamalarda bulundu.<\/p>\n<p>Kendi oyun anlay\u0131\u015f\u0131yla paralel olan bir skor almad\u0131klar\u0131n\u0131 ifade eden Eri\u015f, \u201cBen daha fazla rakibi kendi sahas\u0131na hapseden bir oyun anlay\u0131\u015f\u0131na sahibim. \u0130lk m\u00fcsabakada biraz daha kontroll\u00fc oyunu tercih ettik. Oyun disiplini anlam\u0131nda be\u011fendi\u011fimi s\u00f6yleyebilirim. Bug\u00fcnk\u00fc oyun bence be\u011fenilecek bir oyundu. D\u00f6rt haftal\u0131k travmadan \u00e7\u0131km\u0131\u015f bir tak\u0131mdan bahsediyoruz. Oyuncular\u0131n m\u00fccadelesi takdire de\u011ferdi. 10 ki\u015fi kald\u0131ktan sonra da pes etmedik. Bu ligin makus talihsizliklerden biri de hakem facialar\u0131. Gene \u00e7ok acemice kart g\u00f6sterildi. Penalt\u0131 vermedi\u011fine \u015f\u00fckrettim Kadir\u2019in pozisyonunda. Elimizdeki kadroya sahip \u00e7\u0131kmam\u0131z gerekiyor. Bir s\u00f6z de taraftarlar\u0131m\u0131za s\u00f6ylemek istiyorum. Ge\u00e7mi\u015fin faturas\u0131 bu \u00e7ocuklara \u00e7\u0131kart\u0131lmas\u0131n. Bu \u00e7ocuklar Elaz\u0131\u011f\u2019\u0131n \u00e7ocuklar\u0131 ve onlarla y\u00fcr\u00fcyece\u011fiz. Onlara destek versinler. \u00c7ocuklar\u0131m\u0131z\u0131n arkas\u0131nda dural\u0131m\u201d dedi.<\/p>\n<p>Sahaya yans\u0131t\u0131lan oyundan memnun oldu\u011funu kaydeden Eri\u015f, \u201cBu kadronun bunlar\u0131 yapabilece\u011fini g\u00f6rd\u00fckten sonra ben \u00e7ok daha iyi i\u015fler yapabilece\u011fine inan\u0131yorum. Oyuncular\u0131m\u0131z\u0131 farkl\u0131 b\u00f6lgelerde kullanabilece\u011fimizi g\u00f6r\u00fcyorum. Kadro derinli\u011fimizin olmad\u0131\u011f\u0131 bir s\u00fcre\u00e7 ya\u015f\u0131yoruz. Dokunan sakatlan\u0131yor gibi bir s\u00fcre\u00e7 var. \u00c7ok \u00e7al\u0131\u015faca\u011f\u0131z. Ben memnunun a\u00e7\u0131k\u00e7as\u0131. Ankara Demir\u2019le \u00f6n\u00fcm\u00fczdeki hafta \u00f6nemli bir ma\u00e7\u0131m\u0131z olacak. Onlar da yukar\u0131lara oynayan bir tak\u0131m. Bizim i\u00e7in \u00e7ok da \u00f6nemli de\u011fil. Bu oyun tablosunu biraz daha geli\u015ftirdi\u011fimiz zaman daha ba\u015far\u0131l\u0131 oluruz diye d\u00fc\u015f\u00fcn\u00fcyorum\u201d ifadelerini kulland\u0131.<\/p>\n","protected":false},"excerpt":{"rendered":"<p>B. ELAZI\u011eSPOR\u2019UN BA\u015eINDA \u0130LK MA\u00c7INA U\u015eAKSPOR KAR\u015eISINDA TEKN\u0130K D\u0130REKT\u00d6R LEVENT ER\u0130\u015e, OYNANAN OYUNDAN MEMNUN OLDU\u011eUNU S\u00d6YLED\u0130.<\/p>\n","protected":false},"author":1,"featured_media":223377,"comment_status":"closed","ping_status":"open","sticky":false,"template":"","format":"standard","meta":{"jetpack_post_was_ever_published":false,"_jetpack_newsletter_access":"","_jetpack_dont_email_post_to_subs":false,"_jetpack_newsletter_tier_id":0,"_jetpack_memberships_contains_paywalled_content":false,"_jetpack_memberships_contains_paid_content":false,"footnotes":"","jetpack_publicize_message":"","jetpack_publicize_feature_enabled":true,"jetpack_social_post_already_shared":true,"jetpack_social_options":{"image_generator_settings":{"template":"highway","default_image_id":0,"font":"","enabled":false},"version":2}},"categories":[657],"tags":[56490,12014,36020],"class_list":["post-223376","post","type-post","status-publish","format-standard","has-post-thumbnail","hentry","category-spor","tag-oyundan","tag-eris","tag-memnunum"],"jetpack_publicize_connections":[],"jetpack_featured_media_url":"https:\/\/i0.wp.com\/www.tvturk.com\/wp-content\/uploads\/2019\/11\/eris-oyundan-memnunum_1ce7d95.jpg?fit=1000%2C666","jetpack_sharing_enabled":true,"jetpack_shortlink":"https:\/\/wp.me\/paKIfm-W6Q","_links":{"self":[{"href":"http:\/\/www.tvturk.com\/index.php\/wp-json\/wp\/v2\/posts\/223376","targetHints":{"allow":["GET"]}}],"collection":[{"href":"http:\/\/www.tvturk.com\/index.php\/wp-json\/wp\/v2\/posts"}],"about":[{"href":"http:\/\/www.tvturk.com\/index.php\/wp-json\/wp\/v2\/types\/post"}],"author":[{"embeddable":true,"href":"http:\/\/www.tvturk.com\/index.php\/wp-json\/wp\/v2\/users\/1"}],"replies":[{"embeddable":true,"href":"http:\/\/www.tvturk.com\/index.php\/wp-json\/wp\/v2\/comments?post=223376"}],"version-history":[{"count":0,"href":"http:\/\/www.tvturk.com\/index.php\/wp-json\/wp\/v2\/posts\/223376\/revisions"}],"wp:featuredmedia":[{"embeddable":true,"href":"http:\/\/www.tvturk.com\/index.php\/wp-json\/wp\/v2\/media\/223377"}],"wp:attachment":[{"href":"http:\/\/www.tvturk.com\/index.php\/wp-json\/wp\/v2\/media?parent=223376"}],"wp:term":[{"taxonomy":"category","embeddable":true,"href":"http:\/\/www.tvturk.com\/index.php\/wp-json\/wp\/v2\/categories?post=223376"},{"taxonomy":"post_tag","embeddable":true,"href":"http:\/\/www.tvturk.com\/index.php\/wp-json\/wp\/v2\/tags?post=223376"}],"curies":[{"name":"wp","href":"https:\/\/api.w.org\/{rel}","templated":true}]}}