{"id":223502,"date":"2019-11-04T09:16:55","date_gmt":"2019-11-04T06:16:55","guid":{"rendered":"http:\/\/www.tvturk.com\/index.php\/odun-atesinde-traktor-kasasinda-senfonik-konser\/"},"modified":"2019-11-04T09:16:55","modified_gmt":"2019-11-04T06:16:55","slug":"odun-atesinde-traktor-kasasinda-senfonik-konser","status":"publish","type":"post","link":"http:\/\/www.tvturk.com\/index.php\/odun-atesinde-traktor-kasasinda-senfonik-konser\/","title":{"rendered":"Odun ate\u015finde, trakt\u00f6r kasas\u0131nda senfonik konser"},"content":{"rendered":"<p>Bal\u0131kesir\u2019in Edremit il\u00e7esinde k\u0131rsal mahallede (k\u00f6yde) trakt\u00f6r r\u00f6morklar\u0131n\u0131n sahne olarak kullan\u0131ld\u0131\u011f\u0131 ve \u0131s\u0131nmak i\u00e7in odun ate\u015flerinin varillerde yak\u0131ld\u0131\u011f\u0131 senfonik konser b\u00fcy\u00fck ilgi g\u00f6rd\u00fc.<\/p>\n<p>Kazda\u011flar\u0131\u2019n\u0131n eteklerinde Mehmetalan Mahallesi\u2019nde, trakt\u00f6r r\u00f6morklar\u0131n\u0131 sahne olarak kullanan \u0130zmir Devlet Senfoni Orkestras\u0131, \u0130zmir Devlet Opera ve Balesi, \u0130zmir Devlet Klasik T\u00fcrk M\u00fczi\u011fi Korosu, Dokuz Eyl\u00fcl \u00dcniversitesi Devlet Konservatuvar\u0131, Ege \u00dcniversitesi Devlet Konservatuvar\u0131 ve TRT sanat\u00e7\u0131lar\u0131ndan olu\u015fan 25 ki\u015filik Turkish Brass Ensemble Orkestras\u0131, ilgin\u00e7 bir konsere imza att\u0131.<\/p>\n<p>Mehmetalan k\u0131rsal mahallesi eski okul bah\u00e7esinde sanat\u00e7\u0131lar\u0131n ve seyircilerin \u0131s\u0131nmas\u0131 i\u00e7in varil i\u00e7inde yak\u0131lan odun ate\u015fi e\u015fli\u011findeki konsere so\u011fuk havaya ra\u011fmen yediden yetmi\u015f yediye yo\u011fun kat\u0131l\u0131m g\u00f6zlendi.<\/p>\n<p>Genel sanat y\u00f6netmenli\u011fini \u0130zmir Devlet Senfoni Orkestras\u0131 sanat\u00e7\u0131s\u0131 Kenan G\u00f6kkaya, sanat koordinat\u00f6rl\u00fc\u011f\u00fcn\u00fc Hikmet \u00c7oka\u011f\u0131r\u2019\u0131n yapt\u0131\u011f\u0131 konserde solist olarak Devlet Klasik T\u00fcrk M\u00fczi\u011fi Korosu Sanat\u00e7\u0131s\u0131 Derya Derin ve \u0130zmir Devlet Opera ve Balesi\u2019nden Tenor Burak Dabako\u011flu kat\u0131ld\u0131.<\/p>\n<p>\u0130zmir Milli K\u00fct\u00fcphane Vakf\u0131 Ba\u015fkan\u0131 Ulvi Pu\u011f taraf\u0131ndan seslendirilen \u015fiirlerin de renk katt\u0131\u011f\u0131 konser kapsam\u0131nda sahne alan efeler b\u00fcy\u00fck ilgi ile izlendi. \u00c7ocuklara klasik m\u00fczikte kullan\u0131lan m\u00fczik aletleri tan\u0131t\u0131ld\u0131.<\/p>\n<p>Edremit Belediye Ba\u015fkan\u0131 Selman Hasan Arslan, &#8220;Senfonik konser Mehmetalan\u2019da 2008 y\u0131l\u0131nda ilk defa icra edildi&#8221; de\u011ferlendirmesinde bulundu.<\/p>\n<p>Turkish Brass Ensemble Orkestras\u0131 Genel Sanat Y\u00f6netmeni \u0130zmir Devlet Senfoni Orkestras\u0131 sanat\u00e7\u0131s\u0131 Kenan G\u00f6kkaya da \u00e7a\u011fda\u015f m\u00fczik k\u00fclt\u00fcr\u00fcn\u00fc ve g\u00fczel sanatlar\u0131 kentten al\u0131p k\u00f6ye getirdiklerini s\u00f6yledi.<\/p>\n","protected":false},"excerpt":{"rendered":"<p>BALIKES\u0130R&#8217;\u0130N EDREM\u0130T \u0130L\u00c7ES\u0130NDE KIRSAL MAHALLEDE (K\u00d6YDE) TRAKT\u00d6R R\u00d6MORKLARININ SAHNE OLARAK KULLANILDI\u011eI VE ISINMAK \u0130\u00c7\u0130N ODUN ATE\u015eLER\u0130N\u0130N VAR\u0130LLERDE YAKILDI\u011eI SENFON\u0130K KONSER B\u00dcY\u00dcK \u0130LG\u0130 G\u00d6RD\u00dc.<\/p>\n","protected":false},"author":1,"featured_media":223503,"comment_status":"closed","ping_status":"open","sticky":false,"template":"","format":"standard","meta":{"jetpack_post_was_ever_published":false,"_jetpack_newsletter_access":"","_jetpack_dont_email_post_to_subs":false,"_jetpack_newsletter_tier_id":0,"_jetpack_memberships_contains_paywalled_content":false,"_jetpack_memberships_contains_paid_content":false,"footnotes":"","jetpack_publicize_message":"","jetpack_publicize_feature_enabled":true,"jetpack_social_post_already_shared":true,"jetpack_social_options":{"image_generator_settings":{"template":"highway","default_image_id":0,"font":"","enabled":false},"version":2}},"categories":[656],"tags":[23885,15730,1523,9454,38216,475],"class_list":["post-223502","post","type-post","status-publish","format-standard","has-post-thumbnail","hentry","category-kultur-sanat","tag-atesinde","tag-kasasinda","tag-konser","tag-odun","tag-senfonik","tag-traktor"],"jetpack_publicize_connections":[],"jetpack_featured_media_url":"https:\/\/i0.wp.com\/www.tvturk.com\/wp-content\/uploads\/2019\/11\/odun-atesinde-traktor-kasasinda-senfonik-konser_294be91.jpg?fit=1000%2C750","jetpack_sharing_enabled":true,"jetpack_shortlink":"https:\/\/wp.me\/paKIfm-W8S","_links":{"self":[{"href":"http:\/\/www.tvturk.com\/index.php\/wp-json\/wp\/v2\/posts\/223502","targetHints":{"allow":["GET"]}}],"collection":[{"href":"http:\/\/www.tvturk.com\/index.php\/wp-json\/wp\/v2\/posts"}],"about":[{"href":"http:\/\/www.tvturk.com\/index.php\/wp-json\/wp\/v2\/types\/post"}],"author":[{"embeddable":true,"href":"http:\/\/www.tvturk.com\/index.php\/wp-json\/wp\/v2\/users\/1"}],"replies":[{"embeddable":true,"href":"http:\/\/www.tvturk.com\/index.php\/wp-json\/wp\/v2\/comments?post=223502"}],"version-history":[{"count":0,"href":"http:\/\/www.tvturk.com\/index.php\/wp-json\/wp\/v2\/posts\/223502\/revisions"}],"wp:featuredmedia":[{"embeddable":true,"href":"http:\/\/www.tvturk.com\/index.php\/wp-json\/wp\/v2\/media\/223503"}],"wp:attachment":[{"href":"http:\/\/www.tvturk.com\/index.php\/wp-json\/wp\/v2\/media?parent=223502"}],"wp:term":[{"taxonomy":"category","embeddable":true,"href":"http:\/\/www.tvturk.com\/index.php\/wp-json\/wp\/v2\/categories?post=223502"},{"taxonomy":"post_tag","embeddable":true,"href":"http:\/\/www.tvturk.com\/index.php\/wp-json\/wp\/v2\/tags?post=223502"}],"curies":[{"name":"wp","href":"https:\/\/api.w.org\/{rel}","templated":true}]}}