{"id":223520,"date":"2019-11-04T09:46:52","date_gmt":"2019-11-04T06:46:52","guid":{"rendered":"http:\/\/www.tvturk.com\/index.php\/hollanda-yuzme-milli-takimi-erzurum-kampini-tamamladi\/"},"modified":"2019-11-04T09:46:52","modified_gmt":"2019-11-04T06:46:52","slug":"hollanda-yuzme-milli-takimi-erzurum-kampini-tamamladi","status":"publish","type":"post","link":"http:\/\/www.tvturk.com\/index.php\/hollanda-yuzme-milli-takimi-erzurum-kampini-tamamladi\/","title":{"rendered":"Hollanda Y\u00fczme Milli Tak\u0131m\u0131, Erzurum kamp\u0131n\u0131 tamamlad\u0131"},"content":{"rendered":"<p>Y\u00fckseltisi nedeniyle bir\u00e7ok spor kul\u00fcb\u00fcn\u00fcn kamp g\u00f6zdesi olan Erzurum, Hollanda Y\u00fczme Milli Tak\u0131m\u0131\u2019n\u0131 a\u011f\u0131rlad\u0131. Sporcular\u0131n\u0131n oksijen kapasitelerini artt\u0131rmak amac\u0131yla Erzurum\u2019da 3 haftal\u0131k kamp s\u00fcrecini tamamlayan Hollanda Milli Tak\u0131m\u0131\u2019nda Ko\u00e7 Kees Robbertsen\u2019a g\u00f6re, antrenmanlardan maksimum verim al\u0131nd\u0131.<\/p>\n<p>Erzurum, y\u00fcksek irtifas\u0131ndan dolay\u0131 spor kul\u00fcplerinin tercih etti\u011fi bir kamp \u015fehriyken, milli tak\u0131mlar\u0131n da kamp merkezi oldu. Kamptan maksimum verim alabilmek i\u00e7in, oksijenin k\u0131s\u0131tl\u0131 oldu\u011fu y\u00fcksek irtifada, sporcular\u0131n ci\u011ferlerini a\u00e7abilme a\u00e7\u0131s\u0131ndan verim sa\u011flanan Erzurum\u2019u, \u00f6zellikle y\u00fczme tak\u0131mlar\u0131 tercih ediliyor.<\/p>\n<p>Ge\u00e7ti\u011fimiz g\u00fcnlerde 21 g\u00fcnl\u00fck kamp s\u00fcrecini Erzurum\u2019da tamamlayan Almanya Y\u00fczme Milli Tak\u0131m\u0131\u2019ndan sonra \u015fimdi de 1 ko\u00e7, 1 terapist ve 7 sporcudan olu\u015fan Hollanda Y\u00fczme Milli Tak\u0131m\u0131, Erzurum\u2019u tercih etti.<\/p>\n<p>Hollanda Y\u00fczme Milli Tak\u0131m\u0131 Ko\u00e7u Kees Robbertsen, tak\u0131m\u0131n\u0131n ba\u015far\u0131y\u0131 hedefledi\u011fini ve Erzurum\u2019u \u00e7ok be\u011fendiklerini dile getirdi. Tak\u0131m\u0131nda bulunan sporcular\u0131n daha ba\u015far\u0131l\u0131 nefes alabilmeleri a\u00e7\u0131s\u0131ndan Erzurum\u2019u ve y\u00fcksek irtifay\u0131 tercih ettiklerini belirten Robbertsen, Olimpiyatlar \u00f6ncesinde de Erzurum\u2019u tercih edeceklerini a\u00e7\u0131klad\u0131.<\/p>\n","protected":false},"excerpt":{"rendered":"<p>Y\u00dcKSELT\u0130S\u0130 NEDEN\u0130YLE B\u0130R \u00c7OK SPOR KUL\u00dcPLER\u0130N\u0130N KAMP G\u00d6ZDES\u0130 OLAN ERZURUM, HOLLANDA Y\u00dcZME M\u0130LL\u0130 TAKIMINI A\u011eIRLADI. SPORCULARININ OKS\u0130JEN KAPAS\u0130TELER\u0130N\u0130 ARTTIRMAK AMACIYLA ERZURUM\u2019DA 3 HAFTALIK KAMP S\u00dcREC\u0130N\u0130 TAMAMLAYAN M\u0130LL\u0130 TAKIM KO\u00c7 KEES ROBBERTSEN\u2019A G\u00d6RE, ANTRENMANLARDAN MAKS\u0130MUM VER\u0130M ALMAYI BA\u015eARDI.<\/p>\n","protected":false},"author":1,"featured_media":223521,"comment_status":"closed","ping_status":"open","sticky":false,"template":"","format":"standard","meta":{"jetpack_post_was_ever_published":false,"_jetpack_newsletter_access":"","_jetpack_dont_email_post_to_subs":false,"_jetpack_newsletter_tier_id":0,"_jetpack_memberships_contains_paywalled_content":false,"_jetpack_memberships_contains_paid_content":false,"footnotes":"","jetpack_publicize_message":"","jetpack_publicize_feature_enabled":true,"jetpack_social_post_already_shared":true,"jetpack_social_options":{"image_generator_settings":{"template":"highway","default_image_id":0,"font":"","enabled":false},"version":2}},"categories":[657],"tags":[2294,6328,25261,429,1462,637,4292],"class_list":["post-223520","post","type-post","status-publish","format-standard","has-post-thumbnail","hentry","category-spor","tag-erzurum","tag-hollanda","tag-kampini","tag-milli","tag-takimi","tag-tamamladi","tag-yuzme"],"jetpack_publicize_connections":[],"jetpack_featured_media_url":"https:\/\/i0.wp.com\/www.tvturk.com\/wp-content\/uploads\/2019\/11\/hollanda-yuzme-milli-takimi-erzurum-kampini-tamamladi_dcc36a0.jpg?fit=1000%2C666","jetpack_sharing_enabled":true,"jetpack_shortlink":"https:\/\/wp.me\/paKIfm-W9a","_links":{"self":[{"href":"http:\/\/www.tvturk.com\/index.php\/wp-json\/wp\/v2\/posts\/223520","targetHints":{"allow":["GET"]}}],"collection":[{"href":"http:\/\/www.tvturk.com\/index.php\/wp-json\/wp\/v2\/posts"}],"about":[{"href":"http:\/\/www.tvturk.com\/index.php\/wp-json\/wp\/v2\/types\/post"}],"author":[{"embeddable":true,"href":"http:\/\/www.tvturk.com\/index.php\/wp-json\/wp\/v2\/users\/1"}],"replies":[{"embeddable":true,"href":"http:\/\/www.tvturk.com\/index.php\/wp-json\/wp\/v2\/comments?post=223520"}],"version-history":[{"count":0,"href":"http:\/\/www.tvturk.com\/index.php\/wp-json\/wp\/v2\/posts\/223520\/revisions"}],"wp:featuredmedia":[{"embeddable":true,"href":"http:\/\/www.tvturk.com\/index.php\/wp-json\/wp\/v2\/media\/223521"}],"wp:attachment":[{"href":"http:\/\/www.tvturk.com\/index.php\/wp-json\/wp\/v2\/media?parent=223520"}],"wp:term":[{"taxonomy":"category","embeddable":true,"href":"http:\/\/www.tvturk.com\/index.php\/wp-json\/wp\/v2\/categories?post=223520"},{"taxonomy":"post_tag","embeddable":true,"href":"http:\/\/www.tvturk.com\/index.php\/wp-json\/wp\/v2\/tags?post=223520"}],"curies":[{"name":"wp","href":"https:\/\/api.w.org\/{rel}","templated":true}]}}