{"id":223642,"date":"2019-11-04T12:46:14","date_gmt":"2019-11-04T09:46:14","guid":{"rendered":"http:\/\/www.tvturk.com\/index.php\/tbmm-baskani-sentoptan-g20-parlamento-baskanlari-zirvesinde-bm-ve-g20-elestirisi\/"},"modified":"2019-11-04T12:46:14","modified_gmt":"2019-11-04T09:46:14","slug":"tbmm-baskani-sentoptan-g20-parlamento-baskanlari-zirvesinde-bm-ve-g20-elestirisi","status":"publish","type":"post","link":"http:\/\/www.tvturk.com\/index.php\/tbmm-baskani-sentoptan-g20-parlamento-baskanlari-zirvesinde-bm-ve-g20-elestirisi\/","title":{"rendered":"TBMM Ba\u015fkan\u0131 \u015eentop\u2019tan G20 Parlamento Ba\u015fkanlar\u0131 Zirvesinde BM ve G20 ele\u015ftirisi"},"content":{"rendered":"<p>TBMM Ba\u015fkan\u0131 Mustafa \u015eentop, Japonya\u2019n\u0131n ba\u015fkenti Tokyo\u2019da ger\u00e7ekle\u015ftirilen G20 Parlamento Ba\u015fkanlar\u0131 Zirvesinde, Birle\u015fmi\u015f Milletler\u2019i (BM) ele\u015ftirirken, G20 \u00fclkelerine de, \u201cSizin de y\u00fck\u00fcml\u00fcl\u00fckleriniz var\u201d uyar\u0131s\u0131nda bulundu.<\/p>\n<p>TBMM Ba\u015fkan\u0131 Mustafa \u015eentop, G20 Parlamento Ba\u015fkanlar\u0131 Zirvesi\u2019nin \u201cS\u00fcrd\u00fcr\u00fclebilir Kalk\u0131nma Ama\u00e7lar\u0131na Ula\u015fma ve K\u00fcresel S\u0131namalar\u0131n \u00c7\u00f6z\u00fcm\u00fcne Y\u00f6nelik \u00c7abalar\u201d ba\u015fl\u0131kl\u0131 oturumunda konu\u015ftu. \u015eentop, uzun m\u00fccadelelerle olu\u015fturulan mekanizmalar ve kurumlar\u0131n zaman ge\u00e7tik\u00e7e kurulu\u015f ama\u00e7lar\u0131ndan uzakla\u015fabildi\u011fine dikkat \u00e7ekti. \u015eentop, \u201cTam bu noktada, uluslararas\u0131 camian\u0131n ve \u00f6rg\u00fctlerin varl\u0131k sebeplerinin ve varolu\u015f ama\u00e7lar\u0131n\u0131n yeniden g\u00f6zden ge\u00e7irilmesi zaruretini bir kez daha dikkatlerinize sunmak istiyorum. Ne yaz\u0131k ki bug\u00fcn uluslararas\u0131 \u00f6rg\u00fctlerin hemen hemen hepsi, \u00f6zellikle de Birle\u015fmi\u015f Milletler, kurulu\u015f ama\u00e7lar\u0131nda \u00f6ng\u00f6r\u00fclen misyonu olan d\u00fcnyada bar\u0131\u015f\u0131 sa\u011flamak amac\u0131n\u0131 yerine getirmekten \u00e7ok uzakt\u0131rlar. Nitekim Say\u0131n Cumhurba\u015fkan\u0131m\u0131z Tayyip Erdo\u011fan bu durumu, \u2018D\u00fcnya Be\u015ften B\u00fcy\u00fckt\u00fcr\u2019 itiraz\u0131yla ifade etmi\u015ftir. Bu itiraz do\u011fal olarak \u00f6zellikle de yeni d\u00fcnya d\u00fczeninin t\u00fcm y\u00fck\u00fc \u00fczerine y\u00fcklenen milletlerde hakl\u0131 bir yank\u0131 uyand\u0131rm\u0131\u015ft\u0131r\u201d diye konu\u015ftu.<\/p>\n<p>\u201cArt\u0131k, baz\u0131 \u00fclkelerin sadece haklara, baz\u0131 \u00fclkelerin ise sadece sorumluluk ve y\u00fck\u00fcml\u00fcl\u00fcklere sahip oldu\u011fu bir d\u00fcnya yok, olamaz\u201d diyen TBMM Ba\u015fkan\u0131, bunun fark\u0131na var\u0131lmas\u0131 gerekti\u011fine i\u015faret ederek, \u201cB\u00fct\u00fcn devletlerin haklar\u0131 var, ama y\u00fck\u00fcml\u00fcl\u00fckleri de var. G20 \u00fclkelerinin de y\u00fck\u00fcml\u00fcl\u00fckleri var\u201d dedi.<\/p>\n<p>\u201cS\u00fcrd\u00fcr\u00fclemez politikalarla s\u00fcrd\u00fcr\u00fclebilir sistem olu\u015fturulamaz\u201d<\/p>\n<p>TBMM Ba\u015fkan\u0131 \u015eentop, uluslararas\u0131 siyaseti ve k\u00fcresel meseleleri, dinamik ve ger\u00e7ek\u00e7i bir yakla\u015f\u0131mla ele almak gerekti\u011fini vurgulayarak, bir yandan ekonomik ve teknolojik geli\u015fmeler ya\u015fan\u0131rken, di\u011fer taraftan da a\u011f\u0131r bir tahribat\u0131n ya\u015fand\u0131\u011f\u0131na dikkat \u00e7ekti. \u015eentop, \u201cFakat bug\u00fcn g\u00f6r\u00fcyoruz ki, ekonomik geli\u015fmeler ve teknolojik ilerlemeler her durumda umut vaat etmemektedir. Tam tersine 20. y\u00fczy\u0131ldan bu tarafa tarihin \u00f6nceki d\u00f6nemlerine nazaran g\u00f6r\u00fclmemi\u015f bir h\u0131zla artan \u00fcretim hacmi ve d\u00fcnya serveti ayn\u0131 zamanda beraberinde insanlar aras\u0131nda korkun\u00e7 bir adaletsizli\u011fi ve \u00e7evrenin tahribat\u0131n\u0131 ortaya \u00e7\u0131kartm\u0131\u015ft\u0131r\u201d dedi.<\/p>\n<p>S\u00fcrd\u00fcr\u00fclebilir kalk\u0131nma hedeflerine ula\u015fmak i\u00e7in \u201cortak irade\u201d ve \u201ckolektif \u015fuurdur\u201d olu\u015fturulmas\u0131 gerekti\u011fini kaydeden TBMM Ba\u015fkan\u0131 \u015eentop, s\u00f6zlerini \u015f\u00f6yle s\u00fcrd\u00fcrd\u00fc:<\/p>\n<p>\u201cTabiat, tarihin hi\u00e7bir d\u00f6neminde son ikiy\u00fcz y\u0131lda oldu\u011fu kadar tahribata u\u011framad\u0131 ve insanlar aras\u0131ndaki dengesizlik hi\u00e7 bu kadar b\u00fcy\u00fck olmad\u0131. Modern insan kendini adeta ilahla\u015ft\u0131r\u0131rken, kalan her \u015feyi ara\u00e7salla\u015ft\u0131rd\u0131. Tabiat da, kalk\u0131nma konusunda geri kalm\u0131\u015f \u00fclkelerdeki insanlar da sadece \u00fcretime dahil edilerek k\u00e2r\u0131 maksimize etmeye yarayan kaynaklar olarak alg\u0131lanmaya ba\u015fland\u0131. Her \u015fey ve herkese kaynak oldu\u011fu kadar \u00f6nem verildi, de\u011fer atfedildi. \u0130\u015fte bu sebeple, yanl\u0131\u015f anlay\u0131\u015flar ve temeller \u00fczerine in\u015fa edilecek hi\u00e7bir y\u00f6ntemin ba\u015far\u0131l\u0131 olamayaca\u011f\u0131na; \u2019S\u00fcrd\u00fcr\u00fclemez\u2019 politikalarla \u2019s\u00fcrd\u00fcr\u00fclebilir bir sistem olu\u015fturulamayaca\u011f\u0131na inan\u0131yorum.\u201d<\/p>\n<p>\u0130nsanla tabiat, insanla insan ve insanla toplum aras\u0131ndaki ili\u015fkileri ve devletleraras\u0131 ili\u015fkileri sa\u011fl\u0131kl\u0131 bir \u015fekilde yeniden kurgulayacak bir s\u00f6ylem geli\u015ftirilmek zorunda olundu\u011funa vurgu yapan \u015eentop, \u201c\u0130nsan\u0131, sadece ve sadece insan olarak merkeze almad\u0131\u011f\u0131m\u0131z hi\u00e7bir yakla\u015f\u0131m kal\u0131c\u0131 bir \u00e7\u00f6z\u00fcm \u00fcretmeyecektir. D\u00fcnyada ger\u00e7ekten ne olup bitti\u011fini samimiyetle ve empatiyle anlamaya \u00e7al\u0131\u015fmazsak, ba\u015fka devletlere, halklara, b\u00fct\u00fcn d\u00fcnya insanlar\u0131na \u00e7\u0131kar elde etme amac\u0131 d\u0131\u015f\u0131nda bizim gibi Adem ve Havva\u2019n\u0131n e\u015fit \u00e7ocuklar\u0131 olarak bakamazsak, \u2019S\u00fcrd\u00fcr\u00fclebilir Kalk\u0131nma\u2019 retori\u011fi ile kendi kendimizi avutur ve aldat\u0131r dururuz. \u015eunu unutmamal\u0131y\u0131z. K\u00fcreselle\u015fme, insanlar\u0131 da, devletleri de, ekonomileri de birbirine s\u0131k\u0131 s\u0131k\u0131ya ba\u011f\u0131ml\u0131 hale getirdi\u201d diye konu\u015ftu.<\/p>\n<p>TBMM Ba\u015fkan\u0131 \u015eentop, konu\u015fmas\u0131nda \u015fu mesajlar\u0131 verdi:<\/p>\n<p>\u201cD\u00fcnyay\u0131 her birimiz i\u00e7in ya\u015fan\u0131r k\u0131labilmek, ancak b\u00fct\u00fcn insanlar i\u00e7in ya\u015fanabilir bir d\u00fcnya kurmaktan ge\u00e7iyor. E\u011fer ba\u015fka \u00fclkelerde bar\u0131\u015f yoksa, asgari insani \u015fartlarda hayat s\u00fcrmek m\u00fcmk\u00fcn de\u011filse, hi\u00e7birimiz kendi evimizde huzurlu olamay\u0131z, olamayaca\u011f\u0131z. T\u00fcrkiye olarak, sahip oldu\u011fumuz kadim medeniyetin benimsedi\u011fi \u2019\u0130nsan\u0131 Ya\u015fat ki Devlet Ya\u015fas\u0131n\u2019 ilkesini sizinle payla\u015fmak istiyorum. Bu felsefenin b\u00fct\u00fcn insanl\u0131\u011f\u0131n huzuru ve kurtulu\u015funa \u00e7are olabilece\u011fine inan\u0131yorum. Bu anlay\u0131\u015f\u0131m\u0131z\u0131 \u2019\u0130nsan\u0131 Ya\u015fat ki D\u00fcnya Ya\u015fas\u0131n\u2019 \u015feklinde ifade etmenin yerinde ve anlaml\u0131 oldu\u011funu d\u00fc\u015f\u00fcn\u00fcyorum.\u201d<\/p>\n","protected":false},"excerpt":{"rendered":"<p>TBMM BA\u015eKANI MUSTAFA \u015eENTOP, JAPONYA\u2019NIN BA\u015eKENT\u0130 TOKYO\u2019DA GER\u00c7EKLE\u015eT\u0130R\u0130LEN G20 PARLAMENTO BA\u015eKANLARI Z\u0130RVES\u0130NDE, B\u0130RLE\u015eM\u0130\u015e M\u0130LLETLER\u2019\u0130 (BM) ELE\u015eT\u0130R\u0130RKEN, G20 \u00dcLKELER\u0130NE DE, \u201cS\u0130Z\u0130N DE Y\u00dcK\u00dcML\u00dcL\u00dcKLER\u0130N\u0130Z VAR\u201d UYARISINDA BULUNDU.<\/p>\n","protected":false},"author":1,"featured_media":223643,"comment_status":"closed","ping_status":"open","sticky":false,"template":"","format":"standard","meta":{"jetpack_post_was_ever_published":false,"_jetpack_newsletter_access":"","_jetpack_dont_email_post_to_subs":false,"_jetpack_newsletter_tier_id":0,"_jetpack_memberships_contains_paywalled_content":false,"_jetpack_memberships_contains_paid_content":false,"footnotes":"","jetpack_publicize_message":"","jetpack_publicize_feature_enabled":true,"jetpack_social_post_already_shared":true,"jetpack_social_options":{"image_generator_settings":{"template":"highway","default_image_id":0,"font":"","enabled":false},"version":2}},"categories":[10],"tags":[216,4789,16746,35731,23110,19994,3424,3969],"class_list":["post-223642","post","type-post","status-publish","format-standard","has-post-thumbnail","hentry","category-dunya","tag-baskani","tag-baskanlari","tag-elestirisi","tag-g20","tag-parlamento","tag-sentoptan","tag-tbmm","tag-zirvesinde"],"jetpack_publicize_connections":[],"jetpack_featured_media_url":"https:\/\/i0.wp.com\/www.tvturk.com\/wp-content\/uploads\/2019\/11\/tbmm-baskani-sentoptan-g20-parlamento-baskanlari-zirvesinde-bm-ve-g20-elestirisi_340d84f.jpg?fit=1000%2C666","jetpack_sharing_enabled":true,"jetpack_shortlink":"https:\/\/wp.me\/paKIfm-Wb8","_links":{"self":[{"href":"http:\/\/www.tvturk.com\/index.php\/wp-json\/wp\/v2\/posts\/223642","targetHints":{"allow":["GET"]}}],"collection":[{"href":"http:\/\/www.tvturk.com\/index.php\/wp-json\/wp\/v2\/posts"}],"about":[{"href":"http:\/\/www.tvturk.com\/index.php\/wp-json\/wp\/v2\/types\/post"}],"author":[{"embeddable":true,"href":"http:\/\/www.tvturk.com\/index.php\/wp-json\/wp\/v2\/users\/1"}],"replies":[{"embeddable":true,"href":"http:\/\/www.tvturk.com\/index.php\/wp-json\/wp\/v2\/comments?post=223642"}],"version-history":[{"count":0,"href":"http:\/\/www.tvturk.com\/index.php\/wp-json\/wp\/v2\/posts\/223642\/revisions"}],"wp:featuredmedia":[{"embeddable":true,"href":"http:\/\/www.tvturk.com\/index.php\/wp-json\/wp\/v2\/media\/223643"}],"wp:attachment":[{"href":"http:\/\/www.tvturk.com\/index.php\/wp-json\/wp\/v2\/media?parent=223642"}],"wp:term":[{"taxonomy":"category","embeddable":true,"href":"http:\/\/www.tvturk.com\/index.php\/wp-json\/wp\/v2\/categories?post=223642"},{"taxonomy":"post_tag","embeddable":true,"href":"http:\/\/www.tvturk.com\/index.php\/wp-json\/wp\/v2\/tags?post=223642"}],"curies":[{"name":"wp","href":"https:\/\/api.w.org\/{rel}","templated":true}]}}