{"id":223682,"date":"2019-11-04T13:47:22","date_gmt":"2019-11-04T10:47:22","guid":{"rendered":"http:\/\/www.tvturk.com\/index.php\/galatasaraya-alman-hakem\/"},"modified":"2019-11-04T13:47:22","modified_gmt":"2019-11-04T10:47:22","slug":"galatasaraya-alman-hakem","status":"publish","type":"post","link":"http:\/\/www.tvturk.com\/index.php\/galatasaraya-alman-hakem\/","title":{"rendered":"Galatasaray\u2019a Alman hakem"},"content":{"rendered":"<p>Galatasaray\u2019\u0131n \u015eampiyonlar Ligi\u2019nde deplasmanda Real Madrid ile oynayaca\u011f\u0131 ma\u00e7\u0131 Almanya Futbol Federasyonu\u2019ndan Felix Zwayer y\u00f6netecek.<\/p>\n<p>UEFA \u015eampiyonlar Ligi A Grubu d\u00f6rd\u00fcnc\u00fc ma\u00e7\u0131nda Galatasaray\u2019\u0131n 6 Kas\u0131m \u00c7ar\u015famba g\u00fcn\u00fc deplasmanda Real Madrid ile oynayaca\u011f\u0131 kar\u015f\u0131la\u015fmada Alman hakem Felix Zwayer d\u00fcd\u00fck \u00e7alacak. Santiago Bernabeu\u2019da saat 23.00\u2019de ba\u015flayacak m\u00fccadelede Zwayer\u2019in yard\u0131mc\u0131l\u0131klar\u0131n\u0131 Thorsten Schiffner ve Marco Achm\u00fcller yapacak. M\u00fcsabakan\u0131n d\u00f6rd\u00fcnc\u00fc hakemi ise Patrick Ittrich olacak.<\/p>\n","protected":false},"excerpt":{"rendered":"<p>GALATASARAY&#8217;IN \u015eAMP\u0130YONLAR L\u0130G\u0130&#8217;NDE DEPLASMANDA REAL MADR\u0130D \u0130LE OYNAYACA\u011eI MA\u00c7I ALMANYA FUTBOL FEDERASYONU&#8217;NDAN FEL\u0130X ZWAYER Y\u00d6NETECEK.<\/p>\n","protected":false},"author":1,"featured_media":223683,"comment_status":"closed","ping_status":"open","sticky":false,"template":"","format":"standard","meta":{"jetpack_post_was_ever_published":false,"_jetpack_newsletter_access":"","_jetpack_dont_email_post_to_subs":false,"_jetpack_newsletter_tier_id":0,"_jetpack_memberships_contains_paywalled_content":false,"_jetpack_memberships_contains_paid_content":false,"footnotes":"","jetpack_publicize_message":"","jetpack_publicize_feature_enabled":true,"jetpack_social_post_already_shared":true,"jetpack_social_options":{"image_generator_settings":{"template":"highway","default_image_id":0,"font":"","enabled":false},"version":2}},"categories":[657],"tags":[2536,21285,1151],"class_list":["post-223682","post","type-post","status-publish","format-standard","has-post-thumbnail","hentry","category-spor","tag-alman","tag-galatasaraya","tag-hakem"],"jetpack_publicize_connections":[],"jetpack_featured_media_url":"https:\/\/i0.wp.com\/www.tvturk.com\/wp-content\/uploads\/2019\/11\/galatasaraya-alman-hakem_de77400.jpg?fit=1000%2C698","jetpack_sharing_enabled":true,"jetpack_shortlink":"https:\/\/wp.me\/paKIfm-WbM","_links":{"self":[{"href":"http:\/\/www.tvturk.com\/index.php\/wp-json\/wp\/v2\/posts\/223682","targetHints":{"allow":["GET"]}}],"collection":[{"href":"http:\/\/www.tvturk.com\/index.php\/wp-json\/wp\/v2\/posts"}],"about":[{"href":"http:\/\/www.tvturk.com\/index.php\/wp-json\/wp\/v2\/types\/post"}],"author":[{"embeddable":true,"href":"http:\/\/www.tvturk.com\/index.php\/wp-json\/wp\/v2\/users\/1"}],"replies":[{"embeddable":true,"href":"http:\/\/www.tvturk.com\/index.php\/wp-json\/wp\/v2\/comments?post=223682"}],"version-history":[{"count":0,"href":"http:\/\/www.tvturk.com\/index.php\/wp-json\/wp\/v2\/posts\/223682\/revisions"}],"wp:featuredmedia":[{"embeddable":true,"href":"http:\/\/www.tvturk.com\/index.php\/wp-json\/wp\/v2\/media\/223683"}],"wp:attachment":[{"href":"http:\/\/www.tvturk.com\/index.php\/wp-json\/wp\/v2\/media?parent=223682"}],"wp:term":[{"taxonomy":"category","embeddable":true,"href":"http:\/\/www.tvturk.com\/index.php\/wp-json\/wp\/v2\/categories?post=223682"},{"taxonomy":"post_tag","embeddable":true,"href":"http:\/\/www.tvturk.com\/index.php\/wp-json\/wp\/v2\/tags?post=223682"}],"curies":[{"name":"wp","href":"https:\/\/api.w.org\/{rel}","templated":true}]}}