{"id":223724,"date":"2019-11-04T14:46:33","date_gmt":"2019-11-04T11:46:33","guid":{"rendered":"http:\/\/www.tvturk.com\/index.php\/bitkisel-urunler-icin-sigorta-zamani\/"},"modified":"2019-11-04T14:46:33","modified_gmt":"2019-11-04T11:46:33","slug":"bitkisel-urunler-icin-sigorta-zamani","status":"publish","type":"post","link":"http:\/\/www.tvturk.com\/index.php\/bitkisel-urunler-icin-sigorta-zamani\/","title":{"rendered":"Bitkisel \u00fcr\u00fcnler i\u00e7in sigorta zaman\u0131"},"content":{"rendered":"<p>TARS\u0130M, 2020 y\u0131l\u0131 \u00fcretim sezonu i\u00e7in, Bitkisel \u00dcr\u00fcn Sigortas\u0131 ve \u0130l\u00e7e Bazl\u0131 Kurakl\u0131k Verim Sigortas\u0131 (\u0130BKVS) poli\u00e7elerinin, 4 Kas\u0131m\u2019dan itibaren yetkili acenteler arac\u0131l\u0131\u011f\u0131yla d\u00fczenlenebilece\u011fini duyurdu.<\/p>\n<p>Tar\u0131m Sigortalar\u0131 Havuzu\u2019ndan (TARS\u0130M) yap\u0131lan a\u00e7\u0131klamada, 2020 y\u0131l\u0131 \u00fcretim sezonu i\u00e7in, Bitkisel \u00dcr\u00fcn Sigortas\u0131 ve \u0130l\u00e7e Bazl\u0131 Kurakl\u0131k Verim Sigortas\u0131 (\u0130BKVS) poli\u00e7elerinin, 4 Kas\u0131m\u2019dan itibaren yetkili acenteler arac\u0131l\u0131\u011f\u0131yla d\u00fczenlenebilece\u011fi bildirildi.<\/p>\n<p>A\u00e7\u0131klamada, tar\u0131msal faaliyetlerin, y\u00fcksek d\u00fczeyde risk alt\u0131nda oldu\u011funun alt\u0131 \u00e7izilerek; son y\u0131llarda dolu, f\u0131rt\u0131na ve sel-su bask\u0131n\u0131 gibi meteorolojik afetlerle daha s\u0131k kar\u015f\u0131la\u015f\u0131ld\u0131\u011f\u0131 ve etkilerinin daha y\u0131k\u0131c\u0131 oldu\u011funa, dikkat \u00e7ekildi. Ayr\u0131ca sigortan\u0131n tar\u0131msal \u00fcretimin mutlak bir par\u00e7as\u0131 haline gelmesi gerekti\u011fi vurgulanarak \u00fcreticilere yeni d\u00f6nem ekili\u015fleri ile ilgili tar\u0131m sigortalar\u0131n\u0131 yapt\u0131rmalar\u0131 konusunda \u00e7a\u011fr\u0131da bulunuldu ve \u015fu ifadelere yer verildi:<\/p>\n<p>\u201c\u00dcreticilerimiz, Tar\u0131m ve Orman Bakanl\u0131\u011f\u0131 nezdindeki \u00c7ift\u00e7i Kay\u0131t Sistemi\u2019ne (\u00c7KS) mutlaka kay\u0131t yapt\u0131rmal\u0131 ya da kay\u0131tlar\u0131n\u0131 g\u00fcncellemelidir. Sonras\u0131nda, Bitkisel \u00dcr\u00fcn Sigortas\u0131 ile \u0130l\u00e7e Bazl\u0131 Kurakl\u0131k Verim Sigortas\u0131 (\u0130BKVS), ilk ve son poli\u00e7e kabul tarihlerini tarsim.gov.tr \u00fczerinden takip ederek, yetkili acenteler arac\u0131l\u0131\u011f\u0131yla tar\u0131m sigortalar\u0131n\u0131 kolayl\u0131kla yapt\u0131rabilirler. Ayr\u0131ca meyve \u00fcreticilerimizin, dolu paketi teminatlar\u0131na ilaveten iste\u011fe ba\u011fl\u0131 olarak don teminat\u0131 da alabildi\u011fini hat\u0131rlatmak isteriz.<\/p>\n<p>Sigorta yapt\u0131r\u0131l\u0131rken, poli\u00e7e ile eklerinin mutlaka okunmas\u0131n\u0131, teslim al\u0131nmas\u0131n\u0131, acente yetkililerinden poli\u00e7enin kapsam\u0131 ve hasar an\u0131nda yap\u0131lmas\u0131 gerekenler hakk\u0131nda ayr\u0131nt\u0131l\u0131 bilgi edinilmesini ve anla\u015f\u0131lmayan noktalar\u0131n dan\u0131\u015f\u0131lmas\u0131n\u0131 tavsiye ediyoruz. Bitkisel \u00dcr\u00fcn Sigortas\u0131nda poli\u00e7ede yaz\u0131l\u0131 primin y\u00fczde 50\u2019si, \u0130l\u00e7e Bazl\u0131 Kurakl\u0131k Verim Sigortas\u0131\u2019nda primin y\u00fczde 60\u2019\u0131, meyvelerde ise don teminat\u0131 priminin y\u00fczde 67\u2019si Devlet taraf\u0131ndan kar\u015f\u0131lan\u0131yor. \u00d6demelerde \u00e7e\u015fitli kolayl\u0131klar ve indirimler de sunuluyor. \u00dcreticilerimize bereketli ve hasars\u0131z bir \u00fcretim sezonu temenni ederiz.\u201d<\/p>\n","protected":false},"excerpt":{"rendered":"<p>TARS\u0130M, 2020 YILI \u00dcRET\u0130M SEZONU \u0130\u00c7\u0130N, B\u0130TK\u0130SEL \u00dcR\u00dcN S\u0130GORTASI VE \u0130L\u00c7E BAZLI KURAKLIK VER\u0130M S\u0130GORTASI (\u0130BKVS) POL\u0130\u00c7ELER\u0130N\u0130N, 4 KASIM\u2019DAN \u0130T\u0130BAREN YETK\u0130L\u0130 ACENTELER ARACILI\u011eIYLA D\u00dcZENLENEB\u0130LECE\u011e\u0130N\u0130 DUYURDU.<\/p>\n","protected":false},"author":1,"featured_media":223725,"comment_status":"closed","ping_status":"open","sticky":false,"template":"","format":"standard","meta":{"jetpack_post_was_ever_published":false,"_jetpack_newsletter_access":"","_jetpack_dont_email_post_to_subs":false,"_jetpack_newsletter_tier_id":0,"_jetpack_memberships_contains_paywalled_content":false,"_jetpack_memberships_contains_paid_content":false,"footnotes":"","jetpack_publicize_message":"","jetpack_publicize_feature_enabled":true,"jetpack_social_post_already_shared":true,"jetpack_social_options":{"image_generator_settings":{"template":"highway","default_image_id":0,"font":"","enabled":false},"version":2}},"categories":[19],"tags":[299,18661,44,13756,3950],"class_list":["post-223724","post","type-post","status-publish","format-standard","has-post-thumbnail","hentry","category-ekonomi","tag-sigorta","tag-bitkisel","tag-icin","tag-urunler","tag-zamani"],"jetpack_publicize_connections":[],"jetpack_featured_media_url":"https:\/\/i0.wp.com\/www.tvturk.com\/wp-content\/uploads\/2019\/11\/bitkisel-urunler-icin-sigorta-zamani_15416f7.jpg?fit=1000%2C750","jetpack_sharing_enabled":true,"jetpack_shortlink":"https:\/\/wp.me\/paKIfm-Wcs","_links":{"self":[{"href":"http:\/\/www.tvturk.com\/index.php\/wp-json\/wp\/v2\/posts\/223724","targetHints":{"allow":["GET"]}}],"collection":[{"href":"http:\/\/www.tvturk.com\/index.php\/wp-json\/wp\/v2\/posts"}],"about":[{"href":"http:\/\/www.tvturk.com\/index.php\/wp-json\/wp\/v2\/types\/post"}],"author":[{"embeddable":true,"href":"http:\/\/www.tvturk.com\/index.php\/wp-json\/wp\/v2\/users\/1"}],"replies":[{"embeddable":true,"href":"http:\/\/www.tvturk.com\/index.php\/wp-json\/wp\/v2\/comments?post=223724"}],"version-history":[{"count":0,"href":"http:\/\/www.tvturk.com\/index.php\/wp-json\/wp\/v2\/posts\/223724\/revisions"}],"wp:featuredmedia":[{"embeddable":true,"href":"http:\/\/www.tvturk.com\/index.php\/wp-json\/wp\/v2\/media\/223725"}],"wp:attachment":[{"href":"http:\/\/www.tvturk.com\/index.php\/wp-json\/wp\/v2\/media?parent=223724"}],"wp:term":[{"taxonomy":"category","embeddable":true,"href":"http:\/\/www.tvturk.com\/index.php\/wp-json\/wp\/v2\/categories?post=223724"},{"taxonomy":"post_tag","embeddable":true,"href":"http:\/\/www.tvturk.com\/index.php\/wp-json\/wp\/v2\/tags?post=223724"}],"curies":[{"name":"wp","href":"https:\/\/api.w.org\/{rel}","templated":true}]}}