{"id":223742,"date":"2019-11-04T15:16:58","date_gmt":"2019-11-04T12:16:58","guid":{"rendered":"http:\/\/www.tvturk.com\/index.php\/adanada-dunyanin-en-buyuk-makasi-rekoru\/"},"modified":"2019-11-04T15:16:58","modified_gmt":"2019-11-04T12:16:58","slug":"adanada-dunyanin-en-buyuk-makasi-rekoru","status":"publish","type":"post","link":"http:\/\/www.tvturk.com\/index.php\/adanada-dunyanin-en-buyuk-makasi-rekoru\/","title":{"rendered":"Adana\u2019da \u2019D\u00fcnya\u2019n\u0131n En B\u00fcy\u00fck Makas\u0131\u2019 rekoru"},"content":{"rendered":"<p>Adana\u2019da Tekba\u015f City\u2019nin a\u00e7\u0131l\u0131\u015f kurdelas\u0131 \u2019D\u00fcnyan\u0131n En B\u00fcy\u00fck Makas\u0131\u2019yla kesildi. Binlerce ki\u015finin kat\u0131ld\u0131\u011f\u0131 t\u00f6renle 3.01 metre b\u00fcy\u00fckl\u00fc\u011f\u00fcndeki makas, Guinnes World Records\u2019a girdi.<\/p>\n<p>Adana\u2019da Ya\u015fam Merkezi Tekba\u015f City\u2019nin a\u00e7\u0131l\u0131\u015f kurdelas\u0131 \u2019D\u00fcnyan\u0131n En B\u00fcy\u00fck Makas\u0131\u2019yla kesildi. T\u00fcm konuklar\u0131n huzurunda ger\u00e7ekle\u015fen rekor denemesi Guinness World Record T\u00fcrkiye temsilcisi ve hakemi \u015eeyda Suba\u015f\u0131 Gemici taraf\u0131ndan tescil edildi. Heyecanl\u0131 anlar\u0131n ya\u015fand\u0131\u011f\u0131 rekor denemesini bekleyen konuklar, rekorun k\u0131r\u0131lmas\u0131n\u0131 b\u00fcy\u00fck co\u015fkuyla kar\u015f\u0131lad\u0131. Guinnes rekorunu 3.01 metre b\u00fcy\u00fckl\u00fc\u011f\u00fcnde, d\u00fcnyan\u0131n en b\u00fcy\u00fck makas\u0131yla k\u0131ran Tekba\u015f Grup, t\u00f6ren sonunda sevincini t\u00fcm konuklar\u0131 ve \u00e7al\u0131\u015fanlar\u0131yla payla\u015ft\u0131.<\/p>\n<p>A\u00e7\u0131l\u0131\u015fa Adana B\u00fcy\u00fck\u015fehir Belediye Ba\u015fkan\u0131 Zeydan Karalar, AK Parti Adana Milletvekili Tamer Da\u011fl\u0131, CHP Adana Milletvekilleri Burhanettin Bulut, Orhan S\u00fcmer, Adana Ticaret Odas\u0131 Ba\u015fkan\u0131 Atilla Menev\u015fe, Adana Sanayi Odas\u0131 Ba\u015fkan\u0131 Zeki K\u0131van\u00e7, Adana Ticaret Borsas\u0131 Ba\u015fkan\u0131 \u015eahin Bilgi\u00e7, Adana Hac\u0131 Sabanc\u0131 Organize Sanayi Ba\u015fkan\u0131 Bekir S\u00fct\u00e7\u00fc, Adana Sanayi  Odas\u0131 Meclis Ba\u015fkan\u0131 \u0130srafil U\u00e7urum, Adana Ticaret Odas\u0131 Meclis Ba\u015fkan\u0131 \u0130smail Ac\u0131, \u00c7ukurova Gen\u00e7 \u0130\u015fadamlar\u0131 Derne\u011fi Ba\u015fkan\u0131 \u00d6mer Faruk Sakarya,  Adana Sanayici ve \u0130\u015fadamlar\u0131 Derne\u011fi Ba\u015fkan\u0131 S\u00fcleyman S\u00f6nmez, \u0130Y\u0130 Parti  \u0130l Ba\u015fkan\u0131 G\u00f6kt\u00fcrk  Boyvadao\u011flu, STK temsilcileri, i\u015f insanlar\u0131 ve Tekba\u015f City sakinlerinin kat\u0131ld\u0131\u011f\u0131 t\u00f6rene Adanal\u0131lar b\u00fcy\u00fck ilgi g\u00f6sterdi.<\/p>\n<p>Adana B\u00fcy\u00fck\u015fehir Belediye Ba\u015fkan\u0131 Zeydan Karalar \u015f\u00f6yle konu\u015ftu: &#8220;Bu proje gibi \u00f6rnek projelerde t\u00fcm detaylara \u00f6zen g\u00f6sterip, \u00f6zellikle ye\u015fil alan konusunda bu kadar hassas davranan m\u00fcteahhitleri desteklememiz laz\u0131m. Tekba\u015f Yap\u0131 y\u00f6neticilerini hem ba\u015far\u0131l\u0131 projelerinden hem de Adana\u2019ya kazand\u0131rd\u0131klar\u0131 Guinness Rekor\u2019undan dolay\u0131 kutluyorum\u2019\u2019.<\/p>\n<p>Tekba\u015f \u015eirketler Grubu Y\u00f6netim Kurulu \u00dcyesi Ege ba\u015f, a\u00e7\u0131l\u0131\u015f t\u00f6reninde yapt\u0131\u011f\u0131 konu\u015fmada, \u2019\u2019Ge\u00e7mi\u015ften g\u00fcn\u00fcm\u00fcze farkl\u0131 ve yenilik\u00e7i d\u00fc\u015f\u00fcnce yap\u0131s\u0131n\u0131 oda\u011f\u0131na koymu\u015f olan grubumuz; her zaman yapt\u0131\u011f\u0131 i\u015flerden keyif alarak, a\u015fkla i\u015f yapmay\u0131 ilke edinmi\u015f bir kurulu\u015ftur. Bu proje de bu ekibin en g\u00fczel eserlerinden biri olmu\u015ftur. Grubumuzun yapt\u0131\u011f\u0131 her i\u015fte oldu\u011fu gibi bu projesindeki g\u00fcveniniz bize g\u00fc\u00e7 verdi. Bu mutlu g\u00fcn\u00fcm\u00fczde bizi yaln\u0131z b\u0131rakmayan \u00e7al\u0131\u015fma arkada\u015flar\u0131m\u0131za, dostlar\u0131m\u0131za, eme\u011fi ge\u00e7en b\u00fct\u00fcn ustalar\u0131m\u0131za ve ta\u015feronlar\u0131m\u0131za da te\u015fekk\u00fcr ediyorum. Projenin birinci etab\u0131n\u0131 b\u00fcy\u00fckl\u00fc\u011f\u00fcne yak\u0131\u015f\u0131r bir \u015fekilde, d\u00fcnyan\u0131n en b\u00fcy\u00fck makas\u0131yla a\u00e7\u0131yoruz. Guiness rekorunu k\u0131rd\u0131\u011f\u0131m\u0131z bu tarihi anda sizleri yan\u0131m\u0131zda g\u00f6rmekten onur duyuyoruz. Tekba\u015f City\u2019nin ad\u0131n\u0131 bug\u00fcn hep birlikte tarihe kaz\u0131yoruz. Bize verdi\u011finiz g\u00fc\u00e7le Adana\u2019ya ve bu g\u00fczel \u00fclkeye yat\u0131r\u0131mlar yapmaya devam edece\u011fiz\u2019\u2019 \u015feklinde konu\u015ftu.<\/p>\n","protected":false},"excerpt":{"rendered":"<p>ADANA&#8217;DA TEKBA\u015e C\u0130TY\u2019N\u0130N A\u00c7ILI\u015e KURDELASI &#8216;D\u00dcNYANIN EN B\u00dcY\u00dcK MAKASI&#8217;YLA KES\u0130LD\u0130. B\u0130NLERCE K\u0130\u015e\u0130N\u0130N KATILDI\u011eI T\u00d6RENLE 3.01 METRE B\u00dcY\u00dcKL\u00dc\u011e\u00dcNDEK\u0130 MAKAS, GU\u0130NNES WORLD RECORDS&#8217;A G\u0130RD\u0130.<\/p>\n","protected":false},"author":1,"featured_media":223743,"comment_status":"closed","ping_status":"open","sticky":false,"template":"","format":"standard","meta":{"jetpack_post_was_ever_published":false,"_jetpack_newsletter_access":"","_jetpack_dont_email_post_to_subs":false,"_jetpack_newsletter_tier_id":0,"_jetpack_memberships_contains_paywalled_content":false,"_jetpack_memberships_contains_paid_content":false,"footnotes":"","jetpack_publicize_message":"","jetpack_publicize_feature_enabled":true,"jetpack_social_post_already_shared":true,"jetpack_social_options":{"image_generator_settings":{"template":"highway","default_image_id":0,"font":"","enabled":false},"version":2}},"categories":[1],"tags":[2887,545,1197,52868,6268],"class_list":["post-223742","post","type-post","status-publish","format-standard","has-post-thumbnail","hentry","category-genel","tag-adanada","tag-buyuk","tag-dunyanin","tag-makasi","tag-rekoru"],"jetpack_publicize_connections":[],"jetpack_featured_media_url":"https:\/\/i0.wp.com\/www.tvturk.com\/wp-content\/uploads\/2019\/11\/adanada-dunyanin-en-buyuk-makasi-rekoru_e69969d.jpg?fit=1000%2C509","jetpack_sharing_enabled":true,"jetpack_shortlink":"https:\/\/wp.me\/paKIfm-WcK","_links":{"self":[{"href":"http:\/\/www.tvturk.com\/index.php\/wp-json\/wp\/v2\/posts\/223742","targetHints":{"allow":["GET"]}}],"collection":[{"href":"http:\/\/www.tvturk.com\/index.php\/wp-json\/wp\/v2\/posts"}],"about":[{"href":"http:\/\/www.tvturk.com\/index.php\/wp-json\/wp\/v2\/types\/post"}],"author":[{"embeddable":true,"href":"http:\/\/www.tvturk.com\/index.php\/wp-json\/wp\/v2\/users\/1"}],"replies":[{"embeddable":true,"href":"http:\/\/www.tvturk.com\/index.php\/wp-json\/wp\/v2\/comments?post=223742"}],"version-history":[{"count":0,"href":"http:\/\/www.tvturk.com\/index.php\/wp-json\/wp\/v2\/posts\/223742\/revisions"}],"wp:featuredmedia":[{"embeddable":true,"href":"http:\/\/www.tvturk.com\/index.php\/wp-json\/wp\/v2\/media\/223743"}],"wp:attachment":[{"href":"http:\/\/www.tvturk.com\/index.php\/wp-json\/wp\/v2\/media?parent=223742"}],"wp:term":[{"taxonomy":"category","embeddable":true,"href":"http:\/\/www.tvturk.com\/index.php\/wp-json\/wp\/v2\/categories?post=223742"},{"taxonomy":"post_tag","embeddable":true,"href":"http:\/\/www.tvturk.com\/index.php\/wp-json\/wp\/v2\/tags?post=223742"}],"curies":[{"name":"wp","href":"https:\/\/api.w.org\/{rel}","templated":true}]}}