{"id":223754,"date":"2019-11-04T15:32:56","date_gmt":"2019-11-04T12:32:56","guid":{"rendered":"http:\/\/www.tvturk.com\/index.php\/denizlispor-besiktas-maci-hazirliklarina-ara-vermeden-basladi\/"},"modified":"2019-11-04T15:32:56","modified_gmt":"2019-11-04T12:32:56","slug":"denizlispor-besiktas-maci-hazirliklarina-ara-vermeden-basladi","status":"publish","type":"post","link":"http:\/\/www.tvturk.com\/index.php\/denizlispor-besiktas-maci-hazirliklarina-ara-vermeden-basladi\/","title":{"rendered":"Denizlispor, Be\u015fikta\u015f ma\u00e7\u0131 haz\u0131rl\u0131klar\u0131na ara vermeden ba\u015flad\u0131"},"content":{"rendered":"<p>Denizlispor hafta sonu al\u0131nan 2-0\u2019l\u0131k Sivasspor yenilgisinin ard\u0131ndan bu hafta sonu deplasmanda oynayaca\u011f\u0131 Be\u015fikta\u015f ma\u00e7\u0131n\u0131n haz\u0131rl\u0131klar\u0131na ara vermeden ba\u015flad\u0131.<\/p>\n<p>Antrenman Haluk Ulusoy Tesisleri\u2019nde Teknik Direkt\u00f6r Mehmet \u00d6zdilek g\u00f6zetiminde yap\u0131ld\u0131. Eksiksiz yap\u0131lan antrenmanda Oscar Estupinan tak\u0131mdan ayr\u0131 \u00e7al\u0131\u015f\u0131rken, kart cezas\u0131 biten Sapunaru ve Rodallega tak\u0131mla \u00e7al\u0131\u015fmalara kat\u0131ld\u0131.<\/p>\n<p>Denizlispor, deplasmanda Be\u015fikta\u015f ile 10 Kas\u0131m Pazar g\u00fcn\u00fc kar\u015f\u0131la\u015fmaya \u00e7\u0131kacak.<\/p>\n","protected":false},"excerpt":{"rendered":"<p>DEN\u0130ZL\u0130SPOR HAFTA SONU ALINAN 2-0\u2019LIK S\u0130VASSPOR YEN\u0130LG\u0130S\u0130N\u0130N ARDINDAN BU HAFTA SONU DEPLASMANDA OYNAYACA\u011eI BE\u015e\u0130KTA\u015e MA\u00c7ININ HAZIRLIKLARINA ARA VERMEDEN BA\u015eLADI.<\/p>\n","protected":false},"author":1,"featured_media":223755,"comment_status":"closed","ping_status":"open","sticky":false,"template":"","format":"standard","meta":{"jetpack_post_was_ever_published":false,"_jetpack_newsletter_access":"","_jetpack_dont_email_post_to_subs":false,"_jetpack_newsletter_tier_id":0,"_jetpack_memberships_contains_paywalled_content":false,"_jetpack_memberships_contains_paid_content":false,"footnotes":"","jetpack_publicize_message":"","jetpack_publicize_feature_enabled":true,"jetpack_social_post_already_shared":true,"jetpack_social_options":{"image_generator_settings":{"template":"highway","default_image_id":0,"font":"","enabled":false},"version":2}},"categories":[657],"tags":[112,55,2864,6694,778,777,13491],"class_list":["post-223754","post","type-post","status-publish","format-standard","has-post-thumbnail","hentry","category-spor","tag-ara","tag-basladi","tag-besiktas","tag-denizlispor","tag-hazirliklarina","tag-maci","tag-vermeden"],"jetpack_publicize_connections":[],"jetpack_featured_media_url":"https:\/\/i0.wp.com\/www.tvturk.com\/wp-content\/uploads\/2019\/11\/denizlispor-besiktas-maci-hazirliklarina-ara-vermeden-basladi_6fbc83c.jpg?fit=1000%2C667","jetpack_sharing_enabled":true,"jetpack_shortlink":"https:\/\/wp.me\/paKIfm-WcW","_links":{"self":[{"href":"http:\/\/www.tvturk.com\/index.php\/wp-json\/wp\/v2\/posts\/223754","targetHints":{"allow":["GET"]}}],"collection":[{"href":"http:\/\/www.tvturk.com\/index.php\/wp-json\/wp\/v2\/posts"}],"about":[{"href":"http:\/\/www.tvturk.com\/index.php\/wp-json\/wp\/v2\/types\/post"}],"author":[{"embeddable":true,"href":"http:\/\/www.tvturk.com\/index.php\/wp-json\/wp\/v2\/users\/1"}],"replies":[{"embeddable":true,"href":"http:\/\/www.tvturk.com\/index.php\/wp-json\/wp\/v2\/comments?post=223754"}],"version-history":[{"count":0,"href":"http:\/\/www.tvturk.com\/index.php\/wp-json\/wp\/v2\/posts\/223754\/revisions"}],"wp:featuredmedia":[{"embeddable":true,"href":"http:\/\/www.tvturk.com\/index.php\/wp-json\/wp\/v2\/media\/223755"}],"wp:attachment":[{"href":"http:\/\/www.tvturk.com\/index.php\/wp-json\/wp\/v2\/media?parent=223754"}],"wp:term":[{"taxonomy":"category","embeddable":true,"href":"http:\/\/www.tvturk.com\/index.php\/wp-json\/wp\/v2\/categories?post=223754"},{"taxonomy":"post_tag","embeddable":true,"href":"http:\/\/www.tvturk.com\/index.php\/wp-json\/wp\/v2\/tags?post=223754"}],"curies":[{"name":"wp","href":"https:\/\/api.w.org\/{rel}","templated":true}]}}