{"id":223762,"date":"2019-11-04T15:47:01","date_gmt":"2019-11-04T12:47:01","guid":{"rendered":"http:\/\/www.tvturk.com\/index.php\/msb-tsk-bolgedeki-insanlarin-hangi-din-ve-etnik-kokende-olursa-olsun-yaninda-olmaya-devam-edecektir\/"},"modified":"2019-11-04T15:47:01","modified_gmt":"2019-11-04T12:47:01","slug":"msb-tsk-bolgedeki-insanlarin-hangi-din-ve-etnik-kokende-olursa-olsun-yaninda-olmaya-devam-edecektir","status":"publish","type":"post","link":"http:\/\/www.tvturk.com\/index.php\/msb-tsk-bolgedeki-insanlarin-hangi-din-ve-etnik-kokende-olursa-olsun-yaninda-olmaya-devam-edecektir\/","title":{"rendered":"MSB: &#8220;TSK b\u00f6lgedeki insanlar\u0131n hangi din ve etnik k\u00f6kende olursa olsun yan\u0131nda olmaya devam edecektir&#8221;"},"content":{"rendered":"<p>Milli Savunma Bakanl\u0131\u011f\u0131, T\u00fcrk Silahl\u0131 Kuvvetlerinin Bar\u0131\u015f P\u0131nar\u0131 Harek\u00e2t\u0131 b\u00f6lgesindeki t\u00fcm insanlar\u0131n hangi din ve etnik k\u00f6kende olursa olsun yan\u0131nda olmaya ve onlar\u0131 desteklemeye devam edece\u011fini belirterek, ter\u00f6r bask\u0131s\u0131n\u0131n kalkmas\u0131yla Suriyeli vatanda\u015flar\u0131n g\u00fcvenli \u015fekilde evlerine d\u00f6nmelerinin yolunun a\u00e7\u0131ld\u0131\u011f\u0131n\u0131 bildirdi.<\/p>\n<p>Milli Savunma Bakanl\u0131\u011f\u0131ndan yap\u0131lan a\u00e7\u0131klamada, PKK\/YPG\u2019li ter\u00f6ristlerin bilin\u00e7li \u015fekilde sivil k\u0131yafet giyerek ve sivillerin hayat\u0131n\u0131 hi\u00e7e sayarak haince bir\u00e7ok hastane ve ibadethaneyi silah mevzii ve bar\u0131nak olarak kullanmalar\u0131na ra\u011fmen masum sivillere ve \u00e7evreye zarar vermemek i\u00e7in her t\u00fcrl\u00fc dikkat ve gayretin g\u00f6sterildi\u011fi vurguland\u0131. Bar\u0131\u015f P\u0131nar\u0131 Harek\u00e2t\u0131 ile hedefin sadece ter\u00f6ristler oldu\u011fu belirtilen a\u00e7\u0131klamada \u015fu ifadelere yer verildi:<\/p>\n<p>\u201cBar\u0131\u015f P\u0131nar\u0131 Harek\u00e2t\u0131, b\u00f6lgede bar\u0131\u015f ve istikrar\u0131 sa\u011flamak \u00fczere tamamen ve sadece DEA\u015e ve PKK\/YPG\u2019li ter\u00f6ristlere kar\u015f\u0131 ahlaki de\u011ferler ve uluslararas\u0131 hukuk kurallar\u0131 esas al\u0131narak icra edilmi\u015ftir. PKK\/YPG\u2019li ter\u00f6ristlerin bilin\u00e7li \u015fekilde sivil k\u0131yafet giyerek ve sivillerin hayat\u0131n\u0131 hi\u00e7e sayarak haince bir\u00e7ok hastane ve ibadethaneyi silah mevzii ve bar\u0131nak olarak kullanmalar\u0131na ra\u011fmen masumlara\/sivillere ve \u00e7evreye zarar vermemek i\u00e7in her t\u00fcrl\u00fc dikkat ve gayret g\u00f6sterilmi\u015ftir. Bar\u0131\u015f P\u0131nar\u0131 Harek\u00e2t\u0131 ile PKK\/YPG ter\u00f6r \u00f6rg\u00fct\u00fcn\u00fcn Tel Abyad ve Rasulayn b\u00f6lgelerindeki bask\u0131 ve zulm\u00fc sona erdirilmi\u015f, T\u00fcrkiye\u2019ye s\u0131\u011f\u0131nan Suriyeli karde\u015flerimizin g\u00f6n\u00fcll\u00fc ve g\u00fcvenli olarak evlerine ve topraklar\u0131na d\u00f6nmelerinin yolu a\u00e7\u0131lm\u0131\u015ft\u0131r. May\u0131n\/EYP temizli\u011fi yap\u0131lan ve su-elektrik gibi temel altyap\u0131 \u00e7al\u0131\u015fmalar\u0131 devam eden Tel Abyad ve Resulayn\u2019a b\u00f6lgede ya\u015fayan halk\u0131n d\u00f6n\u00fc\u015fleri ba\u015flam\u0131\u015ft\u0131r. Hayat\u0131n normalle\u015fmeye ba\u015flad\u0131\u011f\u0131 yerle\u015fim yerlerine emniyetli \u015fekilde d\u00f6n\u00fc\u015f i\u00e7in TSK gerekli tedbirleri almaktad\u0131r. Bu insani ve olumlu geli\u015fmelerden rahats\u0131z olan eli kanl\u0131 PKK\/YPG ter\u00f6r \u00f6rg\u00fct\u00fcn\u00fcn ahlaks\u0131zl\u0131\u011fa, yalana ve iftiraya dayal\u0131 kas\u0131tl\u0131 yay\u0131n ve dezenformasyon faaliyetleri yak\u0131ndan takip edilmektedir. Bununla da yetinmeyip masum sivilleri hedef alan bombal\u0131 sald\u0131r\u0131lar\u0131yla su\u00e7\u00fcst\u00fc yakalanan insanl\u0131k d\u00fc\u015fman\u0131 PKK\/YPG ter\u00f6r \u00f6rg\u00fct\u00fc, eylemlerini ve yalanlar\u0131n\u0131 s\u00fcrd\u00fcrse de TSK b\u00f6lge halk\u0131n\u0131n huzur ve g\u00fcvenli\u011fi i\u00e7in \u00e7al\u0131\u015fmalar\u0131na aral\u0131ks\u0131z devam ettirecektir. TSK, b\u00f6lgedeki masum i\u015finde g\u00fcc\u00fcnde t\u00fcm insanlar\u0131n hangi din ve etnik k\u00f6kende olursa olsun yan\u0131nda olmaya ve onlar\u0131 desteklemeye devam edecektir. Bizim m\u00fccadelemiz yaln\u0131zca ter\u00f6ristlerdir.&#8221;<\/p>\n<p>\u00d6te yandan, Bar\u0131\u015f P\u0131nar\u0131 Harekat\u0131 ile ter\u00f6ristlerden temizlenen b\u00f6lgedeki halk\u0131n &#8220;Te\u015fekk\u00fcr ederim, Allah sizi korusun. \u0130n\u015fallah d\u00fc\u015fmanlar\u0131n\u0131za kar\u015f\u0131 kazan\u0131rs\u0131n\u0131z\u201d diyerek T\u00fcrk askerlerine dua etti\u011fi g\u00f6r\u00fcld\u00fc. B\u00f6lge sakinleri, YPG\/PKK temizlendikten sonra huzurun geldi\u011fini dile getirdiler.<\/p>\n","protected":false},"excerpt":{"rendered":"<p>M\u0130LL\u0130 SAVUNMA BAKANLI\u011eINDAN YAPILAN A\u00c7IKLAMADA &#8220;TSK, B\u00d6LGEDEK\u0130 MASUM, \u0130\u015e\u0130NDE G\u00dcC\u00dcNDE T\u00dcM \u0130NSANLARIN HANG\u0130 D\u0130N VE ETN\u0130K K\u00d6KENDE OLURSA OLSUN YANINDA OLMAYA VE ONLARI DESTEKLEMEYE DEVAM EDECEKT\u0130R. B\u0130Z\u0130M M\u00dcCADELEM\u0130Z YALNIZCA TER\u00d6R\u0130STLERD\u0130R\u201d DEN\u0130LD\u0130<\/p>\n","protected":false},"author":1,"featured_media":223763,"comment_status":"closed","ping_status":"open","sticky":false,"template":"","format":"standard","meta":{"jetpack_post_was_ever_published":false,"_jetpack_newsletter_access":"","_jetpack_dont_email_post_to_subs":false,"_jetpack_newsletter_tier_id":0,"_jetpack_memberships_contains_paywalled_content":false,"_jetpack_memberships_contains_paid_content":false,"footnotes":"","jetpack_publicize_message":"","jetpack_publicize_feature_enabled":true,"jetpack_social_post_already_shared":true,"jetpack_social_options":{"image_generator_settings":{"template":"highway","default_image_id":0,"font":"","enabled":false},"version":2}},"categories":[1],"tags":[11011,41572,522,1525,15278,7479,13467,56571,36790,1583,6245,11589,11645,3264],"class_list":["post-223762","post","type-post","status-publish","format-standard","has-post-thumbnail","hentry","category-genel","tag-hangi","tag-bolgedeki","tag-devam","tag-din","tag-edecektir","tag-etnik","tag-insanlarin","tag-kokende","tag-msb","tag-olmaya","tag-olsun","tag-olursa","tag-tsk","tag-yaninda"],"jetpack_publicize_connections":[],"jetpack_featured_media_url":"https:\/\/i0.wp.com\/www.tvturk.com\/wp-content\/uploads\/2019\/11\/msb-tsk-bolgedeki-insanlarin-hangi-din-ve-etnik-kokende-olursa-olsun-yaninda-olmaya-devam-edecektir_7353b79.jpg?fit=900%2C600","jetpack_sharing_enabled":true,"jetpack_shortlink":"https:\/\/wp.me\/paKIfm-Wd4","_links":{"self":[{"href":"http:\/\/www.tvturk.com\/index.php\/wp-json\/wp\/v2\/posts\/223762","targetHints":{"allow":["GET"]}}],"collection":[{"href":"http:\/\/www.tvturk.com\/index.php\/wp-json\/wp\/v2\/posts"}],"about":[{"href":"http:\/\/www.tvturk.com\/index.php\/wp-json\/wp\/v2\/types\/post"}],"author":[{"embeddable":true,"href":"http:\/\/www.tvturk.com\/index.php\/wp-json\/wp\/v2\/users\/1"}],"replies":[{"embeddable":true,"href":"http:\/\/www.tvturk.com\/index.php\/wp-json\/wp\/v2\/comments?post=223762"}],"version-history":[{"count":0,"href":"http:\/\/www.tvturk.com\/index.php\/wp-json\/wp\/v2\/posts\/223762\/revisions"}],"wp:featuredmedia":[{"embeddable":true,"href":"http:\/\/www.tvturk.com\/index.php\/wp-json\/wp\/v2\/media\/223763"}],"wp:attachment":[{"href":"http:\/\/www.tvturk.com\/index.php\/wp-json\/wp\/v2\/media?parent=223762"}],"wp:term":[{"taxonomy":"category","embeddable":true,"href":"http:\/\/www.tvturk.com\/index.php\/wp-json\/wp\/v2\/categories?post=223762"},{"taxonomy":"post_tag","embeddable":true,"href":"http:\/\/www.tvturk.com\/index.php\/wp-json\/wp\/v2\/tags?post=223762"}],"curies":[{"name":"wp","href":"https:\/\/api.w.org\/{rel}","templated":true}]}}