{"id":223814,"date":"2019-11-04T18:03:04","date_gmt":"2019-11-04T15:03:04","guid":{"rendered":"http:\/\/www.tvturk.com\/index.php\/trabzonspor-krasnodar-maci-hazirliklarina-basladi\/"},"modified":"2019-11-04T18:03:04","modified_gmt":"2019-11-04T15:03:04","slug":"trabzonspor-krasnodar-maci-hazirliklarina-basladi","status":"publish","type":"post","link":"http:\/\/www.tvturk.com\/index.php\/trabzonspor-krasnodar-maci-hazirliklarina-basladi\/","title":{"rendered":"Trabzonspor, Krasnodar ma\u00e7\u0131 haz\u0131rl\u0131klar\u0131na ba\u015flad\u0131"},"content":{"rendered":"<p>UEFA Avrupa Ligi C Grubu 4. haftas\u0131nda deplasmanda Krasnodar ile kar\u015f\u0131la\u015facak olan Trabzonspor bu ma\u00e7\u0131n haz\u0131rl\u0131klar\u0131na ba\u015flad\u0131.<\/p>\n<p>Mehmet Ali Y\u0131lmaz Tesisleri\u2019nde Teknik Direkt\u00f6r \u00dcnal Karaman y\u00f6netiminde bas\u0131na ve taraftara kapal\u0131 olarak ger\u00e7ekle\u015ftirilen antrenmanda bordo-mavililer toparlanma antrenman\u0131 ger\u00e7ekle\u015ftirdi.<\/p>\n<p>Trabzonspor, Krasnodar ma\u00e7\u0131 haz\u0131rl\u0131klar\u0131n\u0131 yar\u0131n ger\u00e7ekle\u015ftirece\u011fi antrenmanla s\u00fcrd\u00fcrecek.<\/p>\n","protected":false},"excerpt":{"rendered":"<p>UEFA AVRUPA L\u0130G\u0130 C GRUBU 4. HAFTASINDA DEPLASMANDA KRASNODAR \u0130LE KAR\u015eILA\u015eACAK OLAN TRABZONSPOR BU MA\u00c7IN HAZIRLIKLARINA BA\u015eLADI<\/p>\n","protected":false},"author":1,"featured_media":223815,"comment_status":"closed","ping_status":"open","sticky":false,"template":"","format":"standard","meta":{"jetpack_post_was_ever_published":false,"_jetpack_newsletter_access":"","_jetpack_dont_email_post_to_subs":false,"_jetpack_newsletter_tier_id":0,"_jetpack_memberships_contains_paywalled_content":false,"_jetpack_memberships_contains_paid_content":false,"footnotes":"","jetpack_publicize_message":"","jetpack_publicize_feature_enabled":true,"jetpack_social_post_already_shared":true,"jetpack_social_options":{"image_generator_settings":{"template":"highway","default_image_id":0,"font":"","enabled":false},"version":2}},"categories":[657],"tags":[55,778,55477,777,916],"class_list":["post-223814","post","type-post","status-publish","format-standard","has-post-thumbnail","hentry","category-spor","tag-basladi","tag-hazirliklarina","tag-krasnodar","tag-maci","tag-trabzonspor"],"jetpack_publicize_connections":[],"jetpack_featured_media_url":"https:\/\/i0.wp.com\/www.tvturk.com\/wp-content\/uploads\/2019\/11\/trabzonspor-krasnodar-maci-hazirliklarina-basladi_ba6f3de.jpg?fit=1000%2C700","jetpack_sharing_enabled":true,"jetpack_shortlink":"https:\/\/wp.me\/paKIfm-WdU","_links":{"self":[{"href":"http:\/\/www.tvturk.com\/index.php\/wp-json\/wp\/v2\/posts\/223814","targetHints":{"allow":["GET"]}}],"collection":[{"href":"http:\/\/www.tvturk.com\/index.php\/wp-json\/wp\/v2\/posts"}],"about":[{"href":"http:\/\/www.tvturk.com\/index.php\/wp-json\/wp\/v2\/types\/post"}],"author":[{"embeddable":true,"href":"http:\/\/www.tvturk.com\/index.php\/wp-json\/wp\/v2\/users\/1"}],"replies":[{"embeddable":true,"href":"http:\/\/www.tvturk.com\/index.php\/wp-json\/wp\/v2\/comments?post=223814"}],"version-history":[{"count":0,"href":"http:\/\/www.tvturk.com\/index.php\/wp-json\/wp\/v2\/posts\/223814\/revisions"}],"wp:featuredmedia":[{"embeddable":true,"href":"http:\/\/www.tvturk.com\/index.php\/wp-json\/wp\/v2\/media\/223815"}],"wp:attachment":[{"href":"http:\/\/www.tvturk.com\/index.php\/wp-json\/wp\/v2\/media?parent=223814"}],"wp:term":[{"taxonomy":"category","embeddable":true,"href":"http:\/\/www.tvturk.com\/index.php\/wp-json\/wp\/v2\/categories?post=223814"},{"taxonomy":"post_tag","embeddable":true,"href":"http:\/\/www.tvturk.com\/index.php\/wp-json\/wp\/v2\/tags?post=223814"}],"curies":[{"name":"wp","href":"https:\/\/api.w.org\/{rel}","templated":true}]}}